{"id":1134,"date":"2025-11-11T17:43:26","date_gmt":"2025-11-11T16:43:26","guid":{"rendered":"https:\/\/lokalbakis.de\/?p=1134"},"modified":"2025-11-11T17:48:03","modified_gmt":"2025-11-11T16:48:03","slug":"gelsenkirchende-8-kasim-zafer-guenue-coskuyla-kutlandi","status":"publish","type":"post","link":"https:\/\/lokalbakis.de\/?p=1134","title":{"rendered":"Gelsenkirchen\u2019de 8 Kas\u0131m Zafer G\u00fcn\u00fc Co\u015fkuyla Kutland\u0131"},"content":{"rendered":"<p>Almanya\u2019n\u0131n Gelsenkirchen \u015fehrinde, 8 Kas\u0131m Zafer G\u00fcn\u00fc\u2019ne adanm\u0131\u015f kutlama program\u0131 ger\u00e7ekle\u015ftirildi.<\/p>\n<p>Etkinlik, Avrupa Azerbaycan Merkezi ve Azerbaycan\u2013Ukrayna Uluslararas\u0131 K\u00fclt\u00fcr K\u00f6pr\u00fcs\u00fc\u2019n\u00fcn organizasyonu, Almanya Azerbaycanl\u0131lar\u0131 Alyans\u0131\u2019n\u0131n deste\u011fiyle hayata ge\u00e7irildi.<\/p>\n<p>Program, Azerbaycan Devlet Mar\u015f\u0131\u2019n\u0131n seslendirilmesiyle ba\u015flad\u0131. Ard\u0131ndan, vatan u\u011frunda \u015f\u0259hid olanlar\u0131n xatir\u0259si bir dakikal\u0131k sayg\u0131 duru\u015fu il\u0259 yad edildi ve qazilere \u015fifa dilekleri s\u0259sl\u0259ndirildi.<\/p>\n<p>A\u00e7\u0131l\u0131\u015f konu\u015fmas\u0131n\u0131 Avrupa Azerbaycan Merkezi Ba\u015fkan\u0131 ve Almanya Azerbaycanl\u0131lar\u0131 Alyans\u0131 Y\u00f6netim Kurulu \u00dcyesi Zaur Aliyev yapt\u0131.<\/p>\n<p><img loading=\"lazy\" decoding=\"async\" class=\"alignnone wp-image-1135\" src=\"https:\/\/lokalbakis.de\/wp-content\/uploads\/2025\/11\/5d0f1d0b-6f67-4bae-99fe-501a6be94c09-300x169.webp\" alt=\"\" width=\"1267\" height=\"714\" srcset=\"https:\/\/lokalbakis.de\/wp-content\/uploads\/2025\/11\/5d0f1d0b-6f67-4bae-99fe-501a6be94c09-300x169.webp 300w, https:\/\/lokalbakis.de\/wp-content\/uploads\/2025\/11\/5d0f1d0b-6f67-4bae-99fe-501a6be94c09-1024x576.webp 1024w, https:\/\/lokalbakis.de\/wp-content\/uploads\/2025\/11\/5d0f1d0b-6f67-4bae-99fe-501a6be94c09-768x432.webp 768w, https:\/\/lokalbakis.de\/wp-content\/uploads\/2025\/11\/5d0f1d0b-6f67-4bae-99fe-501a6be94c09-1536x864.webp 1536w, https:\/\/lokalbakis.de\/wp-content\/uploads\/2025\/11\/5d0f1d0b-6f67-4bae-99fe-501a6be94c09.webp 1600w\" sizes=\"auto, (max-width: 1267px) 100vw, 1267px\" \/><\/p>\n<p><a class=\"fancybox my-3\" title=\" Zaur Aliyev - G\u00fcnay H\u00fcseynova\" href=\"https:\/\/haberinsaaticom.teimg.com\/haberinsaati-com\/uploads\/2025\/11\/5d0f1d0b-6f67-4bae-99fe-501a6be94c09.jpeg\" target=\"_blank\" rel=\"noopener\"><i class=\"d-block small text-secondary\">Zaur Aliyev &#8211; G\u00fcnay H\u00fcseynova<\/i><\/a><\/p>\n<p>Aliyev, 8 Kas\u0131m\u2019\u0131n adaletin yeniden tesisi, milli birlik ve gelece\u011fe inanc\u0131n simgesi oldu\u011funu vurgulad\u0131. Diaspora gen\u00e7lerinin, do\u011fru bilgil\u0259r\u0259 \u0259saslanan faaliyetl\u0259rinin d\u0259st\u0259kl\u0259nm\u0259sinin davam ed\u0259c\u0259yini qeyd etdi.<\/p>\n<div id=\"ad_121\" class=\"mb-3 text-center\" data-channel=\"121\" data-advert=\"temedya\" data-rotation=\"120\"><\/div>\n<div id=\"ad_121_mobile\" class=\"mb-3 text-center\" data-channel=\"121\" data-advert=\"temedya\" data-rotation=\"120\"><\/div>\n<p>Azerbaycan\u2013Ukrayna Uluslararas\u0131 K\u00fclt\u00fcr K\u00f6pr\u00fcs\u00fc Ba\u015fkan\u0131 G\u00fcnay H\u00fcseynova, farkl\u0131 icmalar aras\u0131nda k\u00fclt\u00fcrel i\u015f birli\u011finin v\u0259 h\u0259mr\u0259yliyin \u00f6nemine dikkat \u00e7ekti.<\/p>\n<p>Diaspora aktivisti Samire Kerimova ise bilgi m\u00fcharib\u0259sind\u0259 d\u0259qiq faktlar\u0131n yay\u0131lmas\u0131n\u0131n \u0259h\u0259miyy\u0259tini vur\u011fulad\u0131.<\/p>\n<p><a class=\"fancybox my-3\" title=\"Samire Kerimova\" href=\"https:\/\/haberinsaaticom.teimg.com\/haberinsaati-com\/uploads\/2025\/11\/eb920ce8-223f-4c1c-9c0b-098a17ce9647.jpeg\" target=\"_blank\" rel=\"noopener\"><img loading=\"lazy\" decoding=\"async\" class=\"detail-photo img-fluid\" src=\"https:\/\/haberinsaaticom.teimg.com\/haberinsaati-com\/uploads\/2025\/11\/eb920ce8-223f-4c1c-9c0b-098a17ce9647.jpeg\" alt=\"Samire Kerimova\" width=\"1600\" height=\"1066\" \/><i class=\"d-block small text-secondary\">Samire Kerimova<\/i><\/a><\/p>\n<p>Etkinlikte i\u015ftirak\u00e7\u0131lar aras\u0131nda k\u0131sa sual-cevap b\u00f6l\u00fcm\u00fc ge\u00e7irildi v\u0259 do\u011fru cevap verenlere simgesel hediyeler takdim edildi. Pro\u011fram, s\u0259mimi v\u0259 ailevi atmosferd\u0259 foto v\u0259 video \u00e7ekiml\u0259ri ile sona erdi.<\/p>\n<p><a class=\"fancybox my-3\" title=\"Almanya\u2019da 8 Kas\u0131m Zafer g\u00fcn\u00fc kutlamas\u0131 \" href=\"https:\/\/haberinsaaticom.teimg.com\/haberinsaati-com\/uploads\/2025\/11\/9ebb15df-6c1c-4d80-8e12-1a5efb1f31c6.jpeg\" target=\"_blank\" rel=\"noopener\"><img loading=\"lazy\" decoding=\"async\" class=\"detail-photo img-fluid\" src=\"https:\/\/haberinsaaticom.teimg.com\/haberinsaati-com\/uploads\/2025\/11\/9ebb15df-6c1c-4d80-8e12-1a5efb1f31c6.jpeg\" alt=\"Almanya\u2019da 8 Kas\u0131m Zafer g\u00fcn\u00fc kutlamas\u0131 \" width=\"1600\" height=\"900\" \/><i class=\"d-block small text-secondary\">Almanya\u2019da 8 Kas\u0131m Zafer g\u00fcn\u00fc kutlamas\u0131 <\/i><\/a><\/p>\n<p>&nbsp;<\/p>\n<p>&nbsp;<\/p>\n<div class=\"article-source py-3 small \"><\/div>\n","protected":false},"excerpt":{"rendered":"<p>Almanya\u2019n\u0131n Gelsenkirchen \u015fehrinde, 8 Kas\u0131m Zafer G\u00fcn\u00fc\u2019ne adanm\u0131\u015f kutlama program\u0131 ger\u00e7ekle\u015ftirildi. Etkinlik, Avrupa Azerbaycan Merkezi ve Azerbaycan\u2013Ukrayna Uluslararas\u0131 K\u00fclt\u00fcr K\u00f6pr\u00fcs\u00fc\u2019n\u00fcn organizasyonu, Almanya Azerbaycanl\u0131lar\u0131 Alyans\u0131\u2019n\u0131n deste\u011fiyle hayata ge\u00e7irildi. Program, Azerbaycan Devlet Mar\u015f\u0131\u2019n\u0131n seslendirilmesiyle ba\u015flad\u0131. Ard\u0131ndan, vatan u\u011frunda \u015f\u0259hid olanlar\u0131n xatir\u0259si bir dakikal\u0131k sayg\u0131 duru\u015fu il\u0259 yad edildi ve qazilere \u015fifa dilekleri s\u0259sl\u0259ndirildi. A\u00e7\u0131l\u0131\u015f konu\u015fmas\u0131n\u0131 Avrupa Azerbaycan [&hellip;]<\/p>\n","protected":false},"author":2,"featured_media":1136,"comment_status":"open","ping_status":"open","sticky":false,"template":"","format":"standard","meta":{"_crdt_document":"","_jetpack_memberships_contains_paid_content":false,"footnotes":""},"categories":[7],"tags":[],"class_list":["post-1134","post","type-post","status-publish","format-standard","has-post-thumbnail","hentry","category-guencel"],"jetpack_featured_media_url":"https:\/\/lokalbakis.de\/wp-content\/uploads\/2025\/11\/e7f769fa-f5c1-484b-9c80-2b1eb7990f87.webp","jetpack_sharing_enabled":true,"_links":{"self":[{"href":"https:\/\/lokalbakis.de\/index.php?rest_route=\/wp\/v2\/posts\/1134","targetHints":{"allow":["GET"]}}],"collection":[{"href":"https:\/\/lokalbakis.de\/index.php?rest_route=\/wp\/v2\/posts"}],"about":[{"href":"https:\/\/lokalbakis.de\/index.php?rest_route=\/wp\/v2\/types\/post"}],"author":[{"embeddable":true,"href":"https:\/\/lokalbakis.de\/index.php?rest_route=\/wp\/v2\/users\/2"}],"replies":[{"embeddable":true,"href":"https:\/\/lokalbakis.de\/index.php?rest_route=%2Fwp%2Fv2%2Fcomments&post=1134"}],"version-history":[{"count":1,"href":"https:\/\/lokalbakis.de\/index.php?rest_route=\/wp\/v2\/posts\/1134\/revisions"}],"predecessor-version":[{"id":1137,"href":"https:\/\/lokalbakis.de\/index.php?rest_route=\/wp\/v2\/posts\/1134\/revisions\/1137"}],"wp:featuredmedia":[{"embeddable":true,"href":"https:\/\/lokalbakis.de\/index.php?rest_route=\/wp\/v2\/media\/1136"}],"wp:attachment":[{"href":"https:\/\/lokalbakis.de\/index.php?rest_route=%2Fwp%2Fv2%2Fmedia&parent=1134"}],"wp:term":[{"taxonomy":"category","embeddable":true,"href":"https:\/\/lokalbakis.de\/index.php?rest_route=%2Fwp%2Fv2%2Fcategories&post=1134"},{"taxonomy":"post_tag","embeddable":true,"href":"https:\/\/lokalbakis.de\/index.php?rest_route=%2Fwp%2Fv2%2Ftags&post=1134"}],"curies":[{"name":"wp","href":"https:\/\/api.w.org\/{rel}","templated":true}]}}