{"id":1141,"date":"2025-11-11T17:58:35","date_gmt":"2025-11-11T16:58:35","guid":{"rendered":"https:\/\/lokalbakis.de\/?p=1141"},"modified":"2025-11-11T18:02:51","modified_gmt":"2025-11-11T17:02:51","slug":"dr-ebru-yildiza-almanyadan-bueyuek-onur-yilin-doktoru-oedueluene-layik-goerueldue","status":"publish","type":"post","link":"https:\/\/lokalbakis.de\/?p=1141","title":{"rendered":"Dr. Ebru Y\u0131ld\u0131z\u2019a Almanya\u2019dan B\u00fcy\u00fck Onur: \u201cY\u0131l\u0131n Doktoru\u201d \u00d6d\u00fcl\u00fcne Lay\u0131k G\u00f6r\u00fcld\u00fc"},"content":{"rendered":"<div class=\"flex max-w-full flex-col grow\">\n<div class=\"min-h-8 text-message relative flex w-full flex-col items-end gap-2 text-start break-words whitespace-normal [.text-message+&amp;]:mt-1\" dir=\"auto\" data-message-author-role=\"assistant\" data-message-id=\"fe14a96a-cba5-4f01-bf0c-e80d3663e83e\" data-message-model-slug=\"gpt-5\">\n<div class=\"flex w-full flex-col gap-1 empty:hidden first:pt-[1px]\">\n<div class=\"markdown prose dark:prose-invert w-full break-words light markdown-new-styling\">\n<p data-start=\"87\" data-end=\"506\"><strong data-start=\"87\" data-end=\"96\">Essen<\/strong> \u2013 Almanya\u2019da g\u00f6rev yapan ba\u015far\u0131l\u0131 hekim <strong data-start=\"137\" data-end=\"156\">Dr. Ebru Y\u0131ld\u0131z<\/strong>, \u00fclkenin en sayg\u0131n t\u0131p \u00f6d\u00fcllerinden biri olan <strong data-start=\"203\" data-end=\"247\">\u201cY\u0131l\u0131n Doktoru (Medizinerin des Jahres)\u201d<\/strong> unvan\u0131na lay\u0131k g\u00f6r\u00fcld\u00fc. Essen \u00dcniversitesi Organ Nakli Merkezi\u2019nin genel m\u00fcd\u00fcr\u00fc olarak g\u00f6rev yapan Dr. Y\u0131ld\u0131z, t\u0131p alan\u0131ndaki \u00fcst\u00fcn ba\u015far\u0131lar\u0131, insan odakl\u0131 yakla\u015f\u0131m\u0131 ve sa\u011fl\u0131kta \u00e7e\u015fitlilik konusundaki duyarl\u0131l\u0131\u011f\u0131 nedeniyle bu \u00f6nemli \u00f6d\u00fcle de\u011fer g\u00f6r\u00fcld\u00fc.<\/p>\n<p data-start=\"87\" data-end=\"506\"><img loading=\"lazy\" decoding=\"async\" class=\"alignnone wp-image-1145\" src=\"https:\/\/lokalbakis.de\/wp-content\/uploads\/2025\/11\/i-m-g-9002-300x169.webp\" alt=\"\" width=\"1269\" height=\"715\" srcset=\"https:\/\/lokalbakis.de\/wp-content\/uploads\/2025\/11\/i-m-g-9002-300x169.webp 300w, https:\/\/lokalbakis.de\/wp-content\/uploads\/2025\/11\/i-m-g-9002-1024x576.webp 1024w, https:\/\/lokalbakis.de\/wp-content\/uploads\/2025\/11\/i-m-g-9002-768x432.webp 768w, https:\/\/lokalbakis.de\/wp-content\/uploads\/2025\/11\/i-m-g-9002.webp 1280w\" sizes=\"auto, (max-width: 1269px) 100vw, 1269px\" \/><\/p>\n<h3 data-start=\"508\" data-end=\"575\">\u201cBu \u00f6d\u00fcl sadece bir unvan de\u011fil, ayn\u0131 zamanda bir sorumluluk\u201d<\/h3>\n<p data-start=\"577\" data-end=\"691\">Dr. Y\u0131ld\u0131z, \u00f6d\u00fcl t\u00f6reninin ard\u0131ndan duygular\u0131n\u0131 sosyal medya hesab\u0131 \u00fczerinden payla\u015ft\u0131 ve \u015fu ifadeleri kulland\u0131:\u201cBir hayalle ba\u015flad\u0131 ama her \u015feyden \u00f6nce bir\u00e7ok \u015f\u00fcpheyle\u2026<br data-start=\"752\" data-end=\"755\" \/>\u0130\u015f\u00e7i bir ailenin k\u0131z\u0131 olarak ailemde lise diplomas\u0131 alan ilk ki\u015fi bendim; t\u0131p alan\u0131na giden yol elbette kolay de\u011fildi. Geceleri ger\u00e7ekten yapabilir miyim diye d\u00fc\u015f\u00fcnd\u00fc\u011f\u00fcm zamanlar\u0131 hat\u0131rl\u0131yorum. Hem\u015firelikte ba\u015flad\u0131m ve sa\u011fl\u0131k alan\u0131nda insanl\u0131\u011f\u0131n ve \u00e7e\u015fitlili\u011fin ne kadar \u00f6nemli oldu\u011funu \u00f6\u011frendim \u2013 bug\u00fcn h\u00e2l\u00e2 savundu\u011fum iki temel de\u011fer.<\/p>\n<p data-start=\"1110\" data-end=\"1315\">Ve \u015fimdi \u2018Y\u0131l\u0131n Doktoru\u2019 se\u00e7ildim \u2013 bunu asla hayal edemezdim. Bu \u00f6d\u00fcl benim i\u00e7in bir unvandan \u00e7ok daha fazlas\u0131. \u0130nsanl\u0131k, \u00e7e\u015fitlilik ve de\u011fi\u015fim i\u00e7in verilen eme\u011fin de\u011ferli oldu\u011funun bir g\u00f6stergesi.\u201d<\/p>\n<div id=\"attachment_1142\" style=\"width: 1241px\" class=\"wp-caption alignnone\"><img loading=\"lazy\" decoding=\"async\" aria-describedby=\"caption-attachment-1142\" class=\"wp-image-1142\" src=\"https:\/\/lokalbakis.de\/wp-content\/uploads\/2025\/11\/WhatsApp-Image-2025-11-11-at-16.49.52-300x225.jpeg\" alt=\"LokalBak\u0131\u015f Yay\u0131n Y\u00f6netmeni Mustafa G\u00fcle\u00e7, Dr. Ebru Y\u0131ld\u0131z ile bir t\u0131p kongresinde sohbet ederken (Ar\u015fiv).\" width=\"1231\" height=\"923\" srcset=\"https:\/\/lokalbakis.de\/wp-content\/uploads\/2025\/11\/WhatsApp-Image-2025-11-11-at-16.49.52-300x225.jpeg 300w, https:\/\/lokalbakis.de\/wp-content\/uploads\/2025\/11\/WhatsApp-Image-2025-11-11-at-16.49.52-1024x768.jpeg 1024w, https:\/\/lokalbakis.de\/wp-content\/uploads\/2025\/11\/WhatsApp-Image-2025-11-11-at-16.49.52-768x576.jpeg 768w, https:\/\/lokalbakis.de\/wp-content\/uploads\/2025\/11\/WhatsApp-Image-2025-11-11-at-16.49.52-1536x1152.jpeg 1536w, https:\/\/lokalbakis.de\/wp-content\/uploads\/2025\/11\/WhatsApp-Image-2025-11-11-at-16.49.52.jpeg 2048w\" sizes=\"auto, (max-width: 1231px) 100vw, 1231px\" \/><p id=\"caption-attachment-1142\" class=\"wp-caption-text\">LokalBak\u0131\u015f Yay\u0131n Y\u00f6netmeni Mustafa G\u00fcle\u00e7, Dr. Ebru Y\u0131ld\u0131z ile bir t\u0131p kongresinde sohbet ederken (Ar\u015fiv).<\/p><\/div>\n<h3 data-start=\"1317\" data-end=\"1350\">\u201cBu \u00f6d\u00fcl t\u00fcm hastalar i\u00e7in\u201d<\/h3>\n<p data-start=\"1352\" data-end=\"1472\">Dr. Y\u0131ld\u0131z, konu\u015fmas\u0131nda \u00f6zellikle <strong data-start=\"1387\" data-end=\"1421\">organ nakli bekleyen hastalara<\/strong> dikkat \u00e7ekti ve mesaj\u0131na \u015fu s\u00f6zlerle devam etti:\u201cOrgan bekleyen hastalar\u0131 s\u0131k s\u0131k d\u00fc\u015f\u00fcn\u00fcr\u00fcm. Kararlar\u0131yla umut olan aileleri ve \u00e7ok sesli, insanc\u0131l bir sa\u011fl\u0131k sistemine inanan herkesi\u2026 Bu \u00f6d\u00fcl benim i\u00e7in sadece bir takdir de\u011fil, ayn\u0131 zamanda b\u00fcy\u00fck bir sorumluluk. \u0130kinci bir ya\u015fam umuduyla bekleyen hastalar, sa\u011fl\u0131k sisteminde s\u0131kl\u0131kla g\u00f6rmezden gelinen insanlar ve \u00f6zellikle de kad\u0131nlar i\u00e7in m\u00fccadeleye devam etmem gerekti\u011fini biliyorum.<\/p>\n<p data-start=\"1883\" data-end=\"2037\">\u00c7\u00fcnk\u00fc de\u011fi\u015fim, \u00e7e\u015fitlilik ve yenilik ancak birlikte m\u00fcmk\u00fcnd\u00fcr. Gelin, hep birlikte daha insani ve daha kapsay\u0131c\u0131 bir sa\u011fl\u0131k sistemi i\u00e7in y\u00fcr\u00fcyelim.\u201d<\/p>\n<p data-start=\"1883\" data-end=\"2037\"><img loading=\"lazy\" decoding=\"async\" class=\"alignnone wp-image-1143\" src=\"https:\/\/lokalbakis.de\/wp-content\/uploads\/2025\/11\/i-m-g-9006-282x300.webp\" alt=\"\" width=\"1227\" height=\"1305\" srcset=\"https:\/\/lokalbakis.de\/wp-content\/uploads\/2025\/11\/i-m-g-9006-282x300.webp 282w, https:\/\/lokalbakis.de\/wp-content\/uploads\/2025\/11\/i-m-g-9006-964x1024.webp 964w, https:\/\/lokalbakis.de\/wp-content\/uploads\/2025\/11\/i-m-g-9006-768x816.webp 768w, https:\/\/lokalbakis.de\/wp-content\/uploads\/2025\/11\/i-m-g-9006.webp 1290w\" sizes=\"auto, (max-width: 1227px) 100vw, 1227px\" \/><\/p>\n<h3 data-start=\"2039\" data-end=\"2086\">\u0130nsanl\u0131k ve \u00e7e\u015fitlilik i\u00e7in ilham kayna\u011f\u0131<\/h3>\n<p data-start=\"2088\" data-end=\"2335\"><strong data-start=\"2088\" data-end=\"2110\">Dr. Ebru Y\u0131ld\u0131z\u2019\u0131n<\/strong> ba\u015far\u0131s\u0131, yaln\u0131zca t\u0131p d\u00fcnyas\u0131nda de\u011fil, toplum genelinde de b\u00fcy\u00fck yank\u0131 uyand\u0131rd\u0131. O, <strong data-start=\"2198\" data-end=\"2232\">empati, \u00e7e\u015fitlilik ve insanl\u0131k<\/strong> kavramlar\u0131n\u0131 \u00f6n plana \u00e7\u0131karan yakla\u015f\u0131m\u0131yla hem meslekta\u015flar\u0131na hem de gen\u00e7 doktorlara ilham veriyor. Dr. Y\u0131ld\u0131z, sa\u011fl\u0131kta m\u00fckemmeliyet ile toplumsal sorumlulu\u011fun bir arada var olabilece\u011fini g\u00f6stererek, cesaretin, \u00e7e\u015fitlili\u011fin ve insanl\u0131\u011f\u0131n modern sa\u011fl\u0131k sisteminin temel ta\u015flar\u0131 oldu\u011funu bir kez daha kan\u0131tlad\u0131.<\/p>\n<\/div>\n<\/div>\n<\/div>\n<\/div>\n<div class=\"z-0 flex min-h-[46px] justify-start\"><\/div>\n","protected":false},"excerpt":{"rendered":"<p>Essen \u2013 Almanya\u2019da g\u00f6rev yapan ba\u015far\u0131l\u0131 hekim Dr. Ebru Y\u0131ld\u0131z, \u00fclkenin en sayg\u0131n t\u0131p \u00f6d\u00fcllerinden biri olan \u201cY\u0131l\u0131n Doktoru (Medizinerin des Jahres)\u201d unvan\u0131na lay\u0131k g\u00f6r\u00fcld\u00fc. Essen \u00dcniversitesi Organ Nakli Merkezi\u2019nin genel m\u00fcd\u00fcr\u00fc olarak g\u00f6rev yapan Dr. Y\u0131ld\u0131z, t\u0131p alan\u0131ndaki \u00fcst\u00fcn ba\u015far\u0131lar\u0131, insan odakl\u0131 yakla\u015f\u0131m\u0131 ve sa\u011fl\u0131kta \u00e7e\u015fitlilik konusundaki duyarl\u0131l\u0131\u011f\u0131 nedeniyle bu \u00f6nemli \u00f6d\u00fcle de\u011fer g\u00f6r\u00fcld\u00fc. [&hellip;]<\/p>\n","protected":false},"author":2,"featured_media":1144,"comment_status":"open","ping_status":"open","sticky":false,"template":"","format":"standard","meta":{"_crdt_document":"","_jetpack_memberships_contains_paid_content":false,"footnotes":""},"categories":[15],"tags":[],"class_list":["post-1141","post","type-post","status-publish","format-standard","has-post-thumbnail","hentry","category-saglik"],"jetpack_featured_media_url":"https:\/\/lokalbakis.de\/wp-content\/uploads\/2025\/11\/i-m-g-9005.webp","jetpack_sharing_enabled":true,"_links":{"self":[{"href":"https:\/\/lokalbakis.de\/index.php?rest_route=\/wp\/v2\/posts\/1141","targetHints":{"allow":["GET"]}}],"collection":[{"href":"https:\/\/lokalbakis.de\/index.php?rest_route=\/wp\/v2\/posts"}],"about":[{"href":"https:\/\/lokalbakis.de\/index.php?rest_route=\/wp\/v2\/types\/post"}],"author":[{"embeddable":true,"href":"https:\/\/lokalbakis.de\/index.php?rest_route=\/wp\/v2\/users\/2"}],"replies":[{"embeddable":true,"href":"https:\/\/lokalbakis.de\/index.php?rest_route=%2Fwp%2Fv2%2Fcomments&post=1141"}],"version-history":[{"count":4,"href":"https:\/\/lokalbakis.de\/index.php?rest_route=\/wp\/v2\/posts\/1141\/revisions"}],"predecessor-version":[{"id":1149,"href":"https:\/\/lokalbakis.de\/index.php?rest_route=\/wp\/v2\/posts\/1141\/revisions\/1149"}],"wp:featuredmedia":[{"embeddable":true,"href":"https:\/\/lokalbakis.de\/index.php?rest_route=\/wp\/v2\/media\/1144"}],"wp:attachment":[{"href":"https:\/\/lokalbakis.de\/index.php?rest_route=%2Fwp%2Fv2%2Fmedia&parent=1141"}],"wp:term":[{"taxonomy":"category","embeddable":true,"href":"https:\/\/lokalbakis.de\/index.php?rest_route=%2Fwp%2Fv2%2Fcategories&post=1141"},{"taxonomy":"post_tag","embeddable":true,"href":"https:\/\/lokalbakis.de\/index.php?rest_route=%2Fwp%2Fv2%2Ftags&post=1141"}],"curies":[{"name":"wp","href":"https:\/\/api.w.org\/{rel}","templated":true}]}}