{"id":1150,"date":"2025-11-14T21:06:58","date_gmt":"2025-11-14T20:06:58","guid":{"rendered":"https:\/\/lokalbakis.de\/?p=1150"},"modified":"2025-11-14T21:07:45","modified_gmt":"2025-11-14T20:07:45","slug":"ases-ve-almanya-kirim-tatar-birliginden-dortmundda-goerkemli-acilis","status":"publish","type":"post","link":"https:\/\/lokalbakis.de\/?p=1150","title":{"rendered":"ASES ve Almanya K\u0131r\u0131m Tatar Birli\u011fi\u2019nden Dortmund\u2019da G\u00f6rkemli A\u00e7\u0131l\u0131\u015f:"},"content":{"rendered":"<h1 class=\"h2 fw-bold text-lg-start headline my-2\">T\u00fcrk D\u00fcnyas\u0131 Bir Araya Geldi<\/h1>\n<h2 class=\"lead text-lg-start text-dark my-2 description\">ASES ile Almanya K\u0131r\u0131m Tatar Birli\u011fi\u2019nin ortakla\u015fa d\u00fczenledi\u011fi ASES Akademik Kongresi, Almanya\u2019n\u0131n Dortmund kentinde ger\u00e7ekle\u015ftirilen g\u00f6rkemli bir a\u00e7\u0131l\u0131\u015f t\u00f6reniyle yap\u0131ld\u0131.<\/h2>\n<p>Yo\u011fun kat\u0131l\u0131m\u0131n oldu\u011fu a\u00e7\u0131l\u0131\u015f gecesi, \u0130stikl\u00e2l Mar\u015f\u0131\u2019n\u0131n okunmas\u0131 ve G\u00fcrcistan\u2019da d\u00fc\u015fen T\u00fcrk Silahl\u0131 Kuvvetleri\u2019ne ait kargo u\u00e7a\u011f\u0131nda \u015fehit olan askerler i\u00e7in edilen dualarla ba\u015flad\u0131.<\/p>\n<p><a class=\"fancybox my-3\" title=\"\u0130stiklal Mar\u015f\u0131 ve Sayg\u0131 duru\u015fu\" href=\"https:\/\/haberinsaaticom.teimg.com\/haberinsaati-com\/uploads\/2025\/11\/i-m-g-9051.jpeg\" target=\"_blank\" rel=\"noopener\"><img loading=\"lazy\" decoding=\"async\" class=\"detail-photo img-fluid\" src=\"https:\/\/haberinsaaticom.teimg.com\/haberinsaati-com\/uploads\/2025\/11\/i-m-g-9051.jpeg\" alt=\"\u0130stiklal Mar\u015f\u0131 ve Sayg\u0131 duru\u015fu\" width=\"1080\" height=\"810\" \/><i class=\"d-block small text-secondary\">\u0130stiklal Mar\u015f\u0131 ve Sayg\u0131 duru\u015fu<\/i><\/a><\/p>\n<p>Yakla\u015f\u0131k 300 davetlinin yer ald\u0131\u011f\u0131 programa siyaset, b\u00fcrokrasi, akademi, i\u015f d\u00fcnyas\u0131 ve sivil toplum kurulu\u015flar\u0131ndan \u00e7ok say\u0131da isim kat\u0131ld\u0131.<\/p>\n<p><strong>\u00dcst D\u00fczey Kat\u0131l\u0131m Dikkat \u00c7ekti<\/strong><\/p>\n<div id=\"ad_121\" class=\"mb-3 text-center\" data-channel=\"121\" data-advert=\"temedya\" data-rotation=\"120\"><\/div>\n<div id=\"ad_121_mobile\" class=\"mb-3 text-center\" data-channel=\"121\" data-advert=\"temedya\" data-rotation=\"120\"><\/div>\n<p>A\u00e7\u0131l\u0131\u015f t\u00f6renine;<\/p>\n<ul>\n<li>SPD Milletvekili Volkan Baran,<\/li>\n<li>Essen Muavin Ba\u015fkonsolosu Nurullah Ayaz,<\/li>\n<li>TC Essen E\u011fitim Ate\u015fesi Sabri Yolcu,<\/li>\n<li>Din ate\u015feleri, UID Genel Merkez y\u00f6neticileri, federasyon temsilcileri,<\/li>\n<li>AT\u0130K Essen Ba\u015fkan\u0131 G\u00f6ksel Can ve y\u00f6netimi,<\/li>\n<li>Beyazay Almanya, DMW Almanya Temsilcili\u011fi,<\/li>\n<li>Avrupa Azerbaycanl\u0131lar Diaspora Ba\u015fkan\u0131 Zaur Aliyev,<\/li>\n<li>Ruhr Veliler Birli\u011fi Ba\u015fkan\u0131 Dr. Ali Sak,<\/li>\n<li>Avrupa Yazarlar Platformu ve \u00e7ok say\u0131da dernek ile STK temsilcileri kat\u0131ld\u0131.<\/li>\n<\/ul>\n<p>Organizasyon, kat\u0131l\u0131mc\u0131lar taraf\u0131ndan b\u00fcy\u00fck memnuniyetle kar\u015f\u0131land\u0131 ve devam\u0131n\u0131n yap\u0131lmas\u0131 y\u00f6n\u00fcnde yo\u011fun talep ald\u0131.<\/p>\n<p><strong>\u201cT\u00fcrk D\u00fcnyas\u0131 \u0130\u00e7in Dil Birli\u011fi \u00d6nemli\u201d<\/strong><\/p>\n<p>A\u00e7\u0131l\u0131\u015f konu\u015fmas\u0131n\u0131 yapan Almanya K\u0131r\u0131m Tatar Birli\u011fi Ba\u015fkan\u0131 Mehmet Akyel, kongrenin T\u00fcrk D\u00fcnyas\u0131 i\u00e7in ta\u015f\u0131d\u0131\u011f\u0131 \u00f6neme vurgu yaparak,<\/p>\n<p>\u201cT\u00fcrk dilinin gelece\u011fi i\u00e7in \u00e7al\u0131\u015f\u0131yoruz. ASES\u2019e ve destek veren t\u00fcm kurumlara te\u015fekk\u00fcr ediyorum.\u201d ifadelerini kulland\u0131.<\/p>\n<p><a class=\"fancybox my-3\" title=\"Almanya K\u0131r\u0131m Tatarlar\u0131 Birli\u011fi Ba\u015fkan\u0131 Mehmet Akyel\" href=\"https:\/\/haberinsaaticom.teimg.com\/haberinsaati-com\/uploads\/2025\/11\/66d30cea-dfa1-448e-bb0f-0cf560b04b96.jpeg\" target=\"_blank\" rel=\"noopener\"><img loading=\"lazy\" decoding=\"async\" class=\"detail-photo img-fluid\" src=\"https:\/\/haberinsaaticom.teimg.com\/haberinsaati-com\/uploads\/2025\/11\/66d30cea-dfa1-448e-bb0f-0cf560b04b96.jpeg\" alt=\"Almanya K\u0131r\u0131m Tatarlar\u0131 Birli\u011fi Ba\u015fkan\u0131 Mehmet Akyel\" width=\"1080\" height=\"718\" \/><i class=\"d-block small text-secondary\">Almanya K\u0131r\u0131m Tatarlar\u0131 Birli\u011fi Ba\u015fkan\u0131 Mehmet Akyel<\/i><\/a><\/p>\n<p>&nbsp;<\/p>\n<div class=\"card border-0 rounded-0 mb-3\">\n<div class=\"article-text container-padding\" data-text-id=\"251605\">\n<p><strong>\u201cKongre Almanya\u2019da Her Y\u0131l Devam Edecek\u201d<\/strong><\/p>\n<p>ASES Koordinat\u00f6r\u00fc Ali S\u00f6ylemez, haz\u0131rl\u0131k s\u00fcrecinde emek veren t\u00fcm payda\u015flara te\u015fekk\u00fcr ederken,<\/p>\n<p><a class=\"fancybox my-3\" title=\"ASES Koordinat\u00f6r\u00fc Ali S\u00f6ylemez\" href=\"https:\/\/haberinsaaticom.teimg.com\/haberinsaati-com\/uploads\/2025\/11\/b4b92455-398f-413b-8216-840f5b861dad.jpeg\" target=\"_blank\" rel=\"noopener\"><img loading=\"lazy\" decoding=\"async\" class=\"detail-photo img-fluid\" src=\"https:\/\/haberinsaaticom.teimg.com\/haberinsaati-com\/uploads\/2025\/11\/b4b92455-398f-413b-8216-840f5b861dad.jpeg\" alt=\"ASES Koordinat\u00f6r\u00fc Ali S\u00f6ylemez\" width=\"1080\" height=\"718\" \/><i class=\"d-block small text-secondary\">ASES Koordinat\u00f6r\u00fc Ali S\u00f6ylemez<\/i><\/a><\/p>\n<p>ASES Kongre D\u00fczenleme Kurulu Ba\u015fkan\u0131 Do\u00e7. Dr. Lokman Zor, kongrenin Almanya\u2019da gelecek y\u0131llarda da devam edece\u011fini belirtti.<\/p>\n<p><a class=\"fancybox my-3\" title=\"ASES Kongre D\u00fczenleme Kurulu Ba\u015fkan\u0131 Do\u00e7. Dr. Lokman Zor,\" href=\"https:\/\/haberinsaaticom.teimg.com\/haberinsaati-com\/uploads\/2025\/11\/9ff7b951-700a-4591-a58c-cf929e8e7cd5.jpeg\" target=\"_blank\" rel=\"noopener\"><img loading=\"lazy\" decoding=\"async\" class=\"detail-photo img-fluid\" src=\"https:\/\/haberinsaaticom.teimg.com\/haberinsaati-com\/uploads\/2025\/11\/9ff7b951-700a-4591-a58c-cf929e8e7cd5.jpeg\" alt=\"ASES Kongre D\u00fczenleme Kurulu Ba\u015fkan\u0131 Do\u00e7. Dr. Lokman Zor,\" width=\"1080\" height=\"718\" \/><i class=\"d-block small text-secondary\"><\/i><\/a><\/p>\n<p><a class=\"fancybox my-3\" title=\"ASES Kongre D\u00fczenleme Kurulu Ba\u015fkan\u0131 Do\u00e7. Dr. Lokman Zor,\" href=\"https:\/\/haberinsaaticom.teimg.com\/haberinsaati-com\/uploads\/2025\/11\/9ff7b951-700a-4591-a58c-cf929e8e7cd5.jpeg\" target=\"_blank\" rel=\"noopener\"><i class=\"d-block small text-secondary\">ASES Kongre D\u00fczenleme Kurulu Ba\u015fkan\u0131 Do\u00e7. Dr. Lokman Zor,<\/i><\/a><\/p>\n<p>E\u011fitim Ata\u015fesi Sabri Yolcu: \u201cEn De\u011ferli Yat\u0131r\u0131m \u0130nsana Yap\u0131land\u0131r\u201d<\/p>\n<p>TC Essen E\u011fitim Ate\u015fesi Sabri Yolcu, e\u011fitimin gelece\u011fe b\u0131rak\u0131labilecek en b\u00fcy\u00fck yat\u0131r\u0131m oldu\u011funu ifade ederek:<\/p>\n<p>\u201cB\u00f6ylesi \u00f6nemli bir kongrenin Dortmund\u2019da yap\u0131lmas\u0131 bizlere ayr\u0131 bir mutluluk verdi. Bundan sonraki \u00e7al\u0131\u015fmalara da destek olaca\u011f\u0131z.\u201d dedi.<\/p>\n<p><a class=\"fancybox my-3\" title=\"TC Essen E\u011fitim Ate\u015fesi Sabri Yolcu\" href=\"https:\/\/haberinsaaticom.teimg.com\/haberinsaati-com\/uploads\/2025\/11\/i-m-g-9111.jpeg\" target=\"_blank\" rel=\"noopener\"><img loading=\"lazy\" decoding=\"async\" class=\"detail-photo img-fluid\" src=\"https:\/\/haberinsaaticom.teimg.com\/haberinsaati-com\/uploads\/2025\/11\/i-m-g-9111.jpeg\" alt=\"TC Essen E\u011fitim Ate\u015fesi Sabri Yolcu\" width=\"1600\" height=\"900\" \/><i class=\"d-block small text-secondary\">TC Essen E\u011fitim Ate\u015fesi Sabri Yolcu<\/i><\/a><\/p>\n<p>Muavin Konsolos Ayaz: \u201cBu Birliktelik De\u011ferlidir\u201d<\/p>\n<p>Essen Ba\u015fkonsoloslu\u011fu Muavin Konsolosu Nurullah Ayaz, Ba\u015fkonsolos Taylan \u00d6zg\u00fcr Ayd\u0131n\u2019\u0131n selam\u0131n\u0131 ileterek,<\/p>\n<p>\u201cBu kongre farkl\u0131 \u00fclkelerden insanlar\u0131 bir araya getiren \u00f6nemli bir bulu\u015fmad\u0131r.\u201d a\u00e7\u0131klamas\u0131nda bulundu.<\/p>\n<p><a class=\"fancybox my-3\" title=\"Essen Ba\u015fkonsoloslu\u011fu Muavin Konsolosu Nurullah Ayaz\" href=\"https:\/\/haberinsaaticom.teimg.com\/haberinsaati-com\/uploads\/2025\/11\/i-m-g-9110.jpeg\" target=\"_blank\" rel=\"noopener\"><img loading=\"lazy\" decoding=\"async\" class=\"detail-photo img-fluid\" src=\"https:\/\/haberinsaaticom.teimg.com\/haberinsaati-com\/uploads\/2025\/11\/i-m-g-9110.jpeg\" alt=\"Essen Ba\u015fkonsoloslu\u011fu Muavin Konsolosu Nurullah Ayaz\" width=\"1600\" height=\"900\" \/><i class=\"d-block small text-secondary\">Essen Ba\u015fkonsoloslu\u011fu Muavin Konsolosu Nurullah Ayaz<\/i><\/a><\/p>\n<p><strong>Volkan Baran: \u201cBiz Bu Sofran\u0131n Ev Sahibiyiz\u201d<\/strong><\/p>\n<p>Geceye damga vuran konu\u015fmalardan biri SPD Milletvekili Volkan Baran\u2019a ait oldu.<\/p>\n<p>Almanya do\u011fumlu bir milletvekili olarak iki \u00fclke aras\u0131nda k\u00f6pr\u00fc olduklar\u0131n\u0131 belirten Baran, \u015fu s\u00f6zlerle b\u00fcy\u00fck alk\u0131\u015f ald\u0131:<\/p>\n<p>\u201cT\u00fcrkiye bizim ana vatan\u0131m\u0131z, Almanya ise baba vatan\u0131m\u0131zd\u0131r. 65 y\u0131l sonra art\u0131k misafir de\u011filiz, bu sofran\u0131n ev sahibiyiz.<\/p>\n<p>Mecliste Gagavuzlar\u2019dan Do\u011fu T\u00fcrkistan\u2019a, Uygurlardan Suriye\u2019deki katliamlara kadar t\u00fcm zul\u00fcmleri \u00e7ekinmeden dile getiriyoruz.\u201d<\/p>\n<p><a class=\"fancybox my-3\" title=\"SPD Milletvekili Volkan Baran\" href=\"https:\/\/haberinsaaticom.teimg.com\/haberinsaati-com\/uploads\/2025\/11\/af509dca-1ab9-4730-9e75-2455358b7c63.jpeg\" target=\"_blank\" rel=\"noopener\"><img loading=\"lazy\" decoding=\"async\" class=\"detail-photo img-fluid\" src=\"https:\/\/haberinsaaticom.teimg.com\/haberinsaati-com\/uploads\/2025\/11\/af509dca-1ab9-4730-9e75-2455358b7c63.jpeg\" alt=\"SPD Milletvekili Volkan Baran\" width=\"1080\" height=\"718\" \/><i class=\"d-block small text-secondary\"><\/i><\/a><\/p>\n<p><a class=\"fancybox my-3\" title=\"SPD Milletvekili Volkan Baran\" href=\"https:\/\/haberinsaaticom.teimg.com\/haberinsaati-com\/uploads\/2025\/11\/af509dca-1ab9-4730-9e75-2455358b7c63.jpeg\" target=\"_blank\" rel=\"noopener\"><i class=\"d-block small text-secondary\">SPD Milletvekili Volkan Baran<\/i><\/a><\/p>\n<p><strong>Sanat ve K\u00fclt\u00fcr \u015e\u00f6leni<\/strong><\/p>\n<p>Konu\u015fmalar\u0131n ard\u0131ndan program k\u00fclt\u00fcrel g\u00f6sterilerle devam etti:<\/p>\n<ul>\n<li>THM K\u00f6ln G\u00f6n\u00fcll\u00fcler Korosu, yedi b\u00f6lgeden yedi eser seslendirdi.<\/li>\n<li>Ay\u015fe \u0130bragimova, K\u0131r\u0131m Tatar danslar\u0131yla izleyenleri b\u00fcy\u00fcledi.<\/li>\n<li>Semazen g\u00f6sterileri ve Zeybek oyunlar\u0131 geceye damgas\u0131n\u0131 vurdu.<\/li>\n<li><a class=\"fancybox my-3\" title=\"THM K\u00f6ln G\u00f6n\u00fcll\u00fcler Korosu\" href=\"https:\/\/haberinsaaticom.teimg.com\/haberinsaati-com\/uploads\/2025\/11\/aa1b8c89-d862-468a-bcf9-f7a7ba538e36.jpeg\" target=\"_blank\" rel=\"noopener\"><img loading=\"lazy\" decoding=\"async\" class=\"detail-photo img-fluid\" src=\"https:\/\/haberinsaaticom.teimg.com\/haberinsaati-com\/uploads\/2025\/11\/aa1b8c89-d862-468a-bcf9-f7a7ba538e36.jpeg\" alt=\"THM K\u00f6ln G\u00f6n\u00fcll\u00fcler Korosu\" width=\"2048\" height=\"1362\" \/><i class=\"d-block small text-secondary\">THM K\u00f6ln G\u00f6n\u00fcll\u00fcler Korosu<\/i><\/a><\/li>\n<\/ul>\n<p><a class=\"fancybox my-3\" title=\"Osmanl\u0131 \u015eerbeti \" href=\"https:\/\/haberinsaaticom.teimg.com\/haberinsaati-com\/uploads\/2025\/11\/602e7b94-0c7b-436a-8aaa-fa2183662b9d.jpeg\" target=\"_blank\" rel=\"noopener\"><img loading=\"lazy\" decoding=\"async\" class=\"detail-photo img-fluid\" src=\"https:\/\/haberinsaaticom.teimg.com\/haberinsaati-com\/uploads\/2025\/11\/602e7b94-0c7b-436a-8aaa-fa2183662b9d.jpeg\" alt=\"Osmanl\u0131 \u015eerbeti \" width=\"1536\" height=\"2048\" \/><i class=\"d-block small text-secondary\">Osmanl\u0131 \u015eerbeti <\/i><\/a><\/p>\n<p><a class=\"fancybox my-3\" title=\"Ay\u015fe \u0130bragimova\" href=\"https:\/\/haberinsaaticom.teimg.com\/haberinsaati-com\/uploads\/2025\/11\/i-m-g-9163.jpeg\" target=\"_blank\" rel=\"noopener\"><img loading=\"lazy\" decoding=\"async\" class=\"detail-photo img-fluid\" src=\"https:\/\/haberinsaaticom.teimg.com\/haberinsaati-com\/uploads\/2025\/11\/i-m-g-9163.jpeg\" alt=\"Ay\u015fe \u0130bragimova\" width=\"1600\" height=\"1145\" \/><i class=\"d-block small text-secondary\">Ay\u015fe \u0130bragimova<\/i><\/a><\/p>\n<p>Misafirlere Osmanl\u0131 \u015ferbeti ikram edildi.<\/p>\n<p>Avrupal\u0131 Yazarlar Platformu da kitaplar\u0131n\u0131 okuyucularla bulu\u015fturdu.<\/p>\n<p><strong>Kongrenin \u0130kinci G\u00fcn\u00fc: Akademik Sunumlar<\/strong><\/p>\n<p>ASES &amp; Almanya K\u0131r\u0131m Tatarlar\u0131 Birli\u011fi\u2019nin organize etti\u011fi kongrenin ikinci g\u00fcn\u00fcnde akademik oturumlar ger\u00e7ekle\u015ftirildi.<\/p>\n<p>AT\u0130K Essen Ba\u015fkan\u0131 G\u00f6ksel Can, Almanya K\u0131r\u0131m Tatar Birli\u011fi Ba\u015fkan\u0131 Mehmet Akyel, ASES ekibi ve misafirleri ofisinde a\u011f\u0131rlad\u0131.<\/p>\n<p>&nbsp;<\/p>\n<p><a class=\"fancybox my-3\" title=\"AT\u0130K Essen Ziyaret \" href=\"https:\/\/haberinsaaticom.teimg.com\/haberinsaati-com\/uploads\/2025\/11\/8d185fa9-d98f-44dc-9cb1-646902b5e1d8.jpeg\" target=\"_blank\" rel=\"noopener\"><img loading=\"lazy\" decoding=\"async\" class=\"detail-photo img-fluid\" src=\"https:\/\/haberinsaaticom.teimg.com\/haberinsaati-com\/uploads\/2025\/11\/8d185fa9-d98f-44dc-9cb1-646902b5e1d8.jpeg\" alt=\"AT\u0130K Essen Ziyaret \" width=\"1009\" height=\"1781\" \/><i class=\"d-block small text-secondary\"><\/i><\/a><\/p>\n<p><a class=\"fancybox my-3\" title=\"AT\u0130K Essen Ziyaret \" href=\"https:\/\/haberinsaaticom.teimg.com\/haberinsaati-com\/uploads\/2025\/11\/8d185fa9-d98f-44dc-9cb1-646902b5e1d8.jpeg\" target=\"_blank\" rel=\"noopener\"><i class=\"d-block small text-secondary\">AT\u0130K <\/i><\/a><a class=\"fancybox my-3\" title=\"AT\u0130K Essen Ziyaret \" href=\"https:\/\/haberinsaaticom.teimg.com\/haberinsaati-com\/uploads\/2025\/11\/8d185fa9-d98f-44dc-9cb1-646902b5e1d8.jpeg\" target=\"_blank\" rel=\"noopener\"><i class=\"d-block small text-secondary\">Essen Ziyaret <\/i><\/a><\/p>\n<p>&nbsp;<\/p>\n<p>&nbsp;<\/p>\n<div class=\"article-source py-3 small \"><\/div>\n<\/div>\n<\/div>\n<div class=\"editors-choice my-3\">\n<div class=\"row g-2\">\n<div class=\"col-12\">\n<div class=\"row g-1 align-items-center\">\n<div class=\"col-5 col-sm-3\"><\/div>\n<div class=\"col-7 col-sm-9\">\n<div class=\"post-flash-heading p-2 text-white\"><\/div>\n<\/div>\n<\/div>\n<\/div>\n<\/div>\n<\/div>\n","protected":false},"excerpt":{"rendered":"<p>T\u00fcrk D\u00fcnyas\u0131 Bir Araya Geldi ASES ile Almanya K\u0131r\u0131m Tatar Birli\u011fi\u2019nin ortakla\u015fa d\u00fczenledi\u011fi ASES Akademik Kongresi, Almanya\u2019n\u0131n Dortmund kentinde ger\u00e7ekle\u015ftirilen g\u00f6rkemli bir a\u00e7\u0131l\u0131\u015f t\u00f6reniyle yap\u0131ld\u0131. Yo\u011fun kat\u0131l\u0131m\u0131n oldu\u011fu a\u00e7\u0131l\u0131\u015f gecesi, \u0130stikl\u00e2l Mar\u015f\u0131\u2019n\u0131n okunmas\u0131 ve G\u00fcrcistan\u2019da d\u00fc\u015fen T\u00fcrk Silahl\u0131 Kuvvetleri\u2019ne ait kargo u\u00e7a\u011f\u0131nda \u015fehit olan askerler i\u00e7in edilen dualarla ba\u015flad\u0131. \u0130stiklal Mar\u015f\u0131 ve Sayg\u0131 duru\u015fu Yakla\u015f\u0131k [&hellip;]<\/p>\n","protected":false},"author":2,"featured_media":1151,"comment_status":"open","ping_status":"open","sticky":false,"template":"","format":"standard","meta":{"_crdt_document":"","_jetpack_memberships_contains_paid_content":false,"footnotes":""},"categories":[7],"tags":[],"class_list":["post-1150","post","type-post","status-publish","format-standard","has-post-thumbnail","hentry","category-guencel"],"jetpack_featured_media_url":"https:\/\/lokalbakis.de\/wp-content\/uploads\/2025\/11\/2857ed59-f352-4be8-b34d-e2fc87fea81f.webp","jetpack_sharing_enabled":true,"_links":{"self":[{"href":"https:\/\/lokalbakis.de\/index.php?rest_route=\/wp\/v2\/posts\/1150","targetHints":{"allow":["GET"]}}],"collection":[{"href":"https:\/\/lokalbakis.de\/index.php?rest_route=\/wp\/v2\/posts"}],"about":[{"href":"https:\/\/lokalbakis.de\/index.php?rest_route=\/wp\/v2\/types\/post"}],"author":[{"embeddable":true,"href":"https:\/\/lokalbakis.de\/index.php?rest_route=\/wp\/v2\/users\/2"}],"replies":[{"embeddable":true,"href":"https:\/\/lokalbakis.de\/index.php?rest_route=%2Fwp%2Fv2%2Fcomments&post=1150"}],"version-history":[{"count":2,"href":"https:\/\/lokalbakis.de\/index.php?rest_route=\/wp\/v2\/posts\/1150\/revisions"}],"predecessor-version":[{"id":1153,"href":"https:\/\/lokalbakis.de\/index.php?rest_route=\/wp\/v2\/posts\/1150\/revisions\/1153"}],"wp:featuredmedia":[{"embeddable":true,"href":"https:\/\/lokalbakis.de\/index.php?rest_route=\/wp\/v2\/media\/1151"}],"wp:attachment":[{"href":"https:\/\/lokalbakis.de\/index.php?rest_route=%2Fwp%2Fv2%2Fmedia&parent=1150"}],"wp:term":[{"taxonomy":"category","embeddable":true,"href":"https:\/\/lokalbakis.de\/index.php?rest_route=%2Fwp%2Fv2%2Fcategories&post=1150"},{"taxonomy":"post_tag","embeddable":true,"href":"https:\/\/lokalbakis.de\/index.php?rest_route=%2Fwp%2Fv2%2Ftags&post=1150"}],"curies":[{"name":"wp","href":"https:\/\/api.w.org\/{rel}","templated":true}]}}