{"id":1179,"date":"2025-11-21T22:44:40","date_gmt":"2025-11-21T21:44:40","guid":{"rendered":"https:\/\/lokalbakis.de\/?p=1179"},"modified":"2025-11-21T22:44:40","modified_gmt":"2025-11-21T21:44:40","slug":"duisburgda-aile-okulu-seminerleri-basliyor","status":"publish","type":"post","link":"https:\/\/lokalbakis.de\/?p=1179","title":{"rendered":"Duisburg&#8217;da Aile Okulu Seminerleri Ba\u015fl\u0131yor"},"content":{"rendered":"<p>T.C. D\u00fcsseldorf Ba\u015fkonsoloslu\u011fu E\u011fitim Ata\u015feli\u011fi himayesinde, Duisburg (Laar) D\u0130T\u0130B Sultan Ahmet Camii&#8217;nde d\u00fczenlenen Aile Okulu Seminerleri, toplumumuzdaki aile ba\u011flar\u0131n\u0131 g\u00fc\u00e7lendirmek ve ebeveynlere g\u00fcncel sorunlarla ba\u015f etme becerileri kazand\u0131rmak amac\u0131yla yeniden ba\u015fl\u0131yor.<\/p>\n<p>Sekiz hafta s\u00fcrecek programda; aile i\u00e7i ileti\u015fimden g\u00fcvenli teknoloji kullan\u0131m\u0131na, ba\u011f\u0131ml\u0131l\u0131kla m\u00fccadeleden sosyal-duygusal geli\u015fime kadar geni\u015f bir yelpazede e\u011fitimler sunulacak. Seminerler pazar g\u00fcnleri saat 14.00&#8217;te ger\u00e7ekle\u015ftirilecek.<\/p>\n<p>&nbsp;<\/p>\n<p>Seminer Program\u0131:<\/p>\n<p>DUI\u0307SBURG AI\u0307LE OKULU SEMI\u0307NERI&#8230;<\/p>\n<p>1. Hafta \u2013 23.11.2025: Aile \u0130\u00e7i \u0130leti\u015fim Becerileri<\/p>\n<p>2. Hafta \u2013 30.11.2025: G\u00fcvenli Teknoloji Kullan\u0131m\u0131<\/p>\n<p>3. Hafta \u2013 07.12.2025: Stres Y\u00f6netimi<\/p>\n<p>4. Hafta \u2013 11.01.2026: Ba\u011f\u0131ml\u0131l\u0131kla M\u00fccadele<\/p>\n<p>5. Hafta \u2013 18.01.2026: Sosyal ve Duygusal Beceri Geli\u015fimi<\/p>\n<p>6. Hafta \u2013 25.01.2026: Akran \u0130li\u015fkileri<\/p>\n<p>7. Hafta \u2013 01.02.2026: Sa\u011fl\u0131kl\u0131 Beslenme ve Fiziksel Aktivite<\/p>\n<p>8. Hafta \u2013 08.02.2026: Ahlaki Geli\u015fim<\/p>\n<p>&#8222;Aile Okulu Seminerleri&#8220; toplumdaki aile yap\u0131s\u0131n\u0131 desteklemek, ebeveynlik fark\u0131ndal\u0131\u011f\u0131n\u0131 art\u0131rmak ve \u00e7ocuklar\u0131n \u00e7ok y\u00f6nl\u00fc geli\u015fimine katk\u0131 sa\u011flamak amac\u0131yla b\u00fcy\u00fck \u00f6nem ta\u015f\u0131maktad\u0131r. Seminerler, \u00f6zellikle Almanya&#8217;daki T\u00fcrk ailelerin g\u00fcnl\u00fck hayatta kar\u015f\u0131la\u015ft\u0131klar\u0131 sorunlara \u00e7\u00f6z\u00fcm odakl\u0131 yakla\u015f\u0131m\u0131yla dikkat \u00e7ekmekte olup, kat\u0131l\u0131mc\u0131lara hem teorik bilgi hem de pratik beceriler sunarak aile ya\u015fam\u0131n\u0131n daha sa\u011fl\u0131kl\u0131 ve bilin\u00e7li bir \u015fekilde s\u00fcrd\u00fcr\u00fclebilmesine destek olmaktad\u0131r.<\/p>\n<p><strong>Seminere kat\u0131lmak isteyen t\u00fcm vatanda\u015flar\u0131m\u0131z \u00fccretsiz olarak programa dahil olabilecekler.<\/strong><\/p>\n<p>&nbsp;<\/p>\n<p><strong>Ba\u015fvurmak isteyenlerin i\u00e7in ileti\u015fim;<\/strong><\/p>\n<p>Fatma G\u00fcnbay (Kad\u0131n kollar\u0131) :\u00a0+49 176 24971899<\/p>\n<p>&nbsp;<\/p>\n<p><a href=\"https:\/\/dusseldorf.meb.gov.tr\/meb_iys_dosyalar\/2025_11\/21120848_seminerduisburg.jpg\" data-fancybox=\"gallery\" data-caption=\"21-11-2025\" target=\"_blank\" rel=\"noopener\"><img decoding=\"async\" src=\"https:\/\/dusseldorf.meb.gov.tr\/meb_iys_dosyalar\/2025_11\/k_21120848_seminerduisburg.jpg\" alt=\"21-11-2025\" border=\"0\" \/><\/a><\/p>\n","protected":false},"excerpt":{"rendered":"<p>T.C. D\u00fcsseldorf Ba\u015fkonsoloslu\u011fu E\u011fitim Ata\u015feli\u011fi himayesinde, Duisburg (Laar) D\u0130T\u0130B Sultan Ahmet Camii&#8217;nde d\u00fczenlenen Aile Okulu Seminerleri, toplumumuzdaki aile ba\u011flar\u0131n\u0131 g\u00fc\u00e7lendirmek ve ebeveynlere g\u00fcncel sorunlarla ba\u015f etme becerileri kazand\u0131rmak amac\u0131yla yeniden ba\u015fl\u0131yor. Sekiz hafta s\u00fcrecek programda; aile i\u00e7i ileti\u015fimden g\u00fcvenli teknoloji kullan\u0131m\u0131na, ba\u011f\u0131ml\u0131l\u0131kla m\u00fccadeleden sosyal-duygusal geli\u015fime kadar geni\u015f bir yelpazede e\u011fitimler sunulacak. Seminerler pazar g\u00fcnleri saat [&hellip;]<\/p>\n","protected":false},"author":2,"featured_media":1180,"comment_status":"open","ping_status":"open","sticky":false,"template":"","format":"standard","meta":{"_crdt_document":"","_jetpack_memberships_contains_paid_content":false,"footnotes":""},"categories":[7],"tags":[],"class_list":["post-1179","post","type-post","status-publish","format-standard","has-post-thumbnail","hentry","category-guencel"],"jetpack_featured_media_url":"https:\/\/lokalbakis.de\/wp-content\/uploads\/2025\/11\/21120533_aileokuluseminer.jpg","jetpack_sharing_enabled":true,"_links":{"self":[{"href":"https:\/\/lokalbakis.de\/index.php?rest_route=\/wp\/v2\/posts\/1179","targetHints":{"allow":["GET"]}}],"collection":[{"href":"https:\/\/lokalbakis.de\/index.php?rest_route=\/wp\/v2\/posts"}],"about":[{"href":"https:\/\/lokalbakis.de\/index.php?rest_route=\/wp\/v2\/types\/post"}],"author":[{"embeddable":true,"href":"https:\/\/lokalbakis.de\/index.php?rest_route=\/wp\/v2\/users\/2"}],"replies":[{"embeddable":true,"href":"https:\/\/lokalbakis.de\/index.php?rest_route=%2Fwp%2Fv2%2Fcomments&post=1179"}],"version-history":[{"count":1,"href":"https:\/\/lokalbakis.de\/index.php?rest_route=\/wp\/v2\/posts\/1179\/revisions"}],"predecessor-version":[{"id":1181,"href":"https:\/\/lokalbakis.de\/index.php?rest_route=\/wp\/v2\/posts\/1179\/revisions\/1181"}],"wp:featuredmedia":[{"embeddable":true,"href":"https:\/\/lokalbakis.de\/index.php?rest_route=\/wp\/v2\/media\/1180"}],"wp:attachment":[{"href":"https:\/\/lokalbakis.de\/index.php?rest_route=%2Fwp%2Fv2%2Fmedia&parent=1179"}],"wp:term":[{"taxonomy":"category","embeddable":true,"href":"https:\/\/lokalbakis.de\/index.php?rest_route=%2Fwp%2Fv2%2Fcategories&post=1179"},{"taxonomy":"post_tag","embeddable":true,"href":"https:\/\/lokalbakis.de\/index.php?rest_route=%2Fwp%2Fv2%2Ftags&post=1179"}],"curies":[{"name":"wp","href":"https:\/\/api.w.org\/{rel}","templated":true}]}}