{"id":1221,"date":"2025-12-01T09:18:52","date_gmt":"2025-12-01T08:18:52","guid":{"rendered":"https:\/\/lokalbakis.de\/?p=1221"},"modified":"2025-12-01T09:18:58","modified_gmt":"2025-12-01T08:18:58","slug":"utrechtte-kueltuerel-patlama-yavuz-nufel-goec-ve-saz-shop-programina-yogun-ilgi","status":"publish","type":"post","link":"https:\/\/lokalbakis.de\/?p=1221","title":{"rendered":"&#8222;Utrecht&#8217;te K\u00fclt\u00fcrel Patlama: Yavuz Nufel G\u00f6\u00e7 ve Saz Shop Program\u0131na Yo\u011fun \u0130lgi&#8220;"},"content":{"rendered":"<p>Utrecht&#8217;te T\u00fcrk K\u00fclt\u00fcr\u00fc Gecesi B\u00fcy\u00fck \u0130lgi G\u00f6rd\u00fc *UTRECHT* &#8211; Cumartesi g\u00fcn\u00fc Bibliotheek Neude 11&#8217;de d\u00fczenlenen &#8222;Yavuz Nufel G\u00f6\u00e7 (157. Program) ve Saz Shop M\u00fczik Dinletisi&#8220;, beklentilerin \u00e7ok \u00f6tesinde bir kat\u0131l\u0131mla ger\u00e7ekle\u015fti. Ku\u015faktan Ku\u015fa\u011fa Vakf\u0131 ve T\u00fcrk\u00e7e&#8217;ye Destek Veren Anneler Kul\u00fcb\u00fc&#8217;n\u00fcn ortakla\u015fa d\u00fczenledi\u011fi etkinlik, adeta dolup ta\u015ft\u0131.<\/p>\n<div class=\"detay\">\n<p><img decoding=\"async\" src=\"https:\/\/www.lokalbakis.com\/images\/782a529dbca5ac401967f597919a010a.jpeg\" alt=\"\" \/><\/p>\n<p>&nbsp;<\/p>\n<p><strong>Salon K\u0131sa S\u00fcrede Doldu<\/strong><\/p>\n<p>Etkinlik i\u00e7in 18:30&#8217;da ba\u015flayan giri\u015f saatinden itibaren salon h\u0131zla dolmaya ba\u015flad\u0131. \u00d6yle ki, k\u00fct\u00fcphane y\u00f6netimi, salonun kapasitenin \u00fczerinde talep g\u00f6rmesi \u00fczerine organizat\u00f6rlere bir bildiri g\u00f6ndererek, duyurular\u0131n kesilmesini ve yeni rezervasyon al\u0131nmamas\u0131n\u0131 istedi. Bu durum, Hollanda&#8217;daki T\u00fcrk toplumunun k\u00fclt\u00fcrel etkinliklere g\u00f6sterdi\u011fi yo\u011fun ilgiyi bir kez daha g\u00f6zler \u00f6n\u00fcne serdi.<\/p>\n<p><img decoding=\"async\" src=\"https:\/\/www.lokalbakis.com\/images\/60e833f699b53dc54dce1b04ee244e8d.jpeg\" alt=\"\" \/><\/p>\n<p>Anneler Kul\u00fcb\u00fc Ba\u015fkan\u0131 Aysel \u00d6zbakan&#8217;\u0131n emailinde belirtti\u011fi gibi, etkinlik i\u00e7in 131 ki\u015filik liste olu\u015fturulmu\u015fken, bieb \u00fczerinden yap\u0131lan 40 rezervasyonla birlikte toplam 171 ki\u015fiye ula\u015f\u0131ld\u0131. Ek s\u0131ralarla beraber salon 180 ki\u015filik kapasiteye \u00e7\u0131kar\u0131ld\u0131 ve her yer doldu.<\/p>\n<p><img decoding=\"async\" src=\"https:\/\/www.lokalbakis.com\/images\/3d893c80ddd7b4edf89e6f7f63ed3040.jpeg\" alt=\"\" \/><\/p>\n<p>Ba\u015fkonsolos Ersoy: &#8222;Ana Dilimiz Kimli\u011fimizin Temelidir&#8220;<\/p>\n<p>Etkinli\u011fe T\u00fcrkiye&#8217;nin Amsterdam Ba\u015fkonsolosu <strong>M. Burak Ersoy<\/strong> da kat\u0131larak program\u0131 ba\u015f\u0131ndan sonuna kadar izledi. Ba\u015fkonsolos Ersoy yapt\u0131\u011f\u0131 konu\u015fmada \u00f6nemli mesajlar verdi:<\/p>\n<p>&#8222;Ku\u015faktan Ku\u015fa\u011fa Vakf\u0131&#8217;n\u0131 yak\u0131ndan tan\u0131yor ve \u00e7al\u0131\u015fmalar\u0131n\u0131 takdirle izliyoruz. Ortak noktam\u0131z T\u00fcrk\u00e7e dilimize verdikleri \u00f6nem ve bu alandaki \u00e7al\u0131\u015fmalar\u0131n\u0131 desteklememizdir. T\u00fcrk\u00e7e dili, bizim en \u00f6nemli konular\u0131m\u0131zdan biridir. Bir ki\u015finin kendi ana dilini d\u00fczg\u00fcn telaffuz edebilmesi, o dili i\u00e7selle\u015ftirmesi gerekiyor. Bu nedenle T\u00fcrk\u00e7e e\u011fitimi son derece \u00f6nemlidir; d\u00fczg\u00fcn T\u00fcrk\u00e7e konu\u015fmak ise bir o kadar kritiktir. Ana dilimiz, kimli\u011fimizin ve k\u00fclt\u00fcr\u00fcm\u00fcz\u00fcn temelidir. Ku\u015faktan Ku\u015fa\u011fa Vakf\u0131&#8217;n\u0131n bu anlamdaki \u00e7al\u0131\u015fmalar\u0131n\u0131 g\u00f6n\u00fclden kutluyorum.&#8220;<\/p>\n<p><img decoding=\"async\" src=\"https:\/\/www.lokalbakis.com\/images\/a8cc1abf50e01fba1d1288dffad1e3b4.jpeg\" alt=\"\" \/><\/p>\n<p>Ba\u015fkonsolos Ersoy&#8217;a, konu\u015fmas\u0131n\u0131n ard\u0131ndan Ku\u015faktan Ku\u015fa\u011fa Vakf\u0131 y\u00f6netimi taraf\u0131ndan Karamanl\u0131 Mehmet Efendi&#8217;nin k\u00fc\u00e7\u00fck bir b\u00fcst\u00fc hat\u0131ra olarak takdim edildi.<\/p>\n<p><img decoding=\"async\" src=\"https:\/\/www.lokalbakis.com\/images\/9e7906126875e5e12500222563759f28.jpeg\" alt=\"\" \/><\/p>\n<p>T\u00fcrk\u00e7enin Gelece\u011fi Annelerin Elinde<\/p>\n<p>18:45&#8217;te ba\u015flayan programda \u00f6ncelikle Ku\u015faktan Ku\u015fa\u011fa Vakf\u0131 Ba\u015fkan\u0131 Fehmi Uzun sahne ald\u0131. Uzun, konu\u015fmas\u0131nda T\u00fcrk dilinin \u00f6nemini vurgulayarak \u015funlar\u0131 s\u00f6yledi:<\/p>\n<p>&#8222;T\u00fcrk\u00e7eyi annelerimiz \u00e7ocuklar\u0131na \u00f6\u011fretiyor. Evde T\u00fcrk\u00e7e konu\u015fulmas\u0131 b\u00fcy\u00fck \u00f6l\u00e7\u00fcde annenin bu konudaki tutumu ve \u00e7abas\u0131yla ger\u00e7ekle\u015fiyor. Bu y\u00fczden Anneler Kul\u00fcb\u00fcm\u00fcz \u00e7ok de\u011ferlidir. Anneler birbirleriyle ileti\u015fime ge\u00e7iyor, deneyimlerini payla\u015f\u0131yor ve birbirlerine g\u00fc\u00e7 veriyor. Bu program\u0131 da onlar\u0131n \u00f6zverili gayretiyle ger\u00e7ekle\u015ftirdik.&#8220;<\/p>\n<p><img decoding=\"async\" src=\"https:\/\/www.lokalbakis.com\/images\/41d4a98a50b1c5edaa57a6d0b0330afa.jpeg\" alt=\"\" \/><\/p>\n<p>Ard\u0131ndan s\u00f6z alan Anneler Kul\u00fcb\u00fc Ba\u015fkan\u0131 Aysel \u00d6zbakan da yapt\u0131\u011f\u0131 konu\u015fmada, kul\u00fcb\u00fcn \u00e7al\u0131\u015fmalar\u0131 hakk\u0131nda bilgi verdi ve T\u00fcrk\u00e7e dilinin evlerde konu\u015fulmas\u0131n\u0131n, \u00e7ocuklar\u0131m\u0131za ana dilimizi tam ve d\u00fczg\u00fcn bir \u015fekilde \u00f6\u011fretmenin \u00f6nemine de\u011findi. \u00d6zbakan, &#8222;Dilimiz ya\u015fad\u0131k\u00e7a, biz de ya\u015fayaca\u011f\u0131z&#8220; diyerek gelecek nesillere bu sorumlulu\u011fu aktarman\u0131n \u00f6nemini vurgulad\u0131.<\/p>\n<p><img decoding=\"async\" src=\"https:\/\/www.lokalbakis.com\/images\/77fb8bbf32e294f2c607e61b47d187e0.jpeg\" alt=\"\" \/><\/p>\n<p>Yavuz Nufel G\u00f6\u00e7&#8217;\u00fcn Dokunakl\u0131 Sunumu<\/p>\n<p>Program\u0131n sunuculu\u011funu \u00fcstlenen gazeteci, yazar ve \u015fair Yavuz Nufel G\u00f6\u00e7, \u00fc\u00e7 saat boyunca izleyicileri hem g\u00fcld\u00fcrd\u00fc hem de duyguland\u0131rd\u0131. G\u00f6\u00e7, Avrupa&#8217;daki T\u00fcrklerin ge\u00e7en 60 k\u00fcsur y\u0131l i\u00e7indeki trajik ve mutlu an\u0131lar\u0131n\u0131, ya\u015fanan zorluklar\u0131 ve ba\u015far\u0131lar\u0131 ustal\u0131kla anlatt\u0131. K\u0131sa zamana s\u0131\u011fd\u0131rd\u0131\u011f\u0131 bu zengin anlat\u0131m, salonda zaman zaman g\u00f6zlerin dolmas\u0131na, zaman zaman da kahkaha tufanlar\u0131na neden oldu.<\/p>\n<p><img decoding=\"async\" src=\"https:\/\/www.lokalbakis.com\/images\/ee65d3d1794219eab4c0f74bc39ad90c.jpeg\" alt=\"\" \/><\/p>\n<p>Saz Shop&#8217;tan Muhte\u015fem Performans<\/p>\n<p>Gecenin m\u00fczik b\u00f6l\u00fcm\u00fcnde Saz Shop ekibinin kalabal\u0131k kadrosu sahne ald\u0131. T\u00fcrk\u00fclerin ve \u00f6zellikle \u00c7anakkale m\u00fczi\u011finin enerjisiyle co\u015fan izleyiciler, salonda g\u00fc\u00e7l\u00fc bir k\u00fclt\u00fcrel atmosfer olu\u015fturdu. M\u00fczisyenler, geleneksel T\u00fcrk m\u00fczi\u011finin en g\u00fczel \u00f6rneklerini seslendirerek b\u00fcy\u00fck be\u011feni toplad\u0131. Salondaki herkes, t\u00fcrk\u00fclere e\u015flik ederek gecenin bir par\u00e7as\u0131 oldu.<\/p>\n<p><img decoding=\"async\" src=\"https:\/\/www.lokalbakis.com\/images\/ec5466004aade007a85d2141fbe2d585.jpeg\" alt=\"\" \/><\/p>\n<p>K\u00fclt\u00fcrel Dayan\u0131\u015fman\u0131n G\u00fczel \u00d6rne\u011fi<\/p>\n<p>Etkinli\u011fe \u00fccretsiz giri\u015f imkan\u0131 sunulmas\u0131, toplumsal kat\u0131l\u0131m\u0131 daha da art\u0131rd\u0131. Rezerve edilen b\u00f6l\u00fcmlerin an\u0131nda dolmas\u0131 ve k\u00fct\u00fcphane y\u00f6netiminin yeni rezervasyon al\u0131nmamas\u0131n\u0131 istemesi, Hollanda&#8217;daki T\u00fcrk toplumunun bu t\u00fcr k\u00fclt\u00fcrel etkinliklere ne kadar ihtiya\u00e7 duydu\u011funu ve ne kadar de\u011fer verdi\u011fini a\u00e7\u0131k\u00e7a g\u00f6sterdi.<\/p>\n<p>&nbsp;<\/p>\n<p>Gece, hem geleneksel m\u00fczi\u011fin hem de toplumsal dayan\u0131\u015fman\u0131n \u00f6ne \u00e7\u0131kt\u0131\u011f\u0131, kat\u0131l\u0131mc\u0131lar\u0131n memnuniyetle ve y\u00fczlerinde tebess\u00fcmle ayr\u0131ld\u0131\u011f\u0131 ba\u015far\u0131l\u0131 bir k\u00fclt\u00fcr bulu\u015fmas\u0131 olarak kayda ge\u00e7ti. Bu t\u00fcr etkinliklerin, diasporadaki T\u00fcrk toplumunun k\u00fclt\u00fcrel k\u00f6kleriyle ba\u011f\u0131n\u0131 g\u00fc\u00e7lendirmede ne denli \u00f6nemli oldu\u011fu bir kez daha anla\u015f\u0131ld\u0131.<\/p>\n<p>Ku\u015faktan Ku\u015fa\u011fa Vakf\u0131 ve Anneler Kul\u00fcb\u00fc, gelecekte de benzer etkinlikler d\u00fczenlemeye devam edece\u011finin sinyallerini verirken, toplum bu t\u00fcr bulu\u015fmalar\u0131n artarak s\u00fcrmesini bekliyor.<\/p>\n<p><img decoding=\"async\" src=\"https:\/\/www.lokalbakis.com\/images\/aa6a492832d4499669b360374eaaf5b5.jpeg\" alt=\"\" \/><\/p>\n<p>Mayise Agamirzeyeva Gundogdu&#8217;dan anlaml\u0131 plaket<\/p>\n<p>Ana Vatan Avrupa Azerbaycan Kad\u0131nlar Birli\u011fi Ba\u015fkan\u0131 <strong>Mayise Agamirzeyeva Gundogdu<\/strong>,\u00a0 gazeteci Yavuz Nufel&#8217;in \u00e7al\u0131\u015fmalar\u0131n\u0131 takdirle kar\u015f\u0131lad\u0131\u011f\u0131n\u0131 belirterek, Karaba\u011f\u2019\u0131n \u00f6zg\u00fcrl\u00fc\u011f\u00fcne kavu\u015fmas\u0131nda bir gazeteci olarak verdi\u011fi destekten dolay\u0131\u00a0 kendisine te\u015fekk\u00fcr ve\u00a0 bir ba\u015far\u0131 plaketi ile birlikte bir de bordo-mavi \u015fal takdim etti.<\/p>\n<p><img decoding=\"async\" src=\"https:\/\/www.lokalbakis.com\/images\/a772d215e9fe99a2499e7977f1a648ec.jpeg\" alt=\"\" \/><\/p>\n<p>Program\u0131n sonlar\u0131na do\u011fru, Ku\u015faktan Ku\u015fa\u011fa Vakf\u0131&#8217;nda hizmet etmi\u015f ki\u015filerden olan Zafer G\u00fcltekin&#8217;e Karamano\u011flu Mehmet beyin b\u00fcst\u00fc takdim edildi. Ayr\u0131ca, eme\u011fi ge\u00e7enler unutulmayarak kendilerine birer \u00e7i\u00e7ek verilerek te\u015fekk\u00fcr edildi. Daha sonra, \u00c7anakkale konusu a\u00e7\u0131lm\u0131\u015fken hem \u00c7anakkale&#8217;de hayat\u0131n\u0131 kaybedenler hem de Azerbaycan&#8217;da sava\u015fta hayat\u0131n\u0131 kaybedenler i\u00e7in bir dakikal\u0131k sayg\u0131 duru\u015fu yap\u0131larak rahmetle an\u0131ld\u0131.<\/p>\n<p><img decoding=\"async\" src=\"https:\/\/www.lokalbakis.com\/images\/4c66e2e27c8261f42b59be71c9fc0bf8.jpeg\" alt=\"\" \/><\/p>\n<p>&nbsp;<\/p>\n<p><img decoding=\"async\" src=\"https:\/\/www.lokalbakis.com\/images\/0e3a51166ea40c07c1251116b489bf7e.jpeg\" alt=\"\" \/><\/p>\n<p><img decoding=\"async\" src=\"https:\/\/www.lokalbakis.com\/images\/e510b5bc0e7b74e0cd5dbf78a6bd0ee2.jpeg\" alt=\"\" \/><\/p>\n<p>Haber:Sedat Tapan<\/p>\n<\/div>\n","protected":false},"excerpt":{"rendered":"<p>Utrecht&#8217;te T\u00fcrk K\u00fclt\u00fcr\u00fc Gecesi B\u00fcy\u00fck \u0130lgi G\u00f6rd\u00fc *UTRECHT* &#8211; Cumartesi g\u00fcn\u00fc Bibliotheek Neude 11&#8217;de d\u00fczenlenen &#8222;Yavuz Nufel G\u00f6\u00e7 (157. Program) ve Saz Shop M\u00fczik Dinletisi&#8220;, beklentilerin \u00e7ok \u00f6tesinde bir kat\u0131l\u0131mla ger\u00e7ekle\u015fti. Ku\u015faktan Ku\u015fa\u011fa Vakf\u0131 ve T\u00fcrk\u00e7e&#8217;ye Destek Veren Anneler Kul\u00fcb\u00fc&#8217;n\u00fcn ortakla\u015fa d\u00fczenledi\u011fi etkinlik, adeta dolup ta\u015ft\u0131. &nbsp; Salon K\u0131sa S\u00fcrede Doldu Etkinlik i\u00e7in 18:30&#8217;da ba\u015flayan [&hellip;]<\/p>\n","protected":false},"author":2,"featured_media":1222,"comment_status":"open","ping_status":"open","sticky":false,"template":"","format":"standard","meta":{"_crdt_document":"","_jetpack_memberships_contains_paid_content":false,"footnotes":""},"categories":[6],"tags":[],"class_list":["post-1221","post","type-post","status-publish","format-standard","has-post-thumbnail","hentry","category-magazin"],"jetpack_featured_media_url":"https:\/\/lokalbakis.de\/wp-content\/uploads\/2025\/12\/sahne1.jpeg","jetpack_sharing_enabled":true,"_links":{"self":[{"href":"https:\/\/lokalbakis.de\/index.php?rest_route=\/wp\/v2\/posts\/1221","targetHints":{"allow":["GET"]}}],"collection":[{"href":"https:\/\/lokalbakis.de\/index.php?rest_route=\/wp\/v2\/posts"}],"about":[{"href":"https:\/\/lokalbakis.de\/index.php?rest_route=\/wp\/v2\/types\/post"}],"author":[{"embeddable":true,"href":"https:\/\/lokalbakis.de\/index.php?rest_route=\/wp\/v2\/users\/2"}],"replies":[{"embeddable":true,"href":"https:\/\/lokalbakis.de\/index.php?rest_route=%2Fwp%2Fv2%2Fcomments&post=1221"}],"version-history":[{"count":1,"href":"https:\/\/lokalbakis.de\/index.php?rest_route=\/wp\/v2\/posts\/1221\/revisions"}],"predecessor-version":[{"id":1223,"href":"https:\/\/lokalbakis.de\/index.php?rest_route=\/wp\/v2\/posts\/1221\/revisions\/1223"}],"wp:featuredmedia":[{"embeddable":true,"href":"https:\/\/lokalbakis.de\/index.php?rest_route=\/wp\/v2\/media\/1222"}],"wp:attachment":[{"href":"https:\/\/lokalbakis.de\/index.php?rest_route=%2Fwp%2Fv2%2Fmedia&parent=1221"}],"wp:term":[{"taxonomy":"category","embeddable":true,"href":"https:\/\/lokalbakis.de\/index.php?rest_route=%2Fwp%2Fv2%2Fcategories&post=1221"},{"taxonomy":"post_tag","embeddable":true,"href":"https:\/\/lokalbakis.de\/index.php?rest_route=%2Fwp%2Fv2%2Ftags&post=1221"}],"curies":[{"name":"wp","href":"https:\/\/api.w.org\/{rel}","templated":true}]}}