{"id":1228,"date":"2025-12-06T08:51:41","date_gmt":"2025-12-06T07:51:41","guid":{"rendered":"https:\/\/lokalbakis.de\/?p=1228"},"modified":"2025-12-07T00:36:30","modified_gmt":"2025-12-06T23:36:30","slug":"tiad-gelecege-yoen-veriyor-ismail-uenal-oybirligiyle-yeniden-baskan-secildi","status":"publish","type":"post","link":"https:\/\/lokalbakis.de\/?p=1228","title":{"rendered":"TIAD Gelece\u011fe Y\u00f6n Veriyor \u2013 \u0130smail \u00dcnal Oybirli\u011fiyle Yeniden Ba\u015fkan Se\u00e7ildi"},"content":{"rendered":"<p data-start=\"68\" data-end=\"426\"><strong data-start=\"68\" data-end=\"81\">Duisburg. <\/strong>Almanya\u2019daki T\u00fcrk k\u00f6kenli i\u015f insanlar\u0131 ve akademisyenler aras\u0131nda \u00f6nemli bir konuma sahip olan <strong data-start=\"179\" data-end=\"251\">T\u00fcrk-Alman \u0130\u015f \u0130nsanlar\u0131 ve Akademisyenler Derne\u011fi TIAD e.V. Duisburg<\/strong>, ola\u011fan genel kurul toplant\u0131s\u0131n\u0131 ger\u00e7ekle\u015ftirdi. Toplant\u0131n\u0131n oda\u011f\u0131nda, d\u00f6nemsel y\u00f6netim kurulu se\u00e7imleri ve derne\u011fin \u00f6n\u00fcm\u00fczdeki y\u0131llara y\u00f6nelik stratejik planlamas\u0131 yer ald\u0131.<\/p>\n<p data-start=\"428\" data-end=\"608\">\u00dcyeler, yap\u0131lan se\u00e7imlerde mevcut ba\u015fkan <strong data-start=\"469\" data-end=\"526\">\u0130smail \u00dcnal\u2019\u0131 oybirli\u011fiyle yeniden ba\u015fkanl\u0131\u011fa se\u00e7erek<\/strong> hem birlik mesaj\u0131 verdi hem de y\u00fcr\u00fct\u00fclen \u00e7al\u0131\u015fmalara duyulan g\u00fcveni ortaya koydu.<\/p>\n<h3 data-start=\"615\" data-end=\"662\"><strong data-start=\"619\" data-end=\"662\">\u00d6n\u00fcm\u00fczdeki Y\u0131llar\u0131n Stratejik Hedefleri<\/strong><\/h3>\n<p data-start=\"664\" data-end=\"749\">TIAD, toplant\u0131da yeni d\u00f6nem i\u00e7in \u00f6ne \u00e7\u0131kan \u00e7al\u0131\u015fma ba\u015fl\u0131klar\u0131n\u0131 \u015fu \u015fekilde belirledi:<\/p>\n<p data-start=\"751\" data-end=\"1143\">\u2013 Alman ve T\u00fcrk \u015firketleri aras\u0131ndaki <strong data-start=\"789\" data-end=\"834\">ekonomik i\u015f birliklerinin g\u00fc\u00e7lendirilmesi<\/strong><br data-start=\"834\" data-end=\"837\" \/>\u2013 Gen\u00e7 akademisyenlerin <strong data-start=\"861\" data-end=\"890\">mentorluk ve a\u011f olu\u015fturma<\/strong> programlar\u0131yla desteklenmesi<br data-start=\"919\" data-end=\"922\" \/>\u2013 Etkinlikler, projeler ve de\u011fi\u015fim programlar\u0131yla <strong data-start=\"972\" data-end=\"1018\">T\u00fcrk-Alman ili\u015fkilerinin derinle\u015ftirilmesi<\/strong><br data-start=\"1018\" data-end=\"1021\" \/>\u2013 Duisburg ve NRW b\u00f6lgesinde daha g\u00fc\u00e7l\u00fc bir g\u00f6r\u00fcn\u00fcrl\u00fck olu\u015fturarak <strong data-start=\"1088\" data-end=\"1143\">T\u00fcrk-Alman i\u015f d\u00fcnyas\u0131n\u0131n temsil g\u00fcc\u00fcn\u00fcn art\u0131r\u0131lmas\u0131<\/strong><\/p>\n<h3 data-start=\"1150\" data-end=\"1176\"><strong data-start=\"1154\" data-end=\"1176\">Yeni Y\u00f6netim Ekibi<\/strong><\/h3>\n<p data-start=\"1178\" data-end=\"1424\">Yeni d\u00f6nemde \u0130smail \u00dcnal ile birlikte derne\u011fi y\u00f6netecek ve temsil edecek isimler \u015f\u00f6yle:<\/p>\n<p data-start=\"1178\" data-end=\"1424\"><img loading=\"lazy\" decoding=\"async\" class=\"alignnone wp-image-1230\" src=\"https:\/\/lokalbakis.de\/wp-content\/uploads\/2025\/12\/WhatsApp-Image-2025-12-05-at-23.27.59-300x167.jpeg\" alt=\"\" width=\"1272\" height=\"708\" srcset=\"https:\/\/lokalbakis.de\/wp-content\/uploads\/2025\/12\/WhatsApp-Image-2025-12-05-at-23.27.59-300x167.jpeg 300w, https:\/\/lokalbakis.de\/wp-content\/uploads\/2025\/12\/WhatsApp-Image-2025-12-05-at-23.27.59-1024x569.jpeg 1024w, https:\/\/lokalbakis.de\/wp-content\/uploads\/2025\/12\/WhatsApp-Image-2025-12-05-at-23.27.59-768x427.jpeg 768w, https:\/\/lokalbakis.de\/wp-content\/uploads\/2025\/12\/WhatsApp-Image-2025-12-05-at-23.27.59.jpeg 1600w\" sizes=\"auto, (max-width: 1272px) 100vw, 1272px\" \/><br data-start=\"1265\" data-end=\"1268\" \/><strong data-start=\"1268\" data-end=\"1299\">(soldan sa\u011fa)<\/strong> Ali Ayd\u0131n, H\u00fcseyin G\u00f6k\u00e7e, Yavuz Gencer, Kamil \u00d6zt\u00fcrk, Zihni G\u00fcne\u015f, \u0130smail \u00dcnal, Teyfik G\u00fclk\u00fcn, Erkan Dural ve \u015eahin \u015eent\u00fcrk.<\/p>\n<h3 data-start=\"1431\" data-end=\"1481\"><strong data-start=\"1435\" data-end=\"1481\">Ba\u015fkan \u00dcnal\u2019dan Te\u015fekk\u00fcr ve Gelecek Mesaj\u0131<\/strong><\/h3>\n<p data-start=\"1483\" data-end=\"1744\"><em data-start=\"1483\" data-end=\"1744\">\u201cTIAD yaln\u0131zca bir dernek de\u011fildir; Duisburg ve t\u00fcm b\u00f6lgede ya\u015fayan T\u00fcrk-Alman toplumunun ekonomik ve k\u00fclt\u00fcrel g\u00fcc\u00fcd\u00fcr. Yeni projeler geli\u015ftirmek, i\u015f birliklerini g\u00fc\u00e7lendirmek ve \u00fcyelerimize daha fazla de\u011fer katmak i\u00e7in kararl\u0131l\u0131kla \u00e7al\u0131\u015fmaya devam edece\u011fiz.\u201d<\/em><\/p>\n<h2 data-start=\"1751\" data-end=\"1830\"><strong data-start=\"1754\" data-end=\"1830\">TIAD e.V. \u2013 Ekonomi, Bilim ve Toplumu Birbirine Ba\u011flayan G\u00fc\u00e7l\u00fc Bir K\u00f6pr\u00fc<\/strong><\/h2>\n<p data-start=\"1832\" data-end=\"2120\">1990\u2019l\u0131 y\u0131llarda kurulan TIAD e.V., Almanya\u2019daki T\u00fcrk k\u00f6kenli giri\u015fimciler ve akademisyenler i\u00e7in en \u00f6nemli platformlardan biri h\u00e2line gelmi\u015ftir.<br data-start=\"1977\" data-end=\"1980\" \/>Dernek; ekonomik i\u015f birli\u011fi, e\u011fitim, gen\u00e7 yeteneklerin desteklenmesi ve k\u00fclt\u00fcrleraras\u0131 ileti\u015fim gibi alanlarda aktif bir rol \u00fcstlenmektedir.<\/p>\n<h3 data-start=\"2127\" data-end=\"2170\"><strong data-start=\"2131\" data-end=\"2170\">Duisburg ve Ruhr B\u00f6lgesi \u0130\u00e7in \u00d6nemi<\/strong><\/h3>\n<p data-start=\"2172\" data-end=\"2365\">B\u00f6lgedeki g\u00fc\u00e7l\u00fc a\u011f\u0131, k\u00f6kl\u00fc yap\u0131s\u0131 ve uzun y\u0131llara dayanan \u00e7al\u0131\u015fmalar\u0131yla TIAD, bug\u00fcn Duisburg ve Ruhr Havzas\u0131\u2019nda ekonomi, bilim ve k\u00fclt\u00fcr alanlar\u0131nda kilit bir akt\u00f6r olarak kabul edilmektedir.<\/p>\n<p data-start=\"2172\" data-end=\"2365\"><img loading=\"lazy\" decoding=\"async\" class=\"alignnone wp-image-1229\" src=\"https:\/\/lokalbakis.de\/wp-content\/uploads\/2025\/12\/WhatsApp-Image-2025-12-05-at-23.28.00-300x180.jpeg\" alt=\"\" width=\"1282\" height=\"769\" srcset=\"https:\/\/lokalbakis.de\/wp-content\/uploads\/2025\/12\/WhatsApp-Image-2025-12-05-at-23.28.00-300x180.jpeg 300w, https:\/\/lokalbakis.de\/wp-content\/uploads\/2025\/12\/WhatsApp-Image-2025-12-05-at-23.28.00-768x462.jpeg 768w\" sizes=\"auto, (max-width: 1282px) 100vw, 1282px\" \/><\/p>\n<p data-start=\"2372\" data-end=\"2404\"><strong data-start=\"2372\" data-end=\"2404\">Foto\u011fraflar: NRW Post Aktuel<\/strong><\/p>\n","protected":false},"excerpt":{"rendered":"<p>Duisburg. Almanya\u2019daki T\u00fcrk k\u00f6kenli i\u015f insanlar\u0131 ve akademisyenler aras\u0131nda \u00f6nemli bir konuma sahip olan T\u00fcrk-Alman \u0130\u015f \u0130nsanlar\u0131 ve Akademisyenler Derne\u011fi TIAD e.V. Duisburg, ola\u011fan genel kurul toplant\u0131s\u0131n\u0131 ger\u00e7ekle\u015ftirdi. Toplant\u0131n\u0131n oda\u011f\u0131nda, d\u00f6nemsel y\u00f6netim kurulu se\u00e7imleri ve derne\u011fin \u00f6n\u00fcm\u00fczdeki y\u0131llara y\u00f6nelik stratejik planlamas\u0131 yer ald\u0131. \u00dcyeler, yap\u0131lan se\u00e7imlerde mevcut ba\u015fkan \u0130smail \u00dcnal\u2019\u0131 oybirli\u011fiyle yeniden ba\u015fkanl\u0131\u011fa se\u00e7erek hem [&hellip;]<\/p>\n","protected":false},"author":2,"featured_media":1231,"comment_status":"open","ping_status":"open","sticky":false,"template":"","format":"standard","meta":{"_crdt_document":"","_jetpack_memberships_contains_paid_content":false,"footnotes":""},"categories":[7],"tags":[],"class_list":["post-1228","post","type-post","status-publish","format-standard","has-post-thumbnail","hentry","category-guencel"],"jetpack_featured_media_url":"https:\/\/lokalbakis.de\/wp-content\/uploads\/2025\/12\/WhatsApp-Image-2025-12-05-at-23.27.58.jpeg","jetpack_sharing_enabled":true,"_links":{"self":[{"href":"https:\/\/lokalbakis.de\/index.php?rest_route=\/wp\/v2\/posts\/1228","targetHints":{"allow":["GET"]}}],"collection":[{"href":"https:\/\/lokalbakis.de\/index.php?rest_route=\/wp\/v2\/posts"}],"about":[{"href":"https:\/\/lokalbakis.de\/index.php?rest_route=\/wp\/v2\/types\/post"}],"author":[{"embeddable":true,"href":"https:\/\/lokalbakis.de\/index.php?rest_route=\/wp\/v2\/users\/2"}],"replies":[{"embeddable":true,"href":"https:\/\/lokalbakis.de\/index.php?rest_route=%2Fwp%2Fv2%2Fcomments&post=1228"}],"version-history":[{"count":2,"href":"https:\/\/lokalbakis.de\/index.php?rest_route=\/wp\/v2\/posts\/1228\/revisions"}],"predecessor-version":[{"id":1241,"href":"https:\/\/lokalbakis.de\/index.php?rest_route=\/wp\/v2\/posts\/1228\/revisions\/1241"}],"wp:featuredmedia":[{"embeddable":true,"href":"https:\/\/lokalbakis.de\/index.php?rest_route=\/wp\/v2\/media\/1231"}],"wp:attachment":[{"href":"https:\/\/lokalbakis.de\/index.php?rest_route=%2Fwp%2Fv2%2Fmedia&parent=1228"}],"wp:term":[{"taxonomy":"category","embeddable":true,"href":"https:\/\/lokalbakis.de\/index.php?rest_route=%2Fwp%2Fv2%2Fcategories&post=1228"},{"taxonomy":"post_tag","embeddable":true,"href":"https:\/\/lokalbakis.de\/index.php?rest_route=%2Fwp%2Fv2%2Ftags&post=1228"}],"curies":[{"name":"wp","href":"https:\/\/api.w.org\/{rel}","templated":true}]}}