{"id":1251,"date":"2025-12-12T19:48:08","date_gmt":"2025-12-12T18:48:08","guid":{"rendered":"https:\/\/lokalbakis.de\/?p=1251"},"modified":"2025-12-12T20:01:59","modified_gmt":"2025-12-12T19:01:59","slug":"uensal-group-almanyada-yatirimcilarla-bulusuyor","status":"publish","type":"post","link":"https:\/\/lokalbakis.de\/?p=1251","title":{"rendered":"\u00dcnsal Group Almanya\u2019da Yat\u0131r\u0131mc\u0131larla Bulu\u015fuyor"},"content":{"rendered":"<p>T\u00fcrkiye\u2019nin lider konut geli\u015ftiricilerinden \u00dcnsal Group, Almanya\u2019da d\u00fczenleyece\u011fi Proje Tan\u0131t\u0131m Etkinlikleri ile yat\u0131r\u0131mc\u0131larla bir araya geliyor. D\u00fcsseldorf ve Mannheim\u2019da ger\u00e7ekle\u015ftirilecek organizasyonlarda, \u00dcnsal Group\u2019un Ankara ba\u015fta olmak \u00fczere hayata ge\u00e7irdi\u011fi se\u00e7kin konut ve karma ya\u015fam projeleri tan\u0131t\u0131lacak.<\/p>\n<div class=\"detay\">\n<p>Etkinliklerin ilk dura\u011f\u0131 <strong>13\u201314 Aral\u0131k tarihlerinde D\u00fcsseldorf<\/strong> olacak. Tan\u0131t\u0131m toplant\u0131lar\u0131, <strong>Hilton D\u00fcsseldorf Hotel<\/strong>\u2019de saat <strong>09.00\u201321.00<\/strong> aras\u0131nda ger\u00e7ekle\u015ftirilecek. Ard\u0131ndan \u00dcnsal Group, <strong>20\u201321 Aral\u0131k tarihlerinde Mannheim<\/strong>\u2019da yat\u0131r\u0131mc\u0131larla bulu\u015facak. Mannheim\u2019daki etkinlik ise <strong>Radisson Blu Hotel Mannheim<\/strong>\u2019da yine <strong>09.00\u201321.00<\/strong> saatleri aras\u0131nda d\u00fczenlenecek.<\/p>\n<p><img loading=\"lazy\" decoding=\"async\" class=\"alignnone  wp-image-1255\" src=\"https:\/\/lokalbakis.de\/wp-content\/uploads\/2025\/12\/IMG_9292-193x300.jpg\" alt=\"\" width=\"1244\" height=\"1934\" srcset=\"https:\/\/lokalbakis.de\/wp-content\/uploads\/2025\/12\/IMG_9292-193x300.jpg 193w, https:\/\/lokalbakis.de\/wp-content\/uploads\/2025\/12\/IMG_9292-658x1024.jpg 658w, https:\/\/lokalbakis.de\/wp-content\/uploads\/2025\/12\/IMG_9292-768x1195.jpg 768w\" sizes=\"auto, (max-width: 1244px) 100vw, 1244px\" \/><\/p>\n<p>Proje tan\u0131t\u0131m etkinliklerinde, \u00dcnsal Group\u2019un mimari yakla\u015f\u0131m\u0131, yat\u0131r\u0131m potansiyeli y\u00fcksek projeleri, \u00f6deme ve yat\u0131r\u0131m modelleri hakk\u0131nda detayl\u0131 bilgiler payla\u015f\u0131lacak. Kat\u0131l\u0131mc\u0131lar, uzman ekiplerle birebir g\u00f6r\u00fc\u015fme imk\u00e2n\u0131 bulurken, T\u00fcrkiye\u2019de g\u00fcvenli ve s\u00fcrd\u00fcr\u00fclebilir gayrimenkul yat\u0131r\u0131m\u0131 f\u0131rsatlar\u0131n\u0131 yak\u0131ndan inceleme \u015fans\u0131 elde edecek.<\/p>\n<p>Yat\u0131r\u0131mc\u0131lar\u0131n yo\u011fun ilgi g\u00f6stermesi beklenen etkinlikler i\u00e7in randevu olu\u015fturmak isteyenler, <strong>+90 538 857 51 18<\/strong> numaral\u0131 telefon \u00fczerinden \u00dcnsal Group yetkilileriyle ileti\u015fime ge\u00e7ebiliyor.<\/p>\n<\/div>\n","protected":false},"excerpt":{"rendered":"<p>T\u00fcrkiye\u2019nin lider konut geli\u015ftiricilerinden \u00dcnsal Group, Almanya\u2019da d\u00fczenleyece\u011fi Proje Tan\u0131t\u0131m Etkinlikleri ile yat\u0131r\u0131mc\u0131larla bir araya geliyor. D\u00fcsseldorf ve Mannheim\u2019da ger\u00e7ekle\u015ftirilecek organizasyonlarda, \u00dcnsal Group\u2019un Ankara ba\u015fta olmak \u00fczere hayata ge\u00e7irdi\u011fi se\u00e7kin konut ve karma ya\u015fam projeleri tan\u0131t\u0131lacak. Etkinliklerin ilk dura\u011f\u0131 13\u201314 Aral\u0131k tarihlerinde D\u00fcsseldorf olacak. Tan\u0131t\u0131m toplant\u0131lar\u0131, Hilton D\u00fcsseldorf Hotel\u2019de saat 09.00\u201321.00 aras\u0131nda ger\u00e7ekle\u015ftirilecek. Ard\u0131ndan \u00dcnsal [&hellip;]<\/p>\n","protected":false},"author":2,"featured_media":1252,"comment_status":"open","ping_status":"open","sticky":false,"template":"","format":"standard","meta":{"_crdt_document":"","_jetpack_memberships_contains_paid_content":false,"footnotes":""},"categories":[7],"tags":[],"class_list":["post-1251","post","type-post","status-publish","format-standard","has-post-thumbnail","hentry","category-guencel"],"jetpack_featured_media_url":"https:\/\/lokalbakis.de\/wp-content\/uploads\/2025\/12\/Screenshot-2025-12-12-at-18-58-48-Facebook.png","jetpack_sharing_enabled":true,"_links":{"self":[{"href":"https:\/\/lokalbakis.de\/index.php?rest_route=\/wp\/v2\/posts\/1251","targetHints":{"allow":["GET"]}}],"collection":[{"href":"https:\/\/lokalbakis.de\/index.php?rest_route=\/wp\/v2\/posts"}],"about":[{"href":"https:\/\/lokalbakis.de\/index.php?rest_route=\/wp\/v2\/types\/post"}],"author":[{"embeddable":true,"href":"https:\/\/lokalbakis.de\/index.php?rest_route=\/wp\/v2\/users\/2"}],"replies":[{"embeddable":true,"href":"https:\/\/lokalbakis.de\/index.php?rest_route=%2Fwp%2Fv2%2Fcomments&post=1251"}],"version-history":[{"count":3,"href":"https:\/\/lokalbakis.de\/index.php?rest_route=\/wp\/v2\/posts\/1251\/revisions"}],"predecessor-version":[{"id":1256,"href":"https:\/\/lokalbakis.de\/index.php?rest_route=\/wp\/v2\/posts\/1251\/revisions\/1256"}],"wp:featuredmedia":[{"embeddable":true,"href":"https:\/\/lokalbakis.de\/index.php?rest_route=\/wp\/v2\/media\/1252"}],"wp:attachment":[{"href":"https:\/\/lokalbakis.de\/index.php?rest_route=%2Fwp%2Fv2%2Fmedia&parent=1251"}],"wp:term":[{"taxonomy":"category","embeddable":true,"href":"https:\/\/lokalbakis.de\/index.php?rest_route=%2Fwp%2Fv2%2Fcategories&post=1251"},{"taxonomy":"post_tag","embeddable":true,"href":"https:\/\/lokalbakis.de\/index.php?rest_route=%2Fwp%2Fv2%2Ftags&post=1251"}],"curies":[{"name":"wp","href":"https:\/\/api.w.org\/{rel}","templated":true}]}}