{"id":1262,"date":"2025-12-21T22:49:13","date_gmt":"2025-12-21T21:49:13","guid":{"rendered":"https:\/\/lokalbakis.de\/?p=1262"},"modified":"2025-12-22T00:49:46","modified_gmt":"2025-12-21T23:49:46","slug":"edremitten-almanyaya-gueclue-cikartma-turizm-ticaret-ve-hemsehri-is-birligi-ayni-hedefte-bulustu","status":"publish","type":"post","link":"https:\/\/lokalbakis.de\/?p=1262","title":{"rendered":"Edremit\u2019ten Almanya\u2019ya G\u00fc\u00e7l\u00fc \u00c7\u0131kartma: Turizm, Ticaret ve Hem\u015fehri \u0130\u015f Birli\u011fi Ayn\u0131 Hedefte Bulu\u015ftu"},"content":{"rendered":"<p><strong>D\u00fcsseldorf\/Duisburg.<\/strong> Bal\u0131kesir\u2019in Edremit il\u00e7esi, Almanya\u2019da ger\u00e7ekle\u015ftirilen kapsaml\u0131 temaslarla turizm ve ticarette yeni bir d\u00f6nemin kap\u0131s\u0131n\u0131 aralad\u0131. D\u00fcsseldorf ve Duisburg\u2019ta d\u00fczenlenen programlarda i\u015f birli\u011fi ve dayan\u0131\u015fma mesajlar\u0131 \u00f6ne \u00e7\u0131kt\u0131.<\/p>\n<p><img loading=\"lazy\" decoding=\"async\" class=\"alignnone wp-image-1274 \" src=\"https:\/\/lokalbakis.de\/wp-content\/uploads\/2025\/12\/3-300x111.png\" alt=\"\" width=\"1235\" height=\"457\" srcset=\"https:\/\/lokalbakis.de\/wp-content\/uploads\/2025\/12\/3-300x111.png 300w, https:\/\/lokalbakis.de\/wp-content\/uploads\/2025\/12\/3-1024x379.png 1024w, https:\/\/lokalbakis.de\/wp-content\/uploads\/2025\/12\/3-768x284.png 768w, https:\/\/lokalbakis.de\/wp-content\/uploads\/2025\/12\/3.png 1064w\" sizes=\"auto, (max-width: 1235px) 100vw, 1235px\" \/><\/p>\n<p>Bal\u0131kesir\u2019in Edremit il\u00e7esini Avrupa pazar\u0131nda daha g\u00fc\u00e7l\u00fc bir turizm ve ticaret merkezi h\u00e2line getirmek amac\u0131yla Almanya\u2019da kapsaml\u0131 temaslar ger\u00e7ekle\u015ftirildi. Edremit Ticaret Odas\u0131 \u00f6nc\u00fcl\u00fc\u011f\u00fcnde y\u00fcr\u00fct\u00fclen \u00e7al\u0131\u015fmalar; kamu kurumlar\u0131, meslek odalar\u0131, seyahat acenteleri ve sivil toplum kurulu\u015flar\u0131n\u0131 ortak bir vizyon etraf\u0131nda bir araya getirdi.<\/p>\n<p><img loading=\"lazy\" decoding=\"async\" class=\"alignnone wp-image-1300\" src=\"https:\/\/lokalbakis.de\/wp-content\/uploads\/2025\/12\/23-300x111.png\" alt=\"\" width=\"1251\" height=\"463\" srcset=\"https:\/\/lokalbakis.de\/wp-content\/uploads\/2025\/12\/23-300x111.png 300w, https:\/\/lokalbakis.de\/wp-content\/uploads\/2025\/12\/23-768x284.png 768w, https:\/\/lokalbakis.de\/wp-content\/uploads\/2025\/12\/23.png 851w\" sizes=\"auto, (max-width: 1251px) 100vw, 1251px\" \/><\/p>\n<p>Bu s\u00fcrecin ilk ad\u0131m\u0131, Edremit Ticaret Odas\u0131 taraf\u0131ndan 24\u201325\u201326 Ekim 2025 tarihlerinde d\u00fczenlenen <strong>Fest\u2019Olive Edremit Zeytinya\u011f\u0131 Tad\u0131m Festivali<\/strong> oldu. Festival kapsam\u0131nda Almanya\u2019n\u0131n D\u00fcsseldorf kentinde faaliyet g\u00f6steren seyahat acenteleri Edremit\u2019te a\u011f\u0131rland\u0131. Festival s\u00fcresince ger\u00e7ekle\u015ftirilen temaslarda, Edremit\u2019in yaln\u0131zca yaz turizmiyle de\u011fil; termal, sa\u011fl\u0131k, do\u011fa, gastronomi ve k\u00fclt\u00fcr turizmiyle de Avrupa pazar\u0131 i\u00e7in g\u00fc\u00e7l\u00fc bir destinasyon olabilece\u011fi vurguland\u0131.<\/p>\n<p>Festival sonras\u0131nda olu\u015fan bu olumlu ivmenin kal\u0131c\u0131 i\u015f birliklerine d\u00f6n\u00fc\u015ft\u00fcr\u00fclmesi amac\u0131yla, 18\u201321 Aral\u0131k 2025 tarihleri aras\u0131nda D\u00fcsseldorf\u2019a y\u00f6nelik kapsaml\u0131 bir i\u015f gezisi d\u00fczenlendi. Program, <strong>COOP TRR<\/strong> ile <strong>T\u00dcRSAB \u00c7anakkale\u2013Bal\u0131kesir<\/strong> B\u00f6lge Ba\u015fkanl\u0131\u011f\u0131 i\u015f birli\u011fiyle hayata ge\u00e7irildi.<\/p>\n<p><img loading=\"lazy\" decoding=\"async\" class=\"alignnone wp-image-1286\" src=\"https:\/\/lokalbakis.de\/wp-content\/uploads\/2025\/12\/33-300x111.png\" alt=\"\" width=\"1254\" height=\"464\" srcset=\"https:\/\/lokalbakis.de\/wp-content\/uploads\/2025\/12\/33-300x111.png 300w, https:\/\/lokalbakis.de\/wp-content\/uploads\/2025\/12\/33-768x284.png 768w, https:\/\/lokalbakis.de\/wp-content\/uploads\/2025\/12\/33.png 851w\" sizes=\"auto, (max-width: 1254px) 100vw, 1254px\" \/><\/p>\n<p>&nbsp;<\/p>\n<p><strong>Geni\u015f Kat\u0131l\u0131ml\u0131 Edremit Heyeti Almanya\u2019da<\/strong><\/p>\n<p>D\u00fczenlenen i\u015f gezisine \u015fu isimler kat\u0131l\u0131m sa\u011flad\u0131:<\/p>\n<ul>\n<li><strong>Ahmet Odaba\u015f<\/strong> \u2013 Edremit Kaymakam\u0131<\/li>\n<li><strong>Taner \u00d6demi\u015f<\/strong> \u2013 Edremit Koca Seyit Havaliman\u0131 M\u00fcd\u00fcr\u00fc<\/li>\n<li><strong>Esra Karako\u00e7<\/strong> \u2013 G\u00fcney Marmara Kalk\u0131nma Ajans\u0131, Turizm Destinasyon Y\u00f6netim Birimi Ba\u015fkan\u0131<\/li>\n<li><strong>Bayram Kayahan<\/strong> \u2013 Edremit Ticaret Odas\u0131 Meclis Ba\u015fkan\u0131<\/li>\n<li><strong>Ahmet \u00c7etin<\/strong> \u2013 Edremit Ticaret Odas\u0131 Y\u00f6netim Kurulu Ba\u015fkan\u0131<\/li>\n<li><strong>Ercan Tanu\u00e7<\/strong>, <strong>Bar\u0131\u015f S\u00f6zeri<\/strong> \u2013 Meclis Ba\u015fkan Yard\u0131mc\u0131lar\u0131<\/li>\n<li><strong>Fahri \u015e\u0131k<\/strong>, <strong>G\u00f6khan Yeler<\/strong>, <strong>Sava\u015f Can<\/strong>, <strong>Sezgin S\u00f6nmez<\/strong> \u2013 Y\u00f6netim Kurulu \u00dcyeleri<\/li>\n<li><strong>Fatih Erg\u00fcn<\/strong> \u2013 Y\u00f6netim Kurulu \u00dcyesi, T\u00dcRSAB \u00c7anakkale\u2013Bal\u0131kesir B\u00f6lge Ba\u015fkan\u0131<\/li>\n<li><strong>Atamer Ulusoy<\/strong> \u2013 Meclis \u00dcyesi<\/li>\n<li><strong>Halil Aktay<\/strong> \u2013 Tar\u0131m ve Hayvanc\u0131l\u0131k Meslek Komitesi Ba\u015fkan\u0131<\/li>\n<li><strong>Adil Oklu<\/strong> \u2013 Genel Sekreter Yard\u0131mc\u0131s\u0131<\/li>\n<li><strong>Tuna Salon<\/strong> \u2013 D\u0131\u015f Ticaret \/ \u00dcye \u0130li\u015fkileri Sorumlusu<\/li>\n<\/ul>\n<p>Heyet, Almanya temaslar\u0131n\u0131n ilk g\u00fcn\u00fcnde D\u00fcsseldorf\u2019ta bulunan <strong>Mediator Kijji Restaurant<\/strong>\u2019ta d\u00fczenlenen sunum ve B2B toplant\u0131lar\u0131nda \u00e7ok say\u0131da seyahat acentesi temsilcisiyle bir araya geldi. G\u00f6r\u00fc\u015fmelerde Edremit\u2019in d\u00f6rt mevsime yay\u0131lan turizm potansiyeli, Koca Seyit Havaliman\u0131\u2019n\u0131n stratejik rol\u00fc, Kazda\u011flar\u0131\u2019n\u0131n sundu\u011fu do\u011fa ve sa\u011fl\u0131k turizmi imk\u00e2nlar\u0131, termal tesisler ve zeytinya\u011f\u0131 temelli gastronomi \u00f6ne \u00e7\u0131kan ba\u015fl\u0131klar oldu.<\/p>\n<p><img loading=\"lazy\" decoding=\"async\" class=\"alignnone wp-image-1268\" src=\"https:\/\/lokalbakis.de\/wp-content\/uploads\/2025\/12\/8-300x111.png\" alt=\"\" width=\"1230\" height=\"455\" srcset=\"https:\/\/lokalbakis.de\/wp-content\/uploads\/2025\/12\/8-300x111.png 300w, https:\/\/lokalbakis.de\/wp-content\/uploads\/2025\/12\/8-1024x379.png 1024w, https:\/\/lokalbakis.de\/wp-content\/uploads\/2025\/12\/8-768x284.png 768w, https:\/\/lokalbakis.de\/wp-content\/uploads\/2025\/12\/8.png 1064w\" sizes=\"auto, (max-width: 1230px) 100vw, 1230px\" \/><\/p>\n<p><img loading=\"lazy\" decoding=\"async\" class=\"alignnone wp-image-1265\" src=\"https:\/\/lokalbakis.de\/wp-content\/uploads\/2025\/12\/15-300x111.png\" alt=\"\" width=\"1219\" height=\"451\" srcset=\"https:\/\/lokalbakis.de\/wp-content\/uploads\/2025\/12\/15-300x111.png 300w, https:\/\/lokalbakis.de\/wp-content\/uploads\/2025\/12\/15-1024x379.png 1024w, https:\/\/lokalbakis.de\/wp-content\/uploads\/2025\/12\/15-768x284.png 768w, https:\/\/lokalbakis.de\/wp-content\/uploads\/2025\/12\/15.png 1064w\" sizes=\"auto, (max-width: 1219px) 100vw, 1219px\" \/><\/p>\n<p><img loading=\"lazy\" decoding=\"async\" class=\"alignnone wp-image-1266\" src=\"https:\/\/lokalbakis.de\/wp-content\/uploads\/2025\/12\/16-300x111.png\" alt=\"\" width=\"1209\" height=\"448\" srcset=\"https:\/\/lokalbakis.de\/wp-content\/uploads\/2025\/12\/16-300x111.png 300w, https:\/\/lokalbakis.de\/wp-content\/uploads\/2025\/12\/16-1024x379.png 1024w, https:\/\/lokalbakis.de\/wp-content\/uploads\/2025\/12\/16-768x284.png 768w, https:\/\/lokalbakis.de\/wp-content\/uploads\/2025\/12\/16.png 1064w\" sizes=\"auto, (max-width: 1209px) 100vw, 1209px\" \/><\/p>\n<p><strong>Konsolosluk Ziyareti: Kurumsal Destek ve G\u00fc\u00e7l\u00fc Mesajlar<\/strong><\/p>\n<p>Edremit heyeti, program kapsam\u0131nda <strong>T.C. D\u00fcsseldorf Ba\u015fkonsoloslu\u011fu<\/strong>\u2019nu ziyaret ederek Ba\u015fkonsolos <strong>Ali \u0130hsan \u0130zbul<\/strong> ve <strong>Ticaret Ata\u015fesi P\u0131nar Aslan<\/strong> ile bir araya geldi. G\u00f6r\u00fc\u015fmelerde Edremit merkezli turizm ve ticaret hamlesinin hedefleri ayr\u0131nt\u0131l\u0131 \u015fekilde aktar\u0131ld\u0131.<\/p>\n<p><img loading=\"lazy\" decoding=\"async\" class=\"alignnone wp-image-1276\" src=\"https:\/\/lokalbakis.de\/wp-content\/uploads\/2025\/12\/5-300x111.png\" alt=\"\" width=\"1216\" height=\"450\" srcset=\"https:\/\/lokalbakis.de\/wp-content\/uploads\/2025\/12\/5-300x111.png 300w, https:\/\/lokalbakis.de\/wp-content\/uploads\/2025\/12\/5-1024x379.png 1024w, https:\/\/lokalbakis.de\/wp-content\/uploads\/2025\/12\/5-768x284.png 768w, https:\/\/lokalbakis.de\/wp-content\/uploads\/2025\/12\/5.png 1064w\" sizes=\"auto, (max-width: 1216px) 100vw, 1216px\" \/><\/p>\n<p>&nbsp;<\/p>\n<p><img loading=\"lazy\" decoding=\"async\" class=\"alignnone wp-image-1269\" src=\"https:\/\/lokalbakis.de\/wp-content\/uploads\/2025\/12\/9-300x111.png\" alt=\"\" width=\"1203\" height=\"445\" srcset=\"https:\/\/lokalbakis.de\/wp-content\/uploads\/2025\/12\/9-300x111.png 300w, https:\/\/lokalbakis.de\/wp-content\/uploads\/2025\/12\/9-1024x379.png 1024w, https:\/\/lokalbakis.de\/wp-content\/uploads\/2025\/12\/9-768x284.png 768w, https:\/\/lokalbakis.de\/wp-content\/uploads\/2025\/12\/9.png 1064w\" sizes=\"auto, (max-width: 1203px) 100vw, 1203px\" \/><\/p>\n<p>Ba\u015fkonsolos <strong>Ali \u0130hsan \u0130zbul<\/strong>, ziyaretten duydu\u011fu memnuniyeti dile getirerek g\u00f6rev b\u00f6lgesinde ya\u015fayan vatanda\u015flar\u0131n sosyal, k\u00fclt\u00fcrel ve ekonomik a\u00e7\u0131dan g\u00fc\u00e7l\u00fc ba\u011flarla bir arada olmas\u0131n\u0131n \u00f6nemine dikkat \u00e7ekti. \u00d6zellikle Almanya Bal\u0131kesirliler Derne\u011fi\u2019nin (BAL-DER) y\u00fcr\u00fctt\u00fc\u011f\u00fc \u00e7al\u0131\u015fmalar\u0131 yak\u0131ndan takip etti\u011fini belirten \u0130zbul, derne\u011fin k\u00fclt\u00fcrel ve toplumsal alandaki etkinliklerini takdirle kar\u015f\u0131lad\u0131\u011f\u0131n\u0131 ve bu t\u00fcr bulu\u015fmalarda bir araya gelmekten mutluluk duydu\u011funu ifade etti.<\/p>\n<p><img loading=\"lazy\" decoding=\"async\" class=\"alignnone wp-image-1275\" src=\"https:\/\/lokalbakis.de\/wp-content\/uploads\/2025\/12\/4-300x111.png\" alt=\"\" width=\"1224\" height=\"453\" srcset=\"https:\/\/lokalbakis.de\/wp-content\/uploads\/2025\/12\/4-300x111.png 300w, https:\/\/lokalbakis.de\/wp-content\/uploads\/2025\/12\/4-1024x379.png 1024w, https:\/\/lokalbakis.de\/wp-content\/uploads\/2025\/12\/4-768x284.png 768w, https:\/\/lokalbakis.de\/wp-content\/uploads\/2025\/12\/4.png 1064w\" sizes=\"auto, (max-width: 1224px) 100vw, 1224px\" \/><\/p>\n<p><img loading=\"lazy\" decoding=\"async\" class=\"alignnone wp-image-1273\" src=\"https:\/\/lokalbakis.de\/wp-content\/uploads\/2025\/12\/7-300x111.png\" alt=\"\" width=\"1232\" height=\"456\" srcset=\"https:\/\/lokalbakis.de\/wp-content\/uploads\/2025\/12\/7-300x111.png 300w, https:\/\/lokalbakis.de\/wp-content\/uploads\/2025\/12\/7-1024x379.png 1024w, https:\/\/lokalbakis.de\/wp-content\/uploads\/2025\/12\/7-768x284.png 768w, https:\/\/lokalbakis.de\/wp-content\/uploads\/2025\/12\/7.png 1064w\" sizes=\"auto, (max-width: 1232px) 100vw, 1232px\" \/><\/p>\n<p>\u0130zbul ayr\u0131ca Edremit\u2019e y\u00f6nelik y\u00fcr\u00fct\u00fclen tan\u0131t\u0131m ve i\u015f birli\u011fi \u00e7al\u0131\u015fmalar\u0131n\u0131 son derece k\u0131ymetli buldu\u011funu belirterek, Ba\u015fkonsolosluk olarak Edremit \u00f6zelinde yap\u0131lacak \u00e7al\u0131\u015fmalara severek destek vereceklerini dile getirdi.<\/p>\n<p><img loading=\"lazy\" decoding=\"async\" class=\"alignnone wp-image-1264 \" src=\"https:\/\/lokalbakis.de\/wp-content\/uploads\/2025\/12\/14-300x111.png\" alt=\"\" width=\"1211\" height=\"448\" srcset=\"https:\/\/lokalbakis.de\/wp-content\/uploads\/2025\/12\/14-300x111.png 300w, https:\/\/lokalbakis.de\/wp-content\/uploads\/2025\/12\/14-1024x379.png 1024w, https:\/\/lokalbakis.de\/wp-content\/uploads\/2025\/12\/14-768x284.png 768w, https:\/\/lokalbakis.de\/wp-content\/uploads\/2025\/12\/14.png 1064w\" sizes=\"auto, (max-width: 1211px) 100vw, 1211px\" \/><\/p>\n<p>Ticaret Ata\u015fesi <strong>P\u0131nar Aslan<\/strong> ise Kuzey Ren-Vestfalya (KRV) b\u00f6lgesinin Almanya\u2019n\u0131n en g\u00fc\u00e7l\u00fc ekonomik merkezlerinden biri oldu\u011funa dikkat \u00e7ekti. B\u00f6lgede faaliyet g\u00f6steren T\u00fcrk ve Alman i\u015f insanlar\u0131n\u0131n Edremit heyeti i\u00e7in \u00f6nemli f\u0131rsatlar sundu\u011funu ifade eden Aslan, tar\u0131m, g\u0131da, zeytinya\u011f\u0131 ve turizm alanlar\u0131nda kurulabilecek i\u015f birliklerinin desteklenece\u011fini vurgulad\u0131.<\/p>\n<p><img loading=\"lazy\" decoding=\"async\" class=\"alignnone wp-image-1270\" src=\"https:\/\/lokalbakis.de\/wp-content\/uploads\/2025\/12\/10-300x111.png\" alt=\"\" width=\"1219\" height=\"451\" srcset=\"https:\/\/lokalbakis.de\/wp-content\/uploads\/2025\/12\/10-300x111.png 300w, https:\/\/lokalbakis.de\/wp-content\/uploads\/2025\/12\/10-1024x379.png 1024w, https:\/\/lokalbakis.de\/wp-content\/uploads\/2025\/12\/10-768x284.png 768w, https:\/\/lokalbakis.de\/wp-content\/uploads\/2025\/12\/10.png 1064w\" sizes=\"auto, (max-width: 1219px) 100vw, 1219px\" \/><\/p>\n<p><img loading=\"lazy\" decoding=\"async\" class=\"alignnone wp-image-1272\" src=\"https:\/\/lokalbakis.de\/wp-content\/uploads\/2025\/12\/12-300x111.png\" alt=\"\" width=\"1224\" height=\"453\" srcset=\"https:\/\/lokalbakis.de\/wp-content\/uploads\/2025\/12\/12-300x111.png 300w, https:\/\/lokalbakis.de\/wp-content\/uploads\/2025\/12\/12-1024x379.png 1024w, https:\/\/lokalbakis.de\/wp-content\/uploads\/2025\/12\/12-768x284.png 768w, https:\/\/lokalbakis.de\/wp-content\/uploads\/2025\/12\/12.png 1064w\" sizes=\"auto, (max-width: 1224px) 100vw, 1224px\" \/><\/p>\n<p><img loading=\"lazy\" decoding=\"async\" class=\"alignnone wp-image-1271\" src=\"https:\/\/lokalbakis.de\/wp-content\/uploads\/2025\/12\/11-300x111.png\" alt=\"\" width=\"1208\" height=\"447\" srcset=\"https:\/\/lokalbakis.de\/wp-content\/uploads\/2025\/12\/11-300x111.png 300w, https:\/\/lokalbakis.de\/wp-content\/uploads\/2025\/12\/11-1024x379.png 1024w, https:\/\/lokalbakis.de\/wp-content\/uploads\/2025\/12\/11-768x284.png 768w, https:\/\/lokalbakis.de\/wp-content\/uploads\/2025\/12\/11.png 1064w\" sizes=\"auto, (max-width: 1208px) 100vw, 1208px\" \/><\/p>\n<p><strong>Duisburg\u2019ta BAL-DER Bulu\u015fmas\u0131: Ortak Haf\u0131za, Ortak Gelecek<\/strong><\/p>\n<p>Konsolosluk ziyaretinin ard\u0131ndan heyet, Duisburg\u2019ta bulunan ve kentin simge yap\u0131lar\u0131ndan biri olan <strong>Wasserturm<\/strong>\u2019da, Almanya Bal\u0131kesirliler Derne\u011fi (BAL-DER) taraf\u0131ndan d\u00fczenlenen ak\u015fam yeme\u011finde a\u011f\u0131rland\u0131.<\/p>\n<p><img loading=\"lazy\" decoding=\"async\" class=\"alignnone wp-image-1295\" src=\"https:\/\/lokalbakis.de\/wp-content\/uploads\/2025\/12\/18-2-300x111.png\" alt=\"\" width=\"1241\" height=\"459\" srcset=\"https:\/\/lokalbakis.de\/wp-content\/uploads\/2025\/12\/18-2-300x111.png 300w, https:\/\/lokalbakis.de\/wp-content\/uploads\/2025\/12\/18-2-768x284.png 768w, https:\/\/lokalbakis.de\/wp-content\/uploads\/2025\/12\/18-2.png 851w\" sizes=\"auto, (max-width: 1241px) 100vw, 1241px\" \/><\/p>\n<p>&nbsp;<\/p>\n<p><img loading=\"lazy\" decoding=\"async\" class=\"alignnone wp-image-1296\" src=\"https:\/\/lokalbakis.de\/wp-content\/uploads\/2025\/12\/19-2-300x111.png\" alt=\"\" width=\"1305\" height=\"483\" srcset=\"https:\/\/lokalbakis.de\/wp-content\/uploads\/2025\/12\/19-2-300x111.png 300w, https:\/\/lokalbakis.de\/wp-content\/uploads\/2025\/12\/19-2-768x284.png 768w, https:\/\/lokalbakis.de\/wp-content\/uploads\/2025\/12\/19-2.png 851w\" sizes=\"auto, (max-width: 1305px) 100vw, 1305px\" \/><\/p>\n<p>Samimi bir atmosferde ger\u00e7ekle\u015fen bulu\u015fmada, Avrupa\u2019da ya\u015fayan Bal\u0131kesirliler ile Edremit aras\u0131ndaki ba\u011flar\u0131n g\u00fc\u00e7lendirilmesi, k\u00fclt\u00fcrel etkinlikler, gen\u00e7lere y\u00f6nelik projeler ve turizm alan\u0131nda yap\u0131labilecek ortak \u00e7al\u0131\u015fmalar ele al\u0131nd\u0131. Gelecekte Edremit merkezli tan\u0131t\u0131m g\u00fcnleri, gastronomi etkinlikleri ve kar\u015f\u0131l\u0131kl\u0131 ziyaret programlar\u0131 d\u00fczenlenmesi konusunda g\u00f6r\u00fc\u015f birli\u011fine var\u0131ld\u0131. Program, kar\u015f\u0131l\u0131kl\u0131 hediye takdiminin ard\u0131ndan sona erdi.<\/p>\n<p><img loading=\"lazy\" decoding=\"async\" class=\"alignnone wp-image-1298\" src=\"https:\/\/lokalbakis.de\/wp-content\/uploads\/2025\/12\/21-1-300x111.png\" alt=\"\" width=\"1276\" height=\"472\" srcset=\"https:\/\/lokalbakis.de\/wp-content\/uploads\/2025\/12\/21-1-300x111.png 300w, https:\/\/lokalbakis.de\/wp-content\/uploads\/2025\/12\/21-1-768x284.png 768w, https:\/\/lokalbakis.de\/wp-content\/uploads\/2025\/12\/21-1.png 851w\" sizes=\"auto, (max-width: 1276px) 100vw, 1276px\" \/><\/p>\n<p><strong>Kaymakam Odaba\u015f: \u201cEkonomik G\u00fc\u00e7, Huzurun ve G\u00fcvenli\u011fin Temelidir\u201d<\/strong><\/p>\n<p><img loading=\"lazy\" decoding=\"async\" class=\"alignnone wp-image-1303\" src=\"https:\/\/lokalbakis.de\/wp-content\/uploads\/2025\/12\/26-300x111.png\" alt=\"\" width=\"1254\" height=\"464\" srcset=\"https:\/\/lokalbakis.de\/wp-content\/uploads\/2025\/12\/26-300x111.png 300w, https:\/\/lokalbakis.de\/wp-content\/uploads\/2025\/12\/26-768x284.png 768w, https:\/\/lokalbakis.de\/wp-content\/uploads\/2025\/12\/26.png 851w\" sizes=\"auto, (max-width: 1254px) 100vw, 1254px\" \/><\/p>\n<p>Edremit Kaymakam\u0131 Ahmet Odaba\u015f, bir il\u00e7ede g\u00fcvenli\u011fin ve sosyal refah\u0131n ancak g\u00fc\u00e7l\u00fc bir ekonomiyle m\u00fcmk\u00fcn olabilece\u011fini vurgulad\u0131. Edremit\u2019in co\u011frafi a\u00e7\u0131dan e\u015fine az rastlan\u0131r bir yap\u0131ya sahip oldu\u011funu belirten Odaba\u015f, k\u0131sa mesafelerde deniz seviyesinden 1.774 metre rak\u0131ma \u00e7\u0131k\u0131labilen ender b\u00f6lgelerden biri olduklar\u0131n\u0131 ifade etti.<\/p>\n<p>Yakla\u015f\u0131k 23 bin hektarl\u0131k alan\u0131n milli park stat\u00fcs\u00fcnde oldu\u011funu ve jeotermal kaynaklar\u0131n b\u00f6lgeye b\u00fcy\u00fck bir de\u011fer katt\u0131\u011f\u0131n\u0131 dile getiren Odaba\u015f, \u201cD\u00f6rt y\u0131ld\u0131r Edremit\u2019in ekonomisine ve turizmine nas\u0131l daha fazla katk\u0131 sunabiliriz, bunun i\u00e7in \u00e7al\u0131\u015f\u0131yoruz. Bug\u00fcn Almanya\u2019da bulunmam\u0131z da bu vizyonun \u00f6nemli bir par\u00e7as\u0131d\u0131r,\u201d dedi.<\/p>\n<p><strong>Karako\u00e7: \u201cKuzey Ege Markas\u0131n\u0131 Avrupa\u2019da G\u00fc\u00e7lendirmek \u0130stiyoruz\u201d<\/strong><\/p>\n<p><img loading=\"lazy\" decoding=\"async\" class=\"alignnone wp-image-1284\" src=\"https:\/\/lokalbakis.de\/wp-content\/uploads\/2025\/12\/31-300x111.png\" alt=\"\" width=\"1289\" height=\"477\" srcset=\"https:\/\/lokalbakis.de\/wp-content\/uploads\/2025\/12\/31-300x111.png 300w, https:\/\/lokalbakis.de\/wp-content\/uploads\/2025\/12\/31-768x284.png 768w, https:\/\/lokalbakis.de\/wp-content\/uploads\/2025\/12\/31.png 851w\" sizes=\"auto, (max-width: 1289px) 100vw, 1289px\" \/><\/p>\n<p>G\u00fcney Marmara Kalk\u0131nma Ajans\u0131 Turizm Destinasyon Y\u00f6netim Birimi Ba\u015fkan\u0131 <strong>Esra Karako\u00e7<\/strong>, Almanya\u2019n\u0131n Kuzey Ege i\u00e7in stratejik bir pazar oldu\u011funu belirtti. Direkt u\u00e7u\u015flar\u0131n artmas\u0131n\u0131n talebi g\u00fc\u00e7lendirdi\u011fini ifade eden Karako\u00e7, deniz, gastronomi, zeytinya\u011fl\u0131 mutfak ve Kazda\u011flar\u0131 co\u011frafyas\u0131yla b\u00f6lgenin geni\u015f bir turist profiline hitap etti\u011fini s\u00f6yledi. Karako\u00e7, do\u011fru tan\u0131t\u0131m ve do\u011fru i\u015f birlikleriyle Almanya pazar\u0131n\u0131n Edremit i\u00e7in son derece verimli bir alan olaca\u011f\u0131na inand\u0131klar\u0131n\u0131 vurgulad\u0131.<\/p>\n<h3 data-start=\"466\" data-end=\"554\"><strong data-start=\"470\" data-end=\"554\">Aziz \u015eahin: \u201cBu T\u00fcr Organizasyonlar G\u00fc\u00e7l\u00fc Birlikteliklerin Temelini Olu\u015fturuyor\u201d<\/strong><\/h3>\n<p><img loading=\"lazy\" decoding=\"async\" class=\"alignnone wp-image-1309 \" src=\"https:\/\/lokalbakis.de\/wp-content\/uploads\/2025\/12\/DSC03197-300x169.jpg\" alt=\"\" width=\"1251\" height=\"705\" srcset=\"https:\/\/lokalbakis.de\/wp-content\/uploads\/2025\/12\/DSC03197-300x169.jpg 300w, https:\/\/lokalbakis.de\/wp-content\/uploads\/2025\/12\/DSC03197-1024x576.jpg 1024w, https:\/\/lokalbakis.de\/wp-content\/uploads\/2025\/12\/DSC03197-768x432.jpg 768w, https:\/\/lokalbakis.de\/wp-content\/uploads\/2025\/12\/DSC03197-1536x864.jpg 1536w, https:\/\/lokalbakis.de\/wp-content\/uploads\/2025\/12\/DSC03197-2048x1152.jpg 2048w\" sizes=\"auto, (max-width: 1251px) 100vw, 1251px\" \/><\/p>\n<p data-start=\"556\" data-end=\"793\"><strong>AT\u0130K Uluslararas\u0131 Ticaret ve \u0130\u015f Birli\u011fi Konseyi<\/strong> Ba\u015fkan\u0131 <strong data-start=\"612\" data-end=\"626\">Aziz \u015eahin<\/strong>, D\u00fcsseldorf\u2019ta ger\u00e7ekle\u015ftirilen program\u0131n son derece ba\u015far\u0131l\u0131 ve \u00f6rnek bir organizasyon oldu\u011funu belirterek, s\u00fcrece katk\u0131 sunan t\u00fcm kurum ve payda\u015flara te\u015fekk\u00fcr etti.<\/p>\n<p data-start=\"795\" data-end=\"1146\">\u015eahin, Bal\u0131kesirlileri bir araya getiren ve farkl\u0131 sekt\u00f6rlerden geni\u015f bir kat\u0131l\u0131m sa\u011flayan bu organizasyonun, hem turizm hem de ticaret a\u00e7\u0131s\u0131ndan b\u00fcy\u00fck \u00f6nem ta\u015f\u0131d\u0131\u011f\u0131n\u0131 vurgulad\u0131. \u00d6zellikle COOP TRR\u2019nin koordinasyonunda y\u00fcr\u00fct\u00fclen \u00e7al\u0131\u015fmalar\u0131n, Almanya\u2019daki seyahat acenteleri ile T\u00fcrkiye\u2019deki kurumlar aras\u0131nda g\u00fc\u00e7l\u00fc bir k\u00f6pr\u00fc olu\u015fturdu\u011funu ifade etti.<\/p>\n<p data-start=\"795\" data-end=\"1146\"><img loading=\"lazy\" decoding=\"async\" class=\"alignnone wp-image-1287\" src=\"https:\/\/lokalbakis.de\/wp-content\/uploads\/2025\/12\/34-300x111.png\" alt=\"\" width=\"1300\" height=\"481\" srcset=\"https:\/\/lokalbakis.de\/wp-content\/uploads\/2025\/12\/34-300x111.png 300w, https:\/\/lokalbakis.de\/wp-content\/uploads\/2025\/12\/34-768x284.png 768w, https:\/\/lokalbakis.de\/wp-content\/uploads\/2025\/12\/34.png 851w\" sizes=\"auto, (max-width: 1300px) 100vw, 1300px\" \/><\/p>\n<p data-start=\"1148\" data-end=\"1510\">AT\u0130K olarak B2B g\u00f6r\u00fc\u015fmelerine aktif \u015fekilde kat\u0131ld\u0131klar\u0131n\u0131 belirten \u015eahin, ikili i\u015f g\u00f6r\u00fc\u015fmelerinin son derece verimli ge\u00e7ti\u011fini dile getirdi. Halil Yal\u00e7\u0131n\u2019\u0131n ayn\u0131 zamanda AT\u0130K b\u00fcnyesindeki Turizm Komisyonu Ba\u015fkanl\u0131\u011f\u0131 g\u00f6revini y\u00fcr\u00fctt\u00fc\u011f\u00fcn\u00fc hat\u0131rlatan \u015eahin, bu t\u00fcr hem\u015fehri temelli giri\u015fimlerin s\u00fcrd\u00fcr\u00fclebilir i\u015f birlikleri a\u00e7\u0131s\u0131ndan \u00e7ok k\u0131ymetli oldu\u011funu s\u00f6yledi.<\/p>\n<p data-start=\"1512\" data-end=\"1865\">D\u00fcnden bu yana ger\u00e7ekle\u015ftirilen yo\u011fun program kapsam\u0131nda; kaymakaml\u0131k, ticaret odas\u0131, b\u00fcrokrasi temsilcileri ve i\u015f insanlar\u0131n\u0131n Almanya\u2019daki farkl\u0131 sekt\u00f6rlerle uyum i\u00e7inde bir araya geldi\u011fini belirten \u015eahin, \u201cTurizm ayn\u0131 zamanda g\u00fc\u00e7l\u00fc bir organizasyon demektir. Bu organizasyon KOP TR ve COOP TRR taraf\u0131ndan \u00f6rnek bir \u015fekilde hayata ge\u00e7irilmi\u015ftir\u201d dedi.<\/p>\n<p data-start=\"1512\" data-end=\"1865\"><img loading=\"lazy\" decoding=\"async\" class=\"alignnone wp-image-1312\" src=\"https:\/\/lokalbakis.de\/wp-content\/uploads\/2025\/12\/IMG_9652-2-300x225.jpg\" alt=\"\" width=\"1240\" height=\"930\" srcset=\"https:\/\/lokalbakis.de\/wp-content\/uploads\/2025\/12\/IMG_9652-2-300x225.jpg 300w, https:\/\/lokalbakis.de\/wp-content\/uploads\/2025\/12\/IMG_9652-2-1024x768.jpg 1024w, https:\/\/lokalbakis.de\/wp-content\/uploads\/2025\/12\/IMG_9652-2-768x576.jpg 768w, https:\/\/lokalbakis.de\/wp-content\/uploads\/2025\/12\/IMG_9652-2-1536x1152.jpg 1536w, https:\/\/lokalbakis.de\/wp-content\/uploads\/2025\/12\/IMG_9652-2-2048x1536.jpg 2048w\" sizes=\"auto, (max-width: 1240px) 100vw, 1240px\" \/><\/p>\n<p data-start=\"1867\" data-end=\"2064\">Aziz \u015eahin, AT\u0130K olarak bu t\u00fcr nitelikli \u00e7al\u0131\u015fmalar\u0131 her zaman desteklediklerini vurgulayarak, benzer organizasyonlarda yer almaya ve i\u015f birli\u011fi i\u00e7inde hareket etmeye devam edeceklerini ifade etti.<\/p>\n<p><img loading=\"lazy\" decoding=\"async\" class=\"alignnone wp-image-1305\" src=\"https:\/\/lokalbakis.de\/wp-content\/uploads\/2025\/12\/28-300x111.png\" alt=\"\" width=\"1232\" height=\"456\" srcset=\"https:\/\/lokalbakis.de\/wp-content\/uploads\/2025\/12\/28-300x111.png 300w, https:\/\/lokalbakis.de\/wp-content\/uploads\/2025\/12\/28-768x284.png 768w, https:\/\/lokalbakis.de\/wp-content\/uploads\/2025\/12\/28.png 851w\" sizes=\"auto, (max-width: 1232px) 100vw, 1232px\" \/><\/p>\n<p>&nbsp;<\/p>\n<p><strong>Halil Yal\u00e7\u0131n: \u201cBu S\u00fcrecin Temelinde Birlik ve Tan\u0131\u015fma Var\u201d<\/strong><\/p>\n<p><img loading=\"lazy\" decoding=\"async\" class=\"alignnone wp-image-1289\" src=\"https:\/\/lokalbakis.de\/wp-content\/uploads\/2025\/12\/DSC03189-300x169.jpg\" alt=\"\" width=\"1243\" height=\"700\" srcset=\"https:\/\/lokalbakis.de\/wp-content\/uploads\/2025\/12\/DSC03189-300x169.jpg 300w, https:\/\/lokalbakis.de\/wp-content\/uploads\/2025\/12\/DSC03189-1024x576.jpg 1024w, https:\/\/lokalbakis.de\/wp-content\/uploads\/2025\/12\/DSC03189-768x432.jpg 768w, https:\/\/lokalbakis.de\/wp-content\/uploads\/2025\/12\/DSC03189-1536x864.jpg 1536w, https:\/\/lokalbakis.de\/wp-content\/uploads\/2025\/12\/DSC03189-2048x1152.jpg 2048w\" sizes=\"auto, (max-width: 1243px) 100vw, 1243px\" \/><\/p>\n<p>Yes Reisen ve COOP TR Genel Koordinat\u00f6r\u00fc <strong>Halil Yal\u00e7\u0131n<\/strong>, s\u00fcrecin yaln\u0131zca bir turizm faaliyeti de\u011fil, ayn\u0131 zamanda g\u00fc\u00e7l\u00fc bir hem\u015fehri ve dayan\u0131\u015fma hareketi oldu\u011funu vurgulad\u0131. Bal\u0131kesir\u2019i yak\u0131ndan tan\u0131d\u0131ktan sonra b\u00f6lgenin Avrupa pazar\u0131 i\u00e7in g\u00fc\u00e7l\u00fc bir destinasyon potansiyeline sahip oldu\u011funa inand\u0131\u011f\u0131n\u0131 belirten Yal\u00e7\u0131n, \u201c\u00d6nce Bal\u0131kesir\u2019i Bal\u0131kesirlilerle tan\u0131\u015ft\u0131ral\u0131m istedik. Birlik sa\u011fland\u0131\u011f\u0131nda Edremit\u2019in Avrupa\u2019da g\u00fc\u00e7l\u00fc bir marka h\u00e2line gelmesi ka\u00e7\u0131n\u0131lmazd\u0131r,\u201d dedi.<\/p>\n<p><strong>M\u00fcmin Ulu\u00e7: \u201cK\u00fclt\u00fcr, Gen\u00e7lik ve Aidiyet Bu T\u00fcr Bulu\u015fmalarla G\u00fc\u00e7leniyor\u201d<\/strong><\/p>\n<p><img loading=\"lazy\" decoding=\"async\" class=\"alignnone wp-image-1288\" src=\"https:\/\/lokalbakis.de\/wp-content\/uploads\/2025\/12\/35-300x111.png\" alt=\"\" width=\"1254\" height=\"464\" srcset=\"https:\/\/lokalbakis.de\/wp-content\/uploads\/2025\/12\/35-300x111.png 300w, https:\/\/lokalbakis.de\/wp-content\/uploads\/2025\/12\/35-768x284.png 768w, https:\/\/lokalbakis.de\/wp-content\/uploads\/2025\/12\/35.png 851w\" sizes=\"auto, (max-width: 1254px) 100vw, 1254px\" \/><\/p>\n<p>Programa kat\u0131lan Kapadokya K\u00fclt\u00fcr ve Dayan\u0131\u015fma Derne\u011fi Ba\u015fkan\u0131 <strong>M\u00fcmin Ulu\u00e7<\/strong>, yapt\u0131\u011f\u0131 konu\u015fmada Almanya\u2019daki Bal\u0131kesirliler Derne\u011fi\u2019nin (BAL-DER) y\u0131llard\u0131r s\u00fcrd\u00fcrd\u00fc\u011f\u00fc \u00e7al\u0131\u015fmalar\u0131 takdirle takip ettiklerini belirtti. Ulu\u00e7, BAL-DER\u2019in yaln\u0131zca bir hem\u015fehri derne\u011fi de\u011fil, ayn\u0131 zamanda k\u00fclt\u00fcr\u00fcn, tarihin ve toplumsal haf\u0131zan\u0131n Avrupa\u2019da ya\u015fat\u0131lmas\u0131na \u00f6nemli katk\u0131lar sunan g\u00fc\u00e7l\u00fc bir yap\u0131 oldu\u011funu vurgulad\u0131.<\/p>\n<p>Bal\u0131kesir derneklerinin Avrupa\u2019daki etkinlikleriyle \u00f6rnek bir duru\u015f sergiledi\u011fini ifade eden Ulu\u00e7, \u00f6zellikle milli bayramlar, anma g\u00fcnleri, folklor faaliyetleri ve k\u00fclt\u00fcrel programlar\u0131n gen\u00e7 nesiller a\u00e7\u0131s\u0131ndan b\u00fcy\u00fck \u00f6nem ta\u015f\u0131d\u0131\u011f\u0131n\u0131 s\u00f6yledi. \u00c7ocuklar\u0131n ve gen\u00e7lerin, k\u00f6klerini ve tarihlerini bu t\u00fcr organizasyonlar sayesinde tan\u0131d\u0131\u011f\u0131n\u0131 belirten Ulu\u00e7, \u201cGen\u00e7lerimizin kimliklerini, k\u00fclt\u00fcrlerini ve aidiyet duygular\u0131n\u0131 koruyabilmeleri i\u00e7in bu \u00e7al\u0131\u015fmalar son derece k\u0131ymetlidir\u201d dedi.<\/p>\n<p><img loading=\"lazy\" decoding=\"async\" class=\"alignnone wp-image-1282\" src=\"https:\/\/lokalbakis.de\/wp-content\/uploads\/2025\/12\/29-300x111.png\" alt=\"\" width=\"1241\" height=\"459\" srcset=\"https:\/\/lokalbakis.de\/wp-content\/uploads\/2025\/12\/29-300x111.png 300w, https:\/\/lokalbakis.de\/wp-content\/uploads\/2025\/12\/29-768x284.png 768w, https:\/\/lokalbakis.de\/wp-content\/uploads\/2025\/12\/29.png 851w\" sizes=\"auto, (max-width: 1241px) 100vw, 1241px\" \/><\/p>\n<p>Edremit heyetinin Almanya ziyaretinden duydu\u011fu memnuniyeti de dile getiren Ulu\u00e7, Avrupa\u2019da ya\u015fayan T\u00fcrklerin ve Bal\u0131kesirlilerin yaln\u0131zca ekonomik de\u011fil, manevi olarak da kucaklanmaya ihtiya\u00e7 duydu\u011funu ifade etti. Bu t\u00fcr ziyaretlerin, yurt d\u0131\u015f\u0131ndaki vatanda\u015flarla T\u00fcrkiye aras\u0131ndaki g\u00f6n\u00fcl ba\u011flar\u0131n\u0131 g\u00fc\u00e7lendirdi\u011fini vurgulayan Ulu\u00e7, kamu kurumlar\u0131, meslek odalar\u0131 ve sivil toplum kurulu\u015flar\u0131n\u0131n birlikte hareket etmesinin \u00f6nemine dikkat \u00e7ekti.<\/p>\n<p>Konu\u015fmas\u0131nda gen\u00e7lere yap\u0131lan yat\u0131r\u0131mlar\u0131n uzun vadeli bir kazan\u0131m oldu\u011funu da dile getiren Ulu\u00e7, ge\u00e7mi\u015fte benzer projelerle gen\u00e7lerin memleketleriyle tan\u0131\u015ft\u0131r\u0131ld\u0131\u011f\u0131n\u0131 ve bunun meyvelerinin y\u0131llar sonra al\u0131nd\u0131\u011f\u0131n\u0131 belirtti. \u201cGen\u00e7lere yap\u0131lan her yat\u0131r\u0131m, gelece\u011fe yap\u0131lan yat\u0131r\u0131md\u0131r\u201d diyen Ulu\u00e7, bu anlay\u0131\u015f\u0131n yayg\u0131nla\u015fmas\u0131 gerekti\u011fini ifade etti.<\/p>\n<p><img loading=\"lazy\" decoding=\"async\" class=\"alignnone wp-image-1299\" src=\"https:\/\/lokalbakis.de\/wp-content\/uploads\/2025\/12\/22-300x111.png\" alt=\"\" width=\"1276\" height=\"472\" srcset=\"https:\/\/lokalbakis.de\/wp-content\/uploads\/2025\/12\/22-300x111.png 300w, https:\/\/lokalbakis.de\/wp-content\/uploads\/2025\/12\/22-768x284.png 768w, https:\/\/lokalbakis.de\/wp-content\/uploads\/2025\/12\/22.png 851w\" sizes=\"auto, (max-width: 1276px) 100vw, 1276px\" \/><\/p>\n<p><strong>Neden Edremit? \u2013 Avrupa Pazar\u0131 \u0130\u00e7in Do\u011fal ve Stratejik Bir Merkez<\/strong><\/p>\n<p>Edremit; e\u015fsiz co\u011frafyas\u0131, termal kaynaklar\u0131, zeytinya\u011f\u0131 ve gastronomi g\u00fcc\u00fc, ula\u015f\u0131m avantajlar\u0131 ve Avrupa\u2019daki g\u00fc\u00e7l\u00fc hem\u015fehri a\u011f\u0131yla d\u00f6rt mevsime yay\u0131lan s\u00fcrd\u00fcr\u00fclebilir bir destinasyon olarak \u00f6ne \u00e7\u0131k\u0131yor. Koca Seyit Havaliman\u0131\u2019ndan Almanya\u2019ya yap\u0131lan direkt u\u00e7u\u015flar, Edremit\u2019i Avrupa pazar\u0131 i\u00e7in eri\u015filebilir ve cazip k\u0131l\u0131yor.<\/p>\n<p><img loading=\"lazy\" decoding=\"async\" class=\"alignnone wp-image-1307\" src=\"https:\/\/lokalbakis.de\/wp-content\/uploads\/2025\/12\/30-1-300x111.png\" alt=\"\" width=\"1270\" height=\"470\" srcset=\"https:\/\/lokalbakis.de\/wp-content\/uploads\/2025\/12\/30-1-300x111.png 300w, https:\/\/lokalbakis.de\/wp-content\/uploads\/2025\/12\/30-1-768x284.png 768w, https:\/\/lokalbakis.de\/wp-content\/uploads\/2025\/12\/30-1.png 851w\" sizes=\"auto, (max-width: 1270px) 100vw, 1270px\" \/><\/p>\n<p><strong>LokalBak\u0131\u015f\u2018\u0131n Notu<\/strong><\/p>\n<p>Bu dosya haber, Edremit\u2019in yaln\u0131zca bir turizm destinasyonu de\u011fil; k\u00fclt\u00fcr\u00fc, gastronomisi, tar\u0131m\u0131 ve insan kayna\u011f\u0131yla b\u00fct\u00fcnc\u00fcl bir kalk\u0131nma modeli olarak ele al\u0131nd\u0131\u011f\u0131n\u0131 ortaya koyuyor. Almanya\u2019da ger\u00e7ekle\u015ftirilen temaslar, ge\u00e7ici tan\u0131t\u0131m faaliyetlerinin \u00f6tesinde, planl\u0131 ve \u00e7ok akt\u00f6rl\u00fc bir vizyonun somut g\u00f6stergesi niteli\u011finde. At\u0131lan ad\u0131mlar, Edremit\u2019in Avrupa pazar\u0131nda kal\u0131c\u0131 bir konum elde etme hedefinin g\u00fc\u00e7l\u00fc bir yans\u0131mas\u0131 olarak dikkat \u00e7ekiyor.<\/p>\n<p><img loading=\"lazy\" decoding=\"async\" class=\"alignnone wp-image-1304\" src=\"https:\/\/lokalbakis.de\/wp-content\/uploads\/2025\/12\/27-300x111.png\" alt=\"\" width=\"1246\" height=\"461\" srcset=\"https:\/\/lokalbakis.de\/wp-content\/uploads\/2025\/12\/27-300x111.png 300w, https:\/\/lokalbakis.de\/wp-content\/uploads\/2025\/12\/27-768x284.png 768w, https:\/\/lokalbakis.de\/wp-content\/uploads\/2025\/12\/27.png 851w\" sizes=\"auto, (max-width: 1246px) 100vw, 1246px\" \/><\/p>\n<p>&nbsp;<\/p>\n<p>Fotoraflar:LokalBakis<\/p>\n","protected":false},"excerpt":{"rendered":"<p>D\u00fcsseldorf\/Duisburg. Bal\u0131kesir\u2019in Edremit il\u00e7esi, Almanya\u2019da ger\u00e7ekle\u015ftirilen kapsaml\u0131 temaslarla turizm ve ticarette yeni bir d\u00f6nemin kap\u0131s\u0131n\u0131 aralad\u0131. D\u00fcsseldorf ve Duisburg\u2019ta d\u00fczenlenen programlarda i\u015f birli\u011fi ve dayan\u0131\u015fma mesajlar\u0131 \u00f6ne \u00e7\u0131kt\u0131. Bal\u0131kesir\u2019in Edremit il\u00e7esini Avrupa pazar\u0131nda daha g\u00fc\u00e7l\u00fc bir turizm ve ticaret merkezi h\u00e2line getirmek amac\u0131yla Almanya\u2019da kapsaml\u0131 temaslar ger\u00e7ekle\u015ftirildi. Edremit Ticaret Odas\u0131 \u00f6nc\u00fcl\u00fc\u011f\u00fcnde y\u00fcr\u00fct\u00fclen \u00e7al\u0131\u015fmalar; kamu kurumlar\u0131, [&hellip;]<\/p>\n","protected":false},"author":2,"featured_media":1263,"comment_status":"open","ping_status":"open","sticky":false,"template":"","format":"standard","meta":{"_crdt_document":"","_jetpack_memberships_contains_paid_content":false,"footnotes":""},"categories":[7],"tags":[],"class_list":["post-1262","post","type-post","status-publish","format-standard","has-post-thumbnail","hentry","category-guencel"],"jetpack_featured_media_url":"https:\/\/lokalbakis.de\/wp-content\/uploads\/2025\/12\/13.png","jetpack_sharing_enabled":true,"_links":{"self":[{"href":"https:\/\/lokalbakis.de\/index.php?rest_route=\/wp\/v2\/posts\/1262","targetHints":{"allow":["GET"]}}],"collection":[{"href":"https:\/\/lokalbakis.de\/index.php?rest_route=\/wp\/v2\/posts"}],"about":[{"href":"https:\/\/lokalbakis.de\/index.php?rest_route=\/wp\/v2\/types\/post"}],"author":[{"embeddable":true,"href":"https:\/\/lokalbakis.de\/index.php?rest_route=\/wp\/v2\/users\/2"}],"replies":[{"embeddable":true,"href":"https:\/\/lokalbakis.de\/index.php?rest_route=%2Fwp%2Fv2%2Fcomments&post=1262"}],"version-history":[{"count":10,"href":"https:\/\/lokalbakis.de\/index.php?rest_route=\/wp\/v2\/posts\/1262\/revisions"}],"predecessor-version":[{"id":1316,"href":"https:\/\/lokalbakis.de\/index.php?rest_route=\/wp\/v2\/posts\/1262\/revisions\/1316"}],"wp:featuredmedia":[{"embeddable":true,"href":"https:\/\/lokalbakis.de\/index.php?rest_route=\/wp\/v2\/media\/1263"}],"wp:attachment":[{"href":"https:\/\/lokalbakis.de\/index.php?rest_route=%2Fwp%2Fv2%2Fmedia&parent=1262"}],"wp:term":[{"taxonomy":"category","embeddable":true,"href":"https:\/\/lokalbakis.de\/index.php?rest_route=%2Fwp%2Fv2%2Fcategories&post=1262"},{"taxonomy":"post_tag","embeddable":true,"href":"https:\/\/lokalbakis.de\/index.php?rest_route=%2Fwp%2Fv2%2Ftags&post=1262"}],"curies":[{"name":"wp","href":"https:\/\/api.w.org\/{rel}","templated":true}]}}