{"id":1322,"date":"2026-01-04T14:21:14","date_gmt":"2026-01-04T13:21:14","guid":{"rendered":"https:\/\/lokalbakis.de\/?p=1322"},"modified":"2026-01-04T14:21:14","modified_gmt":"2026-01-04T13:21:14","slug":"avrupanin-kalbinde-tuerkce-zirvesi-5-uluslararasi-genc-yazarlar-kurultayi-strazburgda-tamamlandi","status":"publish","type":"post","link":"https:\/\/lokalbakis.de\/?p=1322","title":{"rendered":"Avrupa\u2019n\u0131n Kalbinde &#8222;T\u00fcrk\u00e7e&#8220; Zirvesi: 5. Uluslararas\u0131 Gen\u00e7 Yazarlar Kurultay\u0131 Strazburg\u2019da Tamamland\u0131"},"content":{"rendered":"<p> Yurtd\u0131\u015f\u0131 T\u00fcrkler ve Akraba Topluluklar Ba\u015fkanl\u0131\u011f\u0131 (YTB) ve T\u00fcrkiye Yazarlar Birli\u011fi (TYB) i\u015f birli\u011fiyle d\u00fczenlenen 5. Uluslararas\u0131 Gen\u00e7 Yazarlar Kurultay\u0131, Strazburg\u2019da ger\u00e7ekle\u015ftirilen kapan\u0131\u015f ve sertifika t\u00f6reniyle sona erdi. YTB Ba\u015fkan\u0131 Abdulhadi Turus, &#8222;Amac\u0131m\u0131z Avrupa\u2019da sadece n\u00fcfus olarak de\u011fil, entelekt\u00fcel bir g\u00fc\u00e7 olarak da var olmakt\u0131r&#8220; mesaj\u0131n\u0131 verdi.<\/p>\n<p>Avrupa\u2019n\u0131n farkl\u0131 \u00fclkelerinde ya\u015fayan ve T\u00fcrk\u00e7e eserler \u00fcreten gen\u00e7 kalemleri usta yazarlarla bir araya getiren 5. Uluslararas\u0131 Gen\u00e7 Yazarlar Kurultay\u0131, Strazburg\u2019da d\u00fczenlenen sertifika program\u0131yla nihayete erdi.<\/p>\n<p>&#8222;Usta-\u00c7\u0131rak Bulu\u015fmas\u0131&#8220;<\/p>\n<p>Avrupa T\u00fcrk Edebiyat\u0131&#8217;n\u0131n temellerini g\u00fc\u00e7lendirmek ve diasporadaki gen\u00e7lerin anadilleriyle kurduklar\u0131 ba\u011f\u0131 edebi bir derinli\u011fe ta\u015f\u0131mak amac\u0131yla d\u00fczenlenen kurultayda, 7 \u00fclkeden 40 gen\u00e7 yazar; \u00f6yk\u00fc, \u015fiir, deneme ve d\u00fc\u015f\u00fcnce d\u00fcnyas\u0131 \u00fczerine at\u00f6lye \u00e7al\u0131\u015fmalar\u0131na kat\u0131ld\u0131.<\/p>\n<p>Kapan\u0131\u015f program\u0131na YTB Ba\u015fkan\u0131 Abdulhadi Turus, T.C. Strazburg Ba\u015fkonsolosu Murat Onart ve TYB Genel Ba\u015fkan\u0131 Prof. Dr. Musa Kaz\u0131m Ar\u0131can kat\u0131ld\u0131.<\/p>\n<p>&#8222;Avrupa T\u00fcrk Edebiyat\u0131 \u0130\u00e7in Bir Mektep&#8220;<\/p>\n<p>T\u00f6rende konu\u015fan YTB Ba\u015fkan\u0131 Abdulhadi Turus, YTB\u2019nin &#8222;Telve&#8220; dergisi ve yazarl\u0131k akademileriyle Avrupa\u2019da yeni bir entelekt\u00fcel damar a\u00e7t\u0131\u011f\u0131n\u0131 vurgulad\u0131. Turus, \u015funlar\u0131 kaydetti:<\/p>\n<p>&#8222;Avrupa\u2019n\u0131n kalbinde T\u00fcrk\u00e7enin irfan\u0131yla mayalanan bu gen\u00e7 zihinler, &#8218;usta-\u00e7\u0131rak&#8216; tedrisat\u0131ndan ge\u00e7erek gelece\u011fin fikir i\u015f\u00e7ileri olacakt\u0131r. Bu kurultay, Avrupa T\u00fcrk Edebiyat\u0131&#8217;n\u0131n in\u015fas\u0131 i\u00e7in adeta bir mektep vazifesi g\u00f6rm\u00fc\u015ft\u00fcr. Bizim \u00e7abam\u0131z; gen\u00e7lerimizin sadece konu\u015fulan\u0131 duymas\u0131 de\u011fil, d\u00fcnyaya s\u00f6yleyecek s\u00f6zlerinin olmas\u0131d\u0131r. Avrupa\u2019da T\u00fcrk\u00e7enin edebi derinli\u011fini ya\u015fatacak yeni nesil m\u00fcnevverlerimizle gurur duyuyoruz.&#8220;<\/p>\n<p>Gen\u00e7lere, kalemlerini sadece estetik bir ara\u00e7 olarak de\u011fil, adaletin sesi olarak da kullanmalar\u0131 \u00e7a\u011fr\u0131s\u0131nda bulunan Ba\u015fkan Turus; &#8222;Kaleminiz daima hakikati yazs\u0131n, mazlum co\u011frafyalar\u0131n sesi olsun&#8220; ifadelerini kulland\u0131.<\/p>\n<p>Edebiyat\u0131n Usta \u0130simleri Gen\u00e7lerle Bulu\u015ftu<\/p>\n<p>Programda gen\u00e7 yazarlar; Prof. Dr. Muhammed Enes Kala, Prof. Dr. Dursun Ali T\u00f6kel, Mehmet Kurto\u011flu, Dr. Musab Talha Akp\u0131nar, Dr. Yunus Emre Ayd\u0131nba\u015f ve usta \u00f6yk\u00fcc\u00fc Necip Tosun gibi isimlerin rehberli\u011finde teknik ve teorik dersler ald\u0131.<\/p>\n<p>YTB ve TYB i\u015f birli\u011fiyle gelenekselle\u015fen kurultay, sertifika takdimi ve hat\u0131ra foto\u011fraf\u0131 \u00e7ekimiyle son buldu.<\/p>\n","protected":false},"excerpt":{"rendered":"<p>Yurtd\u0131\u015f\u0131 T\u00fcrkler ve Akraba Topluluklar Ba\u015fkanl\u0131\u011f\u0131 (YTB) ve T\u00fcrkiye Yazarlar Birli\u011fi (TYB) i\u015f birli\u011fiyle d\u00fczenlenen 5. Uluslararas\u0131 Gen\u00e7 Yazarlar Kurultay\u0131, Strazburg\u2019da ger\u00e7ekle\u015ftirilen kapan\u0131\u015f ve sertifika t\u00f6reniyle sona erdi. YTB Ba\u015fkan\u0131 Abdulhadi Turus, &#8222;Amac\u0131m\u0131z Avrupa\u2019da sadece n\u00fcfus olarak de\u011fil, entelekt\u00fcel bir g\u00fc\u00e7 olarak da var olmakt\u0131r&#8220; mesaj\u0131n\u0131 verdi. Avrupa\u2019n\u0131n farkl\u0131 \u00fclkelerinde ya\u015fayan ve T\u00fcrk\u00e7e eserler \u00fcreten [&hellip;]<\/p>\n","protected":false},"author":2,"featured_media":1323,"comment_status":"open","ping_status":"open","sticky":false,"template":"","format":"standard","meta":{"_crdt_document":"","_jetpack_memberships_contains_paid_content":false,"footnotes":""},"categories":[7],"tags":[],"class_list":["post-1322","post","type-post","status-publish","format-standard","has-post-thumbnail","hentry","category-guencel"],"jetpack_featured_media_url":"https:\/\/lokalbakis.de\/wp-content\/uploads\/2026\/01\/1-2025StrazburgGencYazarlar.jpeg","jetpack_sharing_enabled":true,"_links":{"self":[{"href":"https:\/\/lokalbakis.de\/index.php?rest_route=\/wp\/v2\/posts\/1322","targetHints":{"allow":["GET"]}}],"collection":[{"href":"https:\/\/lokalbakis.de\/index.php?rest_route=\/wp\/v2\/posts"}],"about":[{"href":"https:\/\/lokalbakis.de\/index.php?rest_route=\/wp\/v2\/types\/post"}],"author":[{"embeddable":true,"href":"https:\/\/lokalbakis.de\/index.php?rest_route=\/wp\/v2\/users\/2"}],"replies":[{"embeddable":true,"href":"https:\/\/lokalbakis.de\/index.php?rest_route=%2Fwp%2Fv2%2Fcomments&post=1322"}],"version-history":[{"count":1,"href":"https:\/\/lokalbakis.de\/index.php?rest_route=\/wp\/v2\/posts\/1322\/revisions"}],"predecessor-version":[{"id":1324,"href":"https:\/\/lokalbakis.de\/index.php?rest_route=\/wp\/v2\/posts\/1322\/revisions\/1324"}],"wp:featuredmedia":[{"embeddable":true,"href":"https:\/\/lokalbakis.de\/index.php?rest_route=\/wp\/v2\/media\/1323"}],"wp:attachment":[{"href":"https:\/\/lokalbakis.de\/index.php?rest_route=%2Fwp%2Fv2%2Fmedia&parent=1322"}],"wp:term":[{"taxonomy":"category","embeddable":true,"href":"https:\/\/lokalbakis.de\/index.php?rest_route=%2Fwp%2Fv2%2Fcategories&post=1322"},{"taxonomy":"post_tag","embeddable":true,"href":"https:\/\/lokalbakis.de\/index.php?rest_route=%2Fwp%2Fv2%2Ftags&post=1322"}],"curies":[{"name":"wp","href":"https:\/\/api.w.org\/{rel}","templated":true}]}}