{"id":1357,"date":"2026-01-11T21:33:16","date_gmt":"2026-01-11T20:33:16","guid":{"rendered":"https:\/\/lokalbakis.de\/?p=1357"},"modified":"2026-01-11T21:33:16","modified_gmt":"2026-01-11T20:33:16","slug":"balder-yeni-yoenetimini-belirledi","status":"publish","type":"post","link":"https:\/\/lokalbakis.de\/?p=1357","title":{"rendered":"BALDER Yeni Y\u00f6netimini Belirledi"},"content":{"rendered":"<p data-path-to-node=\"3\"><b data-path-to-node=\"3\" data-index-in-node=\"0\">Almanya Bal\u0131kesirliler Derne\u011fi (BALDER), 11. Ola\u011fan Genel Kurulu\u2019nu Duisburg-Rheinhausen\u2019de yo\u011fun bir kat\u0131l\u0131mla ger\u00e7ekle\u015ftirdi. Hem\u015fehrilerin b\u00fcy\u00fck ilgi g\u00f6sterdi\u011fi kongrede Ferruh Fidan, g\u00fcven tazeleyerek yeniden ba\u015fkanl\u0131\u011fa se\u00e7ildi.<\/b><\/p>\n<p data-path-to-node=\"3\"><img loading=\"lazy\" decoding=\"async\" class=\"alignnone  wp-image-1361\" src=\"https:\/\/lokalbakis.de\/wp-content\/uploads\/2026\/01\/614158987_1322645549903463_2068163761253073445_n-300x225.jpg\" alt=\"\" width=\"601\" height=\"451\" srcset=\"https:\/\/lokalbakis.de\/wp-content\/uploads\/2026\/01\/614158987_1322645549903463_2068163761253073445_n-300x225.jpg 300w, https:\/\/lokalbakis.de\/wp-content\/uploads\/2026\/01\/614158987_1322645549903463_2068163761253073445_n-1024x768.jpg 1024w, https:\/\/lokalbakis.de\/wp-content\/uploads\/2026\/01\/614158987_1322645549903463_2068163761253073445_n-768x576.jpg 768w, https:\/\/lokalbakis.de\/wp-content\/uploads\/2026\/01\/614158987_1322645549903463_2068163761253073445_n-1536x1152.jpg 1536w, https:\/\/lokalbakis.de\/wp-content\/uploads\/2026\/01\/614158987_1322645549903463_2068163761253073445_n.jpg 1600w\" sizes=\"auto, (max-width: 601px) 100vw, 601px\" \/><\/p>\n<p data-path-to-node=\"4\"><b data-path-to-node=\"4\" data-index-in-node=\"0\">DUISBURG \u2013<\/b> Almanya\u2019da ya\u015fayan Bal\u0131kesirlileri ayn\u0131 \u00e7at\u0131 alt\u0131nda bulu\u015fturan BALDER, 11. Ola\u011fan Kongresi i\u00e7in sand\u0131k ba\u015f\u0131na gitti. Duisburg-Rheinhausen b\u00f6lgesinde d\u00fczenlenen toplant\u0131da, derne\u011fin ge\u00e7ti\u011fimiz d\u00f6nemdeki faaliyetleri de\u011ferlendirilirken, \u00f6n\u00fcm\u00fczdeki iki y\u0131l\u0131n yol haritas\u0131 da \u00e7izildi.<\/p>\n<p data-path-to-node=\"4\"><img loading=\"lazy\" decoding=\"async\" class=\"alignnone  wp-image-1363\" src=\"https:\/\/lokalbakis.de\/wp-content\/uploads\/2026\/01\/614444360_1322645449903473_1674053452084776904_n-300x225.jpg\" alt=\"\" width=\"584\" height=\"438\" srcset=\"https:\/\/lokalbakis.de\/wp-content\/uploads\/2026\/01\/614444360_1322645449903473_1674053452084776904_n-300x225.jpg 300w, https:\/\/lokalbakis.de\/wp-content\/uploads\/2026\/01\/614444360_1322645449903473_1674053452084776904_n-1024x768.jpg 1024w, https:\/\/lokalbakis.de\/wp-content\/uploads\/2026\/01\/614444360_1322645449903473_1674053452084776904_n-768x576.jpg 768w, https:\/\/lokalbakis.de\/wp-content\/uploads\/2026\/01\/614444360_1322645449903473_1674053452084776904_n-1536x1152.jpg 1536w, https:\/\/lokalbakis.de\/wp-content\/uploads\/2026\/01\/614444360_1322645449903473_1674053452084776904_n.jpg 1600w\" sizes=\"auto, (max-width: 584px) 100vw, 584px\" \/><\/p>\n<h3 data-path-to-node=\"5\">Faaliyetler Oybirli\u011fiyle \u0130bra Edildi<\/h3>\n<p data-path-to-node=\"6\">Kongre, 2024 ve 2025 y\u0131llar\u0131na ait faaliyet raporlar\u0131 ile muhasebe raporlar\u0131n\u0131n \u00fcyelerle payla\u015f\u0131lmas\u0131yla ba\u015flad\u0131. \u015eeffaf bir \u015fekilde sunulan raporlar, \u00fcyelerin m\u00fczakeresinin ard\u0131ndan oybirli\u011fiyle kabul edildi. Ge\u00e7mi\u015f d\u00f6nemin ba\u015far\u0131s\u0131, \u00fcyelerin tam deste\u011fiyle tescillenmi\u015f oldu.<\/p>\n<p data-path-to-node=\"6\"><img loading=\"lazy\" decoding=\"async\" class=\"alignnone  wp-image-1360\" src=\"https:\/\/lokalbakis.de\/wp-content\/uploads\/2026\/01\/615144976_1322645826570102_323307008375985678_n-300x225.jpg\" alt=\"\" width=\"584\" height=\"438\" srcset=\"https:\/\/lokalbakis.de\/wp-content\/uploads\/2026\/01\/615144976_1322645826570102_323307008375985678_n-300x225.jpg 300w, https:\/\/lokalbakis.de\/wp-content\/uploads\/2026\/01\/615144976_1322645826570102_323307008375985678_n-1024x768.jpg 1024w, https:\/\/lokalbakis.de\/wp-content\/uploads\/2026\/01\/615144976_1322645826570102_323307008375985678_n-768x576.jpg 768w, https:\/\/lokalbakis.de\/wp-content\/uploads\/2026\/01\/615144976_1322645826570102_323307008375985678_n-1536x1152.jpg 1536w, https:\/\/lokalbakis.de\/wp-content\/uploads\/2026\/01\/615144976_1322645826570102_323307008375985678_n.jpg 1600w\" sizes=\"auto, (max-width: 584px) 100vw, 584px\" \/><\/p>\n<h3 data-path-to-node=\"7\">Y\u00f6netimde Bayrak Yar\u0131\u015f\u0131: \u0130\u015fte Yeni Liste<\/h3>\n<p data-path-to-node=\"8\">Se\u00e7im s\u00fcrecinde \u00fcyelerin ortak karar\u0131yla tek aday olarak belirlenen mevcut ba\u015fkan Ferruh Fidan, yap\u0131lan oylama sonucunda yeniden BALDER Ba\u015fkanl\u0131\u011f\u0131na getirildi. Fidan\u2019\u0131n liderli\u011finde g\u00f6rev yapacak yeni kurullar \u015fu isimlerden olu\u015ftu:<\/p>\n<ul data-path-to-node=\"9\">\n<li>\n<p data-path-to-node=\"9,0,0\"><b data-path-to-node=\"9,0,0\" data-index-in-node=\"0\">Y\u00f6netim Kurulu:<\/b> \u0130smail Ate\u015f, Yal\u00e7\u0131n A\u015f\u00e7\u0131, Selin Fidan, Ramazan Gazan, Mustafa G\u00fcm\u00fc\u015f, Hatice I\u015f\u0131k, Mustafa \u0130biro\u011flu, Ahmet Emin Kan\u0131kurumaz, Emre K\u00f6yden, Metin K\u00f6yden, Ferhat Orta, Halil Semercio\u011flu. (Yedek \u00dcyeler: \u00dclk\u00fc K\u00f6yden, Nevzat \u00d6zkan).<\/p>\n<\/li>\n<li>\n<p data-path-to-node=\"9,1,0\"><b data-path-to-node=\"9,1,0\" data-index-in-node=\"0\">Denetleme Kurulu:<\/b> Kemal Kan\u0131kurumaz, Adnan Kirlio\u011flu, Mehmet Semercio\u011flu.<\/p>\n<\/li>\n<li><img loading=\"lazy\" decoding=\"async\" class=\"alignnone  wp-image-1362\" src=\"https:\/\/lokalbakis.de\/wp-content\/uploads\/2026\/01\/614090829_1322645783236773_4922317850883776353_n-300x225.jpg\" alt=\"\" width=\"544\" height=\"408\" srcset=\"https:\/\/lokalbakis.de\/wp-content\/uploads\/2026\/01\/614090829_1322645783236773_4922317850883776353_n-300x225.jpg 300w, https:\/\/lokalbakis.de\/wp-content\/uploads\/2026\/01\/614090829_1322645783236773_4922317850883776353_n-1024x768.jpg 1024w, https:\/\/lokalbakis.de\/wp-content\/uploads\/2026\/01\/614090829_1322645783236773_4922317850883776353_n-768x576.jpg 768w, https:\/\/lokalbakis.de\/wp-content\/uploads\/2026\/01\/614090829_1322645783236773_4922317850883776353_n-1536x1152.jpg 1536w, https:\/\/lokalbakis.de\/wp-content\/uploads\/2026\/01\/614090829_1322645783236773_4922317850883776353_n.jpg 2048w\" sizes=\"auto, (max-width: 544px) 100vw, 544px\" \/><\/li>\n<li>\n<p data-path-to-node=\"9,2,0\"><b data-path-to-node=\"9,2,0\" data-index-in-node=\"0\">Disiplin Kurulu:<\/b> \u00d6nder Bula\u015fma, Ramazan K\u00f6yden, Ferhat Y\u00fcksel. (Yedek \u00dcyeler: Celal Onart, \u00d6zlem Meral).<\/p>\n<\/li>\n<\/ul>\n<h3 data-path-to-node=\"10\">&#8222;Deste\u011finiz En B\u00fcy\u00fck G\u00fcc\u00fcm\u00fcz&#8220;<\/h3>\n<p data-path-to-node=\"11\">Yeniden ba\u015fkan se\u00e7ilmesinin ard\u0131ndan k\u00fcrs\u00fcye gelen Ferruh Fidan, yapt\u0131\u011f\u0131 te\u015fekk\u00fcr konu\u015fmas\u0131nda birlik mesaj\u0131 verdi. Fidan, \u201cBizlere g\u00f6sterdi\u011finiz tevecc\u00fch ve duydu\u011funuz g\u00fcvenden dolay\u0131 hepinize ayr\u0131 ayr\u0131 te\u015fekk\u00fcr ederim. Dernek \u00e7al\u0131\u015fmalar\u0131m\u0131zda sizlerin deste\u011fi bizim i\u00e7in her zaman en b\u00fcy\u00fck motivasyon kayna\u011f\u0131d\u0131r. \u00d6n\u00fcm\u00fczdeki d\u00f6nemde de Bal\u0131kesir k\u00fclt\u00fcr\u00fcn\u00fc en iyi \u015fekilde temsil etmeye devam edece\u011fiz,\u201d ifadelerini kulland\u0131.<\/p>\n<p data-path-to-node=\"11\"><img loading=\"lazy\" decoding=\"async\" class=\"alignnone  wp-image-1364\" src=\"https:\/\/lokalbakis.de\/wp-content\/uploads\/2026\/01\/615714863_1322645506570134_1961829331784094116_n-300x225.jpg\" alt=\"\" width=\"625\" height=\"469\" srcset=\"https:\/\/lokalbakis.de\/wp-content\/uploads\/2026\/01\/615714863_1322645506570134_1961829331784094116_n-300x225.jpg 300w, https:\/\/lokalbakis.de\/wp-content\/uploads\/2026\/01\/615714863_1322645506570134_1961829331784094116_n-1024x768.jpg 1024w, https:\/\/lokalbakis.de\/wp-content\/uploads\/2026\/01\/615714863_1322645506570134_1961829331784094116_n-768x576.jpg 768w, https:\/\/lokalbakis.de\/wp-content\/uploads\/2026\/01\/615714863_1322645506570134_1961829331784094116_n-1536x1152.jpg 1536w, https:\/\/lokalbakis.de\/wp-content\/uploads\/2026\/01\/615714863_1322645506570134_1961829331784094116_n.jpg 2048w\" sizes=\"auto, (max-width: 625px) 100vw, 625px\" \/><\/p>\n<p data-path-to-node=\"12\">Resmi program\u0131n tamamlanmas\u0131n\u0131n ard\u0131ndan kat\u0131l\u0131mc\u0131lar, \u00e7ay ve kahve e\u015fli\u011finde samimi bir sohbet ortam\u0131nda bulu\u015farak hasret giderdi.<\/p>\n<p data-path-to-node=\"12\"><img loading=\"lazy\" decoding=\"async\" class=\"alignnone  wp-image-1358\" src=\"https:\/\/lokalbakis.de\/wp-content\/uploads\/2026\/01\/614413140_1322645926570092_7128016353791420656_n-300x225.jpg\" alt=\"\" width=\"587\" height=\"440\" srcset=\"https:\/\/lokalbakis.de\/wp-content\/uploads\/2026\/01\/614413140_1322645926570092_7128016353791420656_n-300x225.jpg 300w, https:\/\/lokalbakis.de\/wp-content\/uploads\/2026\/01\/614413140_1322645926570092_7128016353791420656_n-1024x768.jpg 1024w, https:\/\/lokalbakis.de\/wp-content\/uploads\/2026\/01\/614413140_1322645926570092_7128016353791420656_n-768x576.jpg 768w, https:\/\/lokalbakis.de\/wp-content\/uploads\/2026\/01\/614413140_1322645926570092_7128016353791420656_n-1536x1152.jpg 1536w, https:\/\/lokalbakis.de\/wp-content\/uploads\/2026\/01\/614413140_1322645926570092_7128016353791420656_n.jpg 2048w\" sizes=\"auto, (max-width: 587px) 100vw, 587px\" \/><\/p>\n","protected":false},"excerpt":{"rendered":"<p>Almanya Bal\u0131kesirliler Derne\u011fi (BALDER), 11. Ola\u011fan Genel Kurulu\u2019nu Duisburg-Rheinhausen\u2019de yo\u011fun bir kat\u0131l\u0131mla ger\u00e7ekle\u015ftirdi. Hem\u015fehrilerin b\u00fcy\u00fck ilgi g\u00f6sterdi\u011fi kongrede Ferruh Fidan, g\u00fcven tazeleyerek yeniden ba\u015fkanl\u0131\u011fa se\u00e7ildi. DUISBURG \u2013 Almanya\u2019da ya\u015fayan Bal\u0131kesirlileri ayn\u0131 \u00e7at\u0131 alt\u0131nda bulu\u015fturan BALDER, 11. Ola\u011fan Kongresi i\u00e7in sand\u0131k ba\u015f\u0131na gitti. Duisburg-Rheinhausen b\u00f6lgesinde d\u00fczenlenen toplant\u0131da, derne\u011fin ge\u00e7ti\u011fimiz d\u00f6nemdeki faaliyetleri de\u011ferlendirilirken, \u00f6n\u00fcm\u00fczdeki iki y\u0131l\u0131n yol [&hellip;]<\/p>\n","protected":false},"author":1,"featured_media":1365,"comment_status":"open","ping_status":"open","sticky":false,"template":"","format":"standard","meta":{"_crdt_document":"","_jetpack_memberships_contains_paid_content":false,"footnotes":""},"categories":[7],"tags":[],"class_list":["post-1357","post","type-post","status-publish","format-standard","has-post-thumbnail","hentry","category-guencel"],"jetpack_featured_media_url":"https:\/\/lokalbakis.de\/wp-content\/uploads\/2026\/01\/613637036_1322643643236987_2387735155264211775_n.jpg","jetpack_sharing_enabled":true,"_links":{"self":[{"href":"https:\/\/lokalbakis.de\/index.php?rest_route=\/wp\/v2\/posts\/1357","targetHints":{"allow":["GET"]}}],"collection":[{"href":"https:\/\/lokalbakis.de\/index.php?rest_route=\/wp\/v2\/posts"}],"about":[{"href":"https:\/\/lokalbakis.de\/index.php?rest_route=\/wp\/v2\/types\/post"}],"author":[{"embeddable":true,"href":"https:\/\/lokalbakis.de\/index.php?rest_route=\/wp\/v2\/users\/1"}],"replies":[{"embeddable":true,"href":"https:\/\/lokalbakis.de\/index.php?rest_route=%2Fwp%2Fv2%2Fcomments&post=1357"}],"version-history":[{"count":2,"href":"https:\/\/lokalbakis.de\/index.php?rest_route=\/wp\/v2\/posts\/1357\/revisions"}],"predecessor-version":[{"id":1367,"href":"https:\/\/lokalbakis.de\/index.php?rest_route=\/wp\/v2\/posts\/1357\/revisions\/1367"}],"wp:featuredmedia":[{"embeddable":true,"href":"https:\/\/lokalbakis.de\/index.php?rest_route=\/wp\/v2\/media\/1365"}],"wp:attachment":[{"href":"https:\/\/lokalbakis.de\/index.php?rest_route=%2Fwp%2Fv2%2Fmedia&parent=1357"}],"wp:term":[{"taxonomy":"category","embeddable":true,"href":"https:\/\/lokalbakis.de\/index.php?rest_route=%2Fwp%2Fv2%2Fcategories&post=1357"},{"taxonomy":"post_tag","embeddable":true,"href":"https:\/\/lokalbakis.de\/index.php?rest_route=%2Fwp%2Fv2%2Ftags&post=1357"}],"curies":[{"name":"wp","href":"https:\/\/api.w.org\/{rel}","templated":true}]}}