{"id":136,"date":"2025-01-05T15:04:37","date_gmt":"2025-01-05T14:04:37","guid":{"rendered":"https:\/\/lokalbakis.de\/?p=136"},"modified":"2025-01-05T16:23:18","modified_gmt":"2025-01-05T15:23:18","slug":"tdu-nrw-2024-genel-kurul-toplantisi-ve-yeni-yoenetim-kurulu-secimi-koelnde-gerceklestirildi","status":"publish","type":"post","link":"https:\/\/lokalbakis.de\/?p=136","title":{"rendered":"TDU-NRW 2024 Genel Kurul Toplant\u0131s\u0131 ve Yeni Y\u00f6netim Kurulu Se\u00e7imi K\u00f6ln\u2019de Ger\u00e7ekle\u015ftirildi"},"content":{"rendered":"\r\n<blockquote class=\"wp-block-quote is-layout-flow wp-block-quote-is-layout-flow\">\r\n<p class=\"wp-block-paragraph\" style=\"text-align: left;\">TDU-NRW olarak, 15 Aral\u0131k 2024 tarihinde K\u00f6ln\u2019de d\u00fczenlenen Genel Kurul toplant\u0131s\u0131nda, 2024 y\u0131l\u0131n\u0131 t\u00fcm detaylar\u0131yla \u00fcyelerimize sunduk. Toplant\u0131da, derne\u011fimizin y\u0131l boyunca ger\u00e7ekle\u015ftirdi\u011fi faaliyetler ve elde etti\u011fi ba\u015far\u0131lar gururla payla\u015f\u0131ld\u0131.<\/p>\r\n<\/blockquote>\r\n\r\n\r\n\r\n<p class=\"wp-block-paragraph\">Genel Kurul\u2019un ard\u0131ndan, derne\u011fimizin yeni Y\u00f6netim Kurulu se\u00e7imleri de ba\u015far\u0131yla tamamland\u0131. TDU-NRW, 2025 y\u0131l\u0131na daha gen\u00e7 ve dinamik bir ekip ile girmeye haz\u0131rlan\u0131yor. Yeni y\u00f6netim, derne\u011fimizin enerjisini ve vizyonunu bir ad\u0131m daha ileriye ta\u015f\u0131ma hedefiyle \u00e7al\u0131\u015fmalar\u0131na ba\u015flad\u0131.<\/p>\r\n\r\n\r\n\r\n<h3 class=\"wp-block-heading\"><strong>Yeni Y\u00f6netim Kurulu \u00dcyeleri:<\/strong><\/h3>\r\n\r\n\r\n\r\n<ul class=\"wp-block-list\">\r\n<li><strong>Ba\u015fkan:<\/strong> Hon.-Prof., Dipl.-Kfm. Cevdet Kocas<\/li>\r\n\r\n\r\n\r\n<li>Sezai Tatl\u0131<\/li>\r\n\r\n\r\n\r\n<li>U\u011fur Ayd\u0131n<\/li>\r\n\r\n\r\n\r\n<li>Mehmet Akif Turangil<\/li>\r\n\r\n\r\n\r\n<li>Ali Din\u00e7er<\/li>\r\n\r\n\r\n\r\n<li>Faize Berger<\/li>\r\n\r\n\r\n\r\n<li>Haydar Meydan<\/li>\r\n\r\n\r\n\r\n<li>Av\u015far Dada<\/li>\r\n\r\n\r\n\r\n<li>Ebru Tabilo\u011flu<\/li>\r\n\r\n\r\n\r\n<li>Alpay \u0130lker Toy<\/li>\r\n\r\n\r\n\r\n<li>Serdar Bakkalo\u011flu<\/li>\r\n<\/ul>\r\n\r\n\r\n\r\n<h3 class=\"wp-block-heading\"><strong>Ba\u015fkan Hon.-Prof., Dipl.-Kfm. Cevdet Kocas\u2019\u0131n A\u00e7\u0131klamalar\u0131<\/strong><\/h3>\r\n\r\n\r\n<div class=\"wp-block-image\">\r\n<figure class=\"alignleft is-resized\"><img decoding=\"async\" style=\"width: 120px; height: auto;\" src=\"https:\/\/www.lokalbakis.com\/images\/6f064900ab6e7a59786e61f484017a30.png\" alt=\"\" \/><\/figure>\r\n<\/div>\r\n\r\n\r\n<p class=\"wp-block-paragraph\">Ba\u015fkan Cevdet Kocas, toplant\u0131da yapt\u0131\u011f\u0131 konu\u015fmada ge\u00e7mi\u015f d\u00f6nemde g\u00f6rev yapan Y\u00f6netim Kurulu \u00fcyelerine te\u015fekk\u00fcr ederek \u015funlar\u0131 ifade etti:<br \/>\u201cBu vesileyle, ge\u00e7mi\u015f d\u00f6nemde b\u00fcy\u00fck bir \u00f6zveri ve emekle \u00e7al\u0131\u015fan Y\u00f6netim Kurulu \u00fcyelerimize i\u00e7ten te\u015fekk\u00fcrlerimizi sunuyoruz. Onlar\u0131n katk\u0131lar\u0131, derne\u011fimizi bug\u00fcn bulundu\u011fu g\u00fc\u00e7l\u00fc konuma ta\u015f\u0131m\u0131\u015ft\u0131r. Her birine ayr\u0131 ayr\u0131 \u015f\u00fckranlar\u0131m\u0131z\u0131 iletiyoruz.<\/p>\r\n\r\n\r\n\r\n<p class=\"wp-block-paragraph\">T\u00fcm \u00fcyelerimize ve destek\u00e7ilerimize yan\u0131m\u0131zda olduklar\u0131 i\u00e7in te\u015fekk\u00fcr ederiz. Birlikte daha g\u00fc\u00e7l\u00fc bir TDU-NRW i\u00e7in \u00e7al\u0131\u015fmaya devam edece\u011fiz!<\/p>\r\n\r\n\r\n\r\n<p class=\"wp-block-paragraph\">Yeni y\u00f6netimle birlikte, derne\u011fimizin enerjisini ve vizyonunu bir ad\u0131m daha ileriye ta\u015f\u0131yaca\u011f\u0131z. Almanya ve T\u00fcrkiye aras\u0131nda k\u00f6pr\u00fc g\u00f6revi g\u00f6ren derne\u011fimiz, iki \u00fclke aras\u0131ndaki i\u015f birli\u011fini ve ticari ili\u015fkileri daha da geli\u015ftirmeyi hedefliyor.<\/p>\r\n\r\n\r\n<div class=\"wp-block-image\">\r\n<figure class=\"aligncenter size-large\"><img loading=\"lazy\" decoding=\"async\" width=\"1024\" height=\"508\" class=\"wp-image-141\" src=\"https:\/\/lokalbakis.de\/wp-content\/uploads\/2025\/01\/Screenshot-2025-01-05-at-15-09-02-Instagram-1024x508.png\" alt=\"\" srcset=\"https:\/\/lokalbakis.de\/wp-content\/uploads\/2025\/01\/Screenshot-2025-01-05-at-15-09-02-Instagram-1024x508.png 1024w, https:\/\/lokalbakis.de\/wp-content\/uploads\/2025\/01\/Screenshot-2025-01-05-at-15-09-02-Instagram-300x149.png 300w, https:\/\/lokalbakis.de\/wp-content\/uploads\/2025\/01\/Screenshot-2025-01-05-at-15-09-02-Instagram-768x381.png 768w, https:\/\/lokalbakis.de\/wp-content\/uploads\/2025\/01\/Screenshot-2025-01-05-at-15-09-02-Instagram.png 1238w\" sizes=\"auto, (max-width: 1024px) 100vw, 1024px\" \/><\/figure>\r\n<\/div>\r\n\r\n\r\n<p class=\"wp-block-paragraph\">Engin bilgi birikimine ve profesyonel deneyime sahip y\u00f6netim kurulu \u00fcyelerimizle, hem inovasyon hem de networking alan\u0131nda \u00f6nemli projelere imza atmay\u0131 planl\u0131yoruz. Ayr\u0131ca, Almanya\u2019n\u0131n yat\u0131r\u0131m cazibesini art\u0131rmak ve T\u00fcrk-Alman i\u015f d\u00fcnyas\u0131n\u0131 desteklemek ad\u0131na somut ad\u0131mlar ataca\u011f\u0131z. Bu misyon do\u011frultusunda heyecan verici bir d\u00f6nem bizi bekliyor.\u201d<\/p>\r\n\r\n\r\n\r\n<p class=\"wp-block-paragraph\">TDU-NRW ailesi olarak yeni d\u00f6nemde daha b\u00fcy\u00fck ba\u015far\u0131lara imza atmak i\u00e7in sab\u0131rs\u0131zlan\u0131yoruz!<\/p>\r\n\r\n\r\n\r\n<p class=\"wp-block-paragraph\">&nbsp;<\/p>\r\n","protected":false},"excerpt":{"rendered":"<p>TDU-NRW olarak, 15 Aral\u0131k 2024 tarihinde K\u00f6ln\u2019de d\u00fczenlenen Genel Kurul toplant\u0131s\u0131nda, 2024 y\u0131l\u0131n\u0131 t\u00fcm detaylar\u0131yla \u00fcyelerimize sunduk. Toplant\u0131da, derne\u011fimizin y\u0131l boyunca ger\u00e7ekle\u015ftirdi\u011fi faaliyetler ve elde etti\u011fi ba\u015far\u0131lar gururla payla\u015f\u0131ld\u0131. Genel Kurul\u2019un ard\u0131ndan, derne\u011fimizin yeni Y\u00f6netim Kurulu se\u00e7imleri de ba\u015far\u0131yla tamamland\u0131. TDU-NRW, 2025 y\u0131l\u0131na daha gen\u00e7 ve dinamik bir ekip ile girmeye haz\u0131rlan\u0131yor. Yeni y\u00f6netim, derne\u011fimizin [&hellip;]<\/p>\n","protected":false},"author":2,"featured_media":137,"comment_status":"open","ping_status":"open","sticky":false,"template":"","format":"standard","meta":{"_crdt_document":"","_jetpack_memberships_contains_paid_content":false,"footnotes":""},"categories":[7],"tags":[11,12,10],"class_list":["post-136","post","type-post","status-publish","format-standard","has-post-thumbnail","hentry","category-guencel","tag-koeln","tag-lokalbakis","tag-tdu-nrw"],"jetpack_featured_media_url":"https:\/\/lokalbakis.de\/wp-content\/uploads\/2025\/01\/Screenshot-2025-01-05-at-14-47-02-Instagram1.png","jetpack_sharing_enabled":true,"_links":{"self":[{"href":"https:\/\/lokalbakis.de\/index.php?rest_route=\/wp\/v2\/posts\/136","targetHints":{"allow":["GET"]}}],"collection":[{"href":"https:\/\/lokalbakis.de\/index.php?rest_route=\/wp\/v2\/posts"}],"about":[{"href":"https:\/\/lokalbakis.de\/index.php?rest_route=\/wp\/v2\/types\/post"}],"author":[{"embeddable":true,"href":"https:\/\/lokalbakis.de\/index.php?rest_route=\/wp\/v2\/users\/2"}],"replies":[{"embeddable":true,"href":"https:\/\/lokalbakis.de\/index.php?rest_route=%2Fwp%2Fv2%2Fcomments&post=136"}],"version-history":[{"count":5,"href":"https:\/\/lokalbakis.de\/index.php?rest_route=\/wp\/v2\/posts\/136\/revisions"}],"predecessor-version":[{"id":143,"href":"https:\/\/lokalbakis.de\/index.php?rest_route=\/wp\/v2\/posts\/136\/revisions\/143"}],"wp:featuredmedia":[{"embeddable":true,"href":"https:\/\/lokalbakis.de\/index.php?rest_route=\/wp\/v2\/media\/137"}],"wp:attachment":[{"href":"https:\/\/lokalbakis.de\/index.php?rest_route=%2Fwp%2Fv2%2Fmedia&parent=136"}],"wp:term":[{"taxonomy":"category","embeddable":true,"href":"https:\/\/lokalbakis.de\/index.php?rest_route=%2Fwp%2Fv2%2Fcategories&post=136"},{"taxonomy":"post_tag","embeddable":true,"href":"https:\/\/lokalbakis.de\/index.php?rest_route=%2Fwp%2Fv2%2Ftags&post=136"}],"curies":[{"name":"wp","href":"https:\/\/api.w.org\/{rel}","templated":true}]}}