{"id":1370,"date":"2026-01-15T18:02:02","date_gmt":"2026-01-15T17:02:02","guid":{"rendered":"https:\/\/lokalbakis.de\/?p=1370"},"modified":"2026-01-15T18:02:45","modified_gmt":"2026-01-15T17:02:45","slug":"istiklal-marsimizi-guezel-okuma-yarismasi-duesseldorfta-basladi","status":"publish","type":"post","link":"https:\/\/lokalbakis.de\/?p=1370","title":{"rendered":"\u201c\u0130stiklal Mar\u015f\u0131m\u0131z\u0131 G\u00fczel Okuma Yar\u0131\u015fmas\u0131\u201d D\u00fcsseldorf\u2019ta Ba\u015flad\u0131"},"content":{"rendered":"<p>T.C. D\u00fcsseldorf Ba\u015fkonsoloslu\u011fu E\u011fitim Ata\u015feli\u011fi taraf\u0131ndan d\u00fczenlenen \u201c\u0130stiklal Mar\u015f\u0131m\u0131z\u0131 G\u00fczel Okuma Yar\u0131\u015fmas\u0131\u201d, 15 Ocak 2026 tarihi itibar\u0131yla ba\u015flam\u0131\u015ft\u0131r. Yar\u0131\u015fma, \u0130stiklal Mar\u015f\u0131\u2019n\u0131n kabul\u00fcn\u00fcn 105. y\u0131l d\u00f6n\u00fcm\u00fc vesilesiyle, milli \u015fairimiz Mehmet Akif Ersoy\u2019u anmak ve \u00f6\u011frencilerde mill\u00ee ve manevi de\u011fer bilincini g\u00fc\u00e7lendirmek amac\u0131yla ger\u00e7ekle\u015ftirilmektedir.<\/p>\n<div class=\"detay\">\n<p>Yar\u0131\u015fman\u0131n temel hedefleri aras\u0131nda \u00f6\u011frencilerin T\u00fcrk\u00e7eyi do\u011fru, etkili ve kurallar\u0131na uygun \u015fekilde kullanmalar\u0131n\u0131 te\u015fvik etmek, \u0130stiklal Mar\u015f\u0131\u2019n\u0131 sevdirerek mill\u00ee de\u011ferleri gelecek ku\u015faklara aktarmak ve gen\u00e7lerin \u00f6zg\u00fcven ile topluluk \u00f6n\u00fcnde kendini ifade edebilme becerilerini geli\u015ftirmek yer almaktad\u0131r.<\/p>\n<p>Etkinlik, \u201c\u0130stikl\u00e2l\u2019in Sesinde Bir Nesil: Diliyle, Y\u00fcre\u011fiyle \u00c2kif\u2019le 105 Y\u0131la\u201d slogan\u0131yla y\u00fcr\u00fct\u00fclmektedir.<\/p>\n<p>Yar\u0131\u015fmaya kat\u0131lmak isteyen \u00f6\u011frenciler, \u0130stiklal Mar\u015f\u0131\u2019n\u0131 ezbere okuduklar\u0131 video kay\u0131tlar\u0131n\u0131 ve ba\u015fvuru formlar\u0131n\u0131 06 Mart 2026 Cuma g\u00fcn\u00fc saat 17.00\u2019ye kadar T.C. D\u00fcsseldorf Ba\u015fkonsoloslu\u011fu E\u011fitim Ata\u015feli\u011fi\u2019ne ula\u015ft\u0131rabileceklerdir. Ba\u015fvurular posta veya e-posta yoluyla kabul edilecektir.<\/p>\n<p>Adres:<\/p>\n<p>T.C. D\u00fcsseldorf Ba\u015fkonsoloslu\u011fu E\u011fitim Ata\u015feli\u011fi<\/p>\n<p>Willst\u00e4tterstr. 9<\/p>\n<p>40549 D\u00fcsseldorf<\/p>\n<p>E-posta: <a href=\"http:\/\/egitimdusseldorf@gmail.com\" target=\"_blank\" rel=\"noopener\">egitimdusseldorf@gmail.com<\/a><\/p>\n<p>&nbsp;<\/p>\n<p>Yar\u0131\u015fmada dereceye giren \u00f6\u011frenciler i\u00e7in \u00f6d\u00fcl t\u00f6reni, 13 Mart 2026 tarihinde D\u00fcsseldorf Ba\u015fkonsoloslu\u011fu binas\u0131nda ger\u00e7ekle\u015ftirilecektir.<\/p>\n<p>Bu anlaml\u0131 organizasyonun, yurt d\u0131\u015f\u0131nda ya\u015fayan T\u00fcrk \u00e7ocuklar\u0131n\u0131n dil, k\u00fclt\u00fcr ve tarih bilincine katk\u0131 sunmas\u0131 hedeflenmektedir.<\/p>\n<p><a href=\"https:\/\/dusseldorf.meb.gov.tr\/meb_iys_dosyalar\/2026_01\/15182643_sartname_2026.docx\" target=\"_blank\" rel=\"noopener\">YARI\u015eMA \u015eARTNAMES\u0130 \u0130\u00c7\u0130N TIKLAYINIZ<\/a><\/p>\n<p><a href=\"https:\/\/docs.google.com\/forms\/d\/e\/1FAIpQLSc1VGKxYdLktXQXLipKo_eiFuCEewM30BRVnPVzafyLILSTbg\/viewform\" target=\"_blank\" rel=\"noopener\">YARI\u015eMAYA BA\u015eVURMAK \u0130\u00c7\u0130N TIKLAYINIZ<\/a><\/p>\n<p><img decoding=\"async\" class=\"aligncenter\" src=\"https:\/\/www.lokalbakis.com\/images\/60bb2e65a95f266c76f739efd6652b2f.jpg\" alt=\"\" \/><\/p>\n<p>&nbsp;<\/p>\n<\/div>\n","protected":false},"excerpt":{"rendered":"<p>T.C. D\u00fcsseldorf Ba\u015fkonsoloslu\u011fu E\u011fitim Ata\u015feli\u011fi taraf\u0131ndan d\u00fczenlenen \u201c\u0130stiklal Mar\u015f\u0131m\u0131z\u0131 G\u00fczel Okuma Yar\u0131\u015fmas\u0131\u201d, 15 Ocak 2026 tarihi itibar\u0131yla ba\u015flam\u0131\u015ft\u0131r. Yar\u0131\u015fma, \u0130stiklal Mar\u015f\u0131\u2019n\u0131n kabul\u00fcn\u00fcn 105. y\u0131l d\u00f6n\u00fcm\u00fc vesilesiyle, milli \u015fairimiz Mehmet Akif Ersoy\u2019u anmak ve \u00f6\u011frencilerde mill\u00ee ve manevi de\u011fer bilincini g\u00fc\u00e7lendirmek amac\u0131yla ger\u00e7ekle\u015ftirilmektedir. Yar\u0131\u015fman\u0131n temel hedefleri aras\u0131nda \u00f6\u011frencilerin T\u00fcrk\u00e7eyi do\u011fru, etkili ve kurallar\u0131na uygun \u015fekilde kullanmalar\u0131n\u0131 [&hellip;]<\/p>\n","protected":false},"author":1,"featured_media":1372,"comment_status":"open","ping_status":"open","sticky":false,"template":"","format":"standard","meta":{"_crdt_document":"","_jetpack_memberships_contains_paid_content":false,"footnotes":""},"categories":[7],"tags":[],"class_list":["post-1370","post","type-post","status-publish","format-standard","has-post-thumbnail","hentry","category-guencel"],"jetpack_featured_media_url":"https:\/\/lokalbakis.de\/wp-content\/uploads\/2026\/01\/15181612_whatsappimage20260114at16.18.39.jpg","jetpack_sharing_enabled":true,"_links":{"self":[{"href":"https:\/\/lokalbakis.de\/index.php?rest_route=\/wp\/v2\/posts\/1370","targetHints":{"allow":["GET"]}}],"collection":[{"href":"https:\/\/lokalbakis.de\/index.php?rest_route=\/wp\/v2\/posts"}],"about":[{"href":"https:\/\/lokalbakis.de\/index.php?rest_route=\/wp\/v2\/types\/post"}],"author":[{"embeddable":true,"href":"https:\/\/lokalbakis.de\/index.php?rest_route=\/wp\/v2\/users\/1"}],"replies":[{"embeddable":true,"href":"https:\/\/lokalbakis.de\/index.php?rest_route=%2Fwp%2Fv2%2Fcomments&post=1370"}],"version-history":[{"count":1,"href":"https:\/\/lokalbakis.de\/index.php?rest_route=\/wp\/v2\/posts\/1370\/revisions"}],"predecessor-version":[{"id":1371,"href":"https:\/\/lokalbakis.de\/index.php?rest_route=\/wp\/v2\/posts\/1370\/revisions\/1371"}],"wp:featuredmedia":[{"embeddable":true,"href":"https:\/\/lokalbakis.de\/index.php?rest_route=\/wp\/v2\/media\/1372"}],"wp:attachment":[{"href":"https:\/\/lokalbakis.de\/index.php?rest_route=%2Fwp%2Fv2%2Fmedia&parent=1370"}],"wp:term":[{"taxonomy":"category","embeddable":true,"href":"https:\/\/lokalbakis.de\/index.php?rest_route=%2Fwp%2Fv2%2Fcategories&post=1370"},{"taxonomy":"post_tag","embeddable":true,"href":"https:\/\/lokalbakis.de\/index.php?rest_route=%2Fwp%2Fv2%2Ftags&post=1370"}],"curies":[{"name":"wp","href":"https:\/\/api.w.org\/{rel}","templated":true}]}}