{"id":1381,"date":"2026-01-19T10:59:37","date_gmt":"2026-01-19T09:59:37","guid":{"rendered":"https:\/\/lokalbakis.de\/?p=1381"},"modified":"2026-01-19T10:59:37","modified_gmt":"2026-01-19T09:59:37","slug":"basinin-emegine-saygi-uid-ruhrdan-gazetecilere-anlamli-bulusma","status":"publish","type":"post","link":"https:\/\/lokalbakis.de\/?p=1381","title":{"rendered":"Bas\u0131n\u0131n Eme\u011fine Sayg\u0131: UID Ruhr\u2019dan Gazetecilere Anlaml\u0131 Bulu\u015fma"},"content":{"rendered":"<p data-start=\"281\" data-end=\"640\"><strong data-start=\"281\" data-end=\"293\">DORTMUND<\/strong> \u2013 Yurt d\u0131\u015f\u0131nda ya\u015fayan T\u00fcrk toplumunun sesi olan bas\u0131n mensuplar\u0131na verilen de\u011ferin somut bir g\u00f6stergesi olarak, <strong data-start=\"407\" data-end=\"448\"><span class=\"hover:entity-accent entity-underline inline cursor-pointer align-baseline\"><span class=\"whitespace-normal\">UID Ruhr B\u00f6lgesi<\/span><\/span><\/strong> taraf\u0131ndan 10 Ocak \u00c7al\u0131\u015fan Gazeteciler G\u00fcn\u00fc dolay\u0131s\u0131yla anlaml\u0131 bir program d\u00fczenlendi. UID Ruhr B\u00f6lge Ofisi\u2019nde ger\u00e7ekle\u015ftirilen etkinlik, yo\u011fun kat\u0131l\u0131m\u0131 ve samimi atmosferiyle dikkat \u00e7ekti.<\/p>\n<p data-start=\"642\" data-end=\"933\">\u201cBas\u0131n\u0131n Eme\u011fine Sayg\u0131\u201d anlay\u0131\u015f\u0131yla hayata ge\u00e7irilen program, sadece bir kahvalt\u0131 daveti olman\u0131n \u00f6tesinde; bas\u0131n mensuplar\u0131 ile sivil toplum temsilcilerini bir araya getiren, kar\u015f\u0131l\u0131kl\u0131 diyalo\u011fu g\u00fc\u00e7lendirmeyi ve mesleki dayan\u0131\u015fmay\u0131 peki\u015ftirmeyi ama\u00e7layan \u00f6nemli bir bulu\u015fma olarak \u00f6ne \u00e7\u0131kt\u0131.<\/p>\n<p data-start=\"935\" data-end=\"1277\">Program kapsam\u0131nda; gazetecili\u011fin toplumsal sorumlulu\u011fu, do\u011fru ve tarafs\u0131z habercili\u011fin \u00f6nemi ile yurt d\u0131\u015f\u0131nda ya\u015fayan T\u00fcrk toplumunun beklenti ve sorunlar\u0131n\u0131n kamuoyuna aktar\u0131lmas\u0131nda bas\u0131n mensuplar\u0131n\u0131n \u00fcstlendi\u011fi rol ele al\u0131nd\u0131. Samimi sohbetler e\u015fli\u011finde ger\u00e7ekle\u015fen programda, bas\u0131n mensuplar\u0131 g\u00f6r\u00fc\u015f ve \u00f6nerilerini payla\u015fma imk\u00e2n\u0131 buldu.<\/p>\n<p data-start=\"1279\" data-end=\"1449\">UID Ruhr B\u00f6lge Ba\u015fkan\u0131 <strong data-start=\"1302\" data-end=\"1316\">Dursun Ba\u015f<\/strong>, programda yapt\u0131\u011f\u0131 konu\u015fmada bas\u0131n emek\u00e7ilerinin her ko\u015fulda b\u00fcy\u00fck bir \u00f6zveriyle g\u00f6rev yapt\u0131\u011f\u0131n\u0131 vurgulayarak \u015fu ifadeleri kulland\u0131:<\/p>\n<p data-start=\"1279\" data-end=\"1449\"><img loading=\"lazy\" decoding=\"async\" class=\"alignnone  wp-image-1383\" src=\"https:\/\/lokalbakis.de\/wp-content\/uploads\/2026\/01\/619324592_1363026639200052_6297712541427494781_n-300x200.jpg\" alt=\"\" width=\"788\" height=\"525\" srcset=\"https:\/\/lokalbakis.de\/wp-content\/uploads\/2026\/01\/619324592_1363026639200052_6297712541427494781_n-300x200.jpg 300w, https:\/\/lokalbakis.de\/wp-content\/uploads\/2026\/01\/619324592_1363026639200052_6297712541427494781_n-1024x683.jpg 1024w, https:\/\/lokalbakis.de\/wp-content\/uploads\/2026\/01\/619324592_1363026639200052_6297712541427494781_n-768x512.jpg 768w, https:\/\/lokalbakis.de\/wp-content\/uploads\/2026\/01\/619324592_1363026639200052_6297712541427494781_n-1536x1024.jpg 1536w, https:\/\/lokalbakis.de\/wp-content\/uploads\/2026\/01\/619324592_1363026639200052_6297712541427494781_n.jpg 2048w\" sizes=\"auto, (max-width: 788px) 100vw, 788px\" \/><\/p>\n<blockquote data-start=\"1451\" data-end=\"1758\">\n<p data-start=\"1453\" data-end=\"1758\">\u201cGazetecilik, fedak\u00e2rl\u0131k isteyen bir meslektir. Kamuoyunun do\u011fru bilgilendirilmesi ve toplumun sa\u011fl\u0131kl\u0131 bir \u015fekilde y\u00f6nlendirilmesi a\u00e7\u0131s\u0131ndan bas\u0131n mensuplar\u0131m\u0131z\u0131n eme\u011fi son derece k\u0131ymetlidir. UID Ruhr B\u00f6lgesi olarak bas\u0131nla kurdu\u011fumuz bu g\u00fc\u00e7l\u00fc diyalo\u011fu her zaman \u00f6nemsedik ve \u00f6nemsemeye devam edece\u011fiz.\u201d<\/p>\n<\/blockquote>\n<p data-start=\"1760\" data-end=\"1977\">Etkinli\u011fe <strong data-start=\"1770\" data-end=\"1804\">UID Ruhr B\u00f6lgesi Kad\u0131n Kollar\u0131<\/strong> ile <strong data-start=\"1809\" data-end=\"1827\">UID Youth Ruhr<\/strong> temsilcileri de kat\u0131larak organizasyona destek verdi. Program, g\u00fcn\u00fcn an\u0131s\u0131na bas\u0131n mensuplar\u0131na hediye takdimi ve toplu foto\u011fraf \u00e7ekimiyle sona erdi.<\/p>\n<h3 data-start=\"1979\" data-end=\"2013\">LokalBak\u0131\u015f\u2019tan Te\u015fekk\u00fcr Mesaj\u0131<\/h3>\n<p data-start=\"2015\" data-end=\"2397\">Gazetemiz <strong data-start=\"2025\" data-end=\"2039\">LokalBak\u0131\u015f<\/strong>, s\u00f6z konusu programa nazik davetleriyle onurland\u0131r\u0131lm\u0131\u015f; ancak yurt d\u0131\u015f\u0131 g\u00f6revi sebebiyle etkinli\u011fe fiilen kat\u0131l\u0131m sa\u011flayamam\u0131\u015ft\u0131r. Buna ra\u011fmen, bas\u0131n mensuplar\u0131na verilen de\u011ferin, gazetecilik eme\u011fine g\u00f6sterilen hassasiyetin ve mesleki dayan\u0131\u015fman\u0131n b\u00f6ylesine anlaml\u0131 bir organizasyonla ortaya konulmas\u0131n\u0131 son derece k\u0131ymetli buldu\u011fumuzu ifade etmek isteriz.<\/p>\n<p data-start=\"2399\" data-end=\"2712\">Bas\u0131n emek\u00e7ilerini bir araya getiren, gazetecili\u011fin toplumsal sorumlulu\u011funa dikkat \u00e7eken bu de\u011ferli d\u00fc\u015f\u00fcnce ve organizasyon i\u00e7in <strong data-start=\"2528\" data-end=\"2560\">UID Ruhr B\u00f6lgesi Y\u00f6netimi\u2019ne<\/strong>, ba\u015fta B\u00f6lge Ba\u015fkan\u0131 <strong data-start=\"2582\" data-end=\"2596\">Dursun Ba\u015f<\/strong> olmak \u00fczere eme\u011fi ge\u00e7en herkese te\u015fekk\u00fcrlerimizi sunar; bu yap\u0131c\u0131 yakla\u015f\u0131m\u0131n artarak devam etmesini temenni ederiz.<\/p>\n<p data-start=\"2399\" data-end=\"2712\">Foto\u011fraflar:UID<\/p>\n","protected":false},"excerpt":{"rendered":"<p>DORTMUND \u2013 Yurt d\u0131\u015f\u0131nda ya\u015fayan T\u00fcrk toplumunun sesi olan bas\u0131n mensuplar\u0131na verilen de\u011ferin somut bir g\u00f6stergesi olarak, UID Ruhr B\u00f6lgesi taraf\u0131ndan 10 Ocak \u00c7al\u0131\u015fan Gazeteciler G\u00fcn\u00fc dolay\u0131s\u0131yla anlaml\u0131 bir program d\u00fczenlendi. UID Ruhr B\u00f6lge Ofisi\u2019nde ger\u00e7ekle\u015ftirilen etkinlik, yo\u011fun kat\u0131l\u0131m\u0131 ve samimi atmosferiyle dikkat \u00e7ekti. \u201cBas\u0131n\u0131n Eme\u011fine Sayg\u0131\u201d anlay\u0131\u015f\u0131yla hayata ge\u00e7irilen program, sadece bir kahvalt\u0131 daveti [&hellip;]<\/p>\n","protected":false},"author":1,"featured_media":1382,"comment_status":"open","ping_status":"open","sticky":false,"template":"","format":"standard","meta":{"_crdt_document":"","_jetpack_memberships_contains_paid_content":false,"footnotes":""},"categories":[7],"tags":[],"class_list":["post-1381","post","type-post","status-publish","format-standard","has-post-thumbnail","hentry","category-guencel"],"jetpack_featured_media_url":"https:\/\/lokalbakis.de\/wp-content\/uploads\/2026\/01\/UID.jpg","jetpack_sharing_enabled":true,"_links":{"self":[{"href":"https:\/\/lokalbakis.de\/index.php?rest_route=\/wp\/v2\/posts\/1381","targetHints":{"allow":["GET"]}}],"collection":[{"href":"https:\/\/lokalbakis.de\/index.php?rest_route=\/wp\/v2\/posts"}],"about":[{"href":"https:\/\/lokalbakis.de\/index.php?rest_route=\/wp\/v2\/types\/post"}],"author":[{"embeddable":true,"href":"https:\/\/lokalbakis.de\/index.php?rest_route=\/wp\/v2\/users\/1"}],"replies":[{"embeddable":true,"href":"https:\/\/lokalbakis.de\/index.php?rest_route=%2Fwp%2Fv2%2Fcomments&post=1381"}],"version-history":[{"count":2,"href":"https:\/\/lokalbakis.de\/index.php?rest_route=\/wp\/v2\/posts\/1381\/revisions"}],"predecessor-version":[{"id":1385,"href":"https:\/\/lokalbakis.de\/index.php?rest_route=\/wp\/v2\/posts\/1381\/revisions\/1385"}],"wp:featuredmedia":[{"embeddable":true,"href":"https:\/\/lokalbakis.de\/index.php?rest_route=\/wp\/v2\/media\/1382"}],"wp:attachment":[{"href":"https:\/\/lokalbakis.de\/index.php?rest_route=%2Fwp%2Fv2%2Fmedia&parent=1381"}],"wp:term":[{"taxonomy":"category","embeddable":true,"href":"https:\/\/lokalbakis.de\/index.php?rest_route=%2Fwp%2Fv2%2Fcategories&post=1381"},{"taxonomy":"post_tag","embeddable":true,"href":"https:\/\/lokalbakis.de\/index.php?rest_route=%2Fwp%2Fv2%2Ftags&post=1381"}],"curies":[{"name":"wp","href":"https:\/\/api.w.org\/{rel}","templated":true}]}}