{"id":1388,"date":"2026-01-25T14:32:09","date_gmt":"2026-01-25T13:32:09","guid":{"rendered":"https:\/\/lokalbakis.de\/?p=1388"},"modified":"2026-01-25T14:32:09","modified_gmt":"2026-01-25T13:32:09","slug":"atibde-gueven-tazeleyen-isim-ali-pasa-akbas-baskan-secildi","status":"publish","type":"post","link":"https:\/\/lokalbakis.de\/?p=1388","title":{"rendered":"AT\u0130B\u2019de G\u00fcven Tazeleyen \u0130sim: Ali Pa\u015fa Akba\u015f Ba\u015fkan Se\u00e7ildi"},"content":{"rendered":"<p class=\"s2\">Avrupa T\u00fcrk \u0130slam Birli\u011fi (AT\u0130B), 28. D\u00f6nem Ola\u011fan\u00fcst\u00fc Genel Kurulu\u2019nu Almanya\u2019n\u0131n Remscheid kentinde b\u00fcy\u00fck bir olgunlukla ger\u00e7ekle\u015ftirdi. Kurucu Genel Ba\u015fkan Musa Serdar \u00c7elebi\u2019nin de kat\u0131ld\u0131\u011f\u0131 kongrede, delegelerin b\u00fcy\u00fck g\u00fcvenini kazanan Ali Pa\u015fa Akba\u015f, 217 oy alarak AT\u0130B\u2019in yeni Genel Ba\u015fkan\u0131 se\u00e7ildi.<\/p>\n<p class=\"s2\"><img loading=\"lazy\" decoding=\"async\" class=\"alignnone  wp-image-1393\" src=\"https:\/\/lokalbakis.de\/wp-content\/uploads\/2026\/01\/WhatsApp-Image-2026-01-24-at-22.52.37-1-300x225.jpeg\" alt=\"\" width=\"796\" height=\"597\" srcset=\"https:\/\/lokalbakis.de\/wp-content\/uploads\/2026\/01\/WhatsApp-Image-2026-01-24-at-22.52.37-1-300x225.jpeg 300w, https:\/\/lokalbakis.de\/wp-content\/uploads\/2026\/01\/WhatsApp-Image-2026-01-24-at-22.52.37-1-1024x768.jpeg 1024w, https:\/\/lokalbakis.de\/wp-content\/uploads\/2026\/01\/WhatsApp-Image-2026-01-24-at-22.52.37-1-768x576.jpeg 768w, https:\/\/lokalbakis.de\/wp-content\/uploads\/2026\/01\/WhatsApp-Image-2026-01-24-at-22.52.37-1-1536x1152.jpeg 1536w, https:\/\/lokalbakis.de\/wp-content\/uploads\/2026\/01\/WhatsApp-Image-2026-01-24-at-22.52.37-1-2048x1536.jpeg 2048w\" sizes=\"auto, (max-width: 796px) 100vw, 796px\" \/><\/p>\n<p class=\"s2\"><strong>&#8222;Hizmet Bayra\u011f\u0131n\u0131 Daha \u0130leriye Ta\u015f\u0131yaca\u011f\u0131z&#8220;<\/strong><\/p>\n<p class=\"s2\">Eski ba\u015fkan \u0130mam Cengiz ile ger\u00e7ekle\u015fen se\u00e7im yar\u0131\u015f\u0131n\u0131n ard\u0131ndan sonu\u00e7lar\u0131n a\u00e7\u0131klanmas\u0131yla k\u00fcrs\u00fcye gelen Ali Pa\u015fa Akba\u015f, te\u015fkilat\u0131n gelece\u011fine dair kararl\u0131 ve umut dolu mesajlar verdi.<\/p>\n<p class=\"s2\"><img loading=\"lazy\" decoding=\"async\" class=\"alignnone  wp-image-1392\" src=\"https:\/\/lokalbakis.de\/wp-content\/uploads\/2026\/01\/WhatsApp-Image-2026-01-24-at-22.52.38-300x222.jpeg\" alt=\"\" width=\"801\" height=\"593\" srcset=\"https:\/\/lokalbakis.de\/wp-content\/uploads\/2026\/01\/WhatsApp-Image-2026-01-24-at-22.52.38-300x222.jpeg 300w, https:\/\/lokalbakis.de\/wp-content\/uploads\/2026\/01\/WhatsApp-Image-2026-01-24-at-22.52.38-1024x758.jpeg 1024w, https:\/\/lokalbakis.de\/wp-content\/uploads\/2026\/01\/WhatsApp-Image-2026-01-24-at-22.52.38-768x568.jpeg 768w, https:\/\/lokalbakis.de\/wp-content\/uploads\/2026\/01\/WhatsApp-Image-2026-01-24-at-22.52.38-1536x1137.jpeg 1536w, https:\/\/lokalbakis.de\/wp-content\/uploads\/2026\/01\/WhatsApp-Image-2026-01-24-at-22.52.38-2048x1516.jpeg 2048w\" sizes=\"auto, (max-width: 801px) 100vw, 801px\" \/><\/p>\n<p class=\"s2\"><strong>Akba\u015f, konu\u015fmas\u0131nda \u015fu ifadeleri kulland\u0131:<\/strong><\/p>\n<p class=\"s2\">&#8222;Bug\u00fcn burada tecelli eden irade, AT\u0130B\u2019in gelece\u011fine duyulan inanc\u0131n bir g\u00f6stergesidir. \u015eahs\u0131ma ve ekibime g\u00f6sterilen bu tevecc\u00fch\u00fc, Avrupa T\u00fcrk toplumuna hizmet yolunda b\u00fcy\u00fck bir emanet olarak kabul ediyorum. Bizim d\u00f6nemimizde as\u0131l gayemiz, k\u00f6kl\u00fc ge\u00e7mi\u015fimizden ald\u0131\u011f\u0131m\u0131z g\u00fc\u00e7le, g\u00fcn\u00fcm\u00fcz\u00fcn ihtiya\u00e7lar\u0131na cevap verebilen bir te\u015fkilat yap\u0131s\u0131 olu\u015fturmakt\u0131r.&#8220;<\/p>\n<p class=\"s2\"><img loading=\"lazy\" decoding=\"async\" class=\"alignnone  wp-image-1394\" src=\"https:\/\/lokalbakis.de\/wp-content\/uploads\/2026\/01\/WhatsApp-Image-2026-01-24-at-22.52.37-300x189.jpeg\" alt=\"\" width=\"790\" height=\"498\" srcset=\"https:\/\/lokalbakis.de\/wp-content\/uploads\/2026\/01\/WhatsApp-Image-2026-01-24-at-22.52.37-300x189.jpeg 300w, https:\/\/lokalbakis.de\/wp-content\/uploads\/2026\/01\/WhatsApp-Image-2026-01-24-at-22.52.37-1024x644.jpeg 1024w, https:\/\/lokalbakis.de\/wp-content\/uploads\/2026\/01\/WhatsApp-Image-2026-01-24-at-22.52.37-768x483.jpeg 768w, https:\/\/lokalbakis.de\/wp-content\/uploads\/2026\/01\/WhatsApp-Image-2026-01-24-at-22.52.37-1536x966.jpeg 1536w, https:\/\/lokalbakis.de\/wp-content\/uploads\/2026\/01\/WhatsApp-Image-2026-01-24-at-22.52.37.jpeg 2048w\" sizes=\"auto, (max-width: 790px) 100vw, 790px\" \/><\/p>\n<p class=\"s2\"><strong>2026-2030 Stratejik Yol Haritas\u0131<\/strong><\/p>\n<p class=\"s2\">Yeni Genel Ba\u015fkan Akba\u015f, 2030 y\u0131l\u0131na kadar s\u00fcrecek olan yeni d\u00f6nem vizyonunu \u015fu s\u00f6zlerle ilan etti:<\/p>\n<p class=\"s2\">&#8222;2026-2030 vizyonumuzun temelinde kurumsalla\u015fma ve e\u011fitim yer almaktad\u0131r. AT\u0130B\u2019i, Avrupa\u2019daki insan\u0131m\u0131z\u0131n haklar\u0131n\u0131 her platformda savunan, gen\u00e7 nesillerimizi hem manevi de\u011ferlerine ba\u011fl\u0131 hem de modern \u00e7a\u011f\u0131n donan\u0131mlar\u0131na sahip bireyler olarak yeti\u015ftiren bir yap\u0131 haline getirece\u011fiz. Projelerimiz haz\u0131r, kadrolar\u0131m\u0131z inan\u00e7l\u0131. Art\u0131k vakit, bu vizyonu hayata ge\u00e7irme vaktidir.&#8220;<\/p>\n<p class=\"s2\"><img loading=\"lazy\" decoding=\"async\" class=\"alignnone  wp-image-1389\" src=\"https:\/\/lokalbakis.de\/wp-content\/uploads\/2026\/01\/alipasa-300x225.jpeg\" alt=\"\" width=\"809\" height=\"607\" srcset=\"https:\/\/lokalbakis.de\/wp-content\/uploads\/2026\/01\/alipasa-300x225.jpeg 300w, https:\/\/lokalbakis.de\/wp-content\/uploads\/2026\/01\/alipasa-1024x768.jpeg 1024w, https:\/\/lokalbakis.de\/wp-content\/uploads\/2026\/01\/alipasa-768x576.jpeg 768w, https:\/\/lokalbakis.de\/wp-content\/uploads\/2026\/01\/alipasa-1536x1152.jpeg 1536w, https:\/\/lokalbakis.de\/wp-content\/uploads\/2026\/01\/alipasa.jpeg 2048w\" sizes=\"auto, (max-width: 809px) 100vw, 809px\" \/><\/p>\n<p class=\"s2\"><strong>&#8222;Birlik ve Beraberlik \u0130\u00e7inde Yeni Bir D\u00f6nem&#8220;<\/strong><\/p>\n<p class=\"s2\">Konu\u015fmas\u0131nda kapsay\u0131c\u0131l\u0131k vurgusu yapan Akba\u015f, s\u00f6zlerini \u015f\u00f6yle tamamlad\u0131:<\/p>\n<p class=\"s2\">&#8222;Genel kurulumuzun kaybedeni yoktur; kazanan b\u00fct\u00fcn bir AT\u0130B camias\u0131d\u0131r. Se\u00e7im s\u00fcreci sona ermi\u015ftir, \u015fimdi el ele vererek \u00e7al\u0131\u015fma vaktidir. Avrupa T\u00fcrk \u0130slam Birli\u011fi, her zamankinden daha g\u00fc\u00e7l\u00fc ve daha birle\u015fik bir \u015fekilde yoluna devam edecektir. Bu kutlu yolda her bir g\u00f6n\u00fclda\u015f\u0131m\u0131z\u0131n katk\u0131s\u0131 bizim i\u00e7in \u00e7ok k\u0131ymetlidir.&#8220;<\/p>\n<p class=\"s2\"><img loading=\"lazy\" decoding=\"async\" class=\"alignnone  wp-image-1390\" src=\"https:\/\/lokalbakis.de\/wp-content\/uploads\/2026\/01\/WhatsApp-Image-2026-01-24-at-22.52.38-2-300x200.jpeg\" alt=\"\" width=\"798\" height=\"532\" srcset=\"https:\/\/lokalbakis.de\/wp-content\/uploads\/2026\/01\/WhatsApp-Image-2026-01-24-at-22.52.38-2-300x200.jpeg 300w, https:\/\/lokalbakis.de\/wp-content\/uploads\/2026\/01\/WhatsApp-Image-2026-01-24-at-22.52.38-2-1024x683.jpeg 1024w, https:\/\/lokalbakis.de\/wp-content\/uploads\/2026\/01\/WhatsApp-Image-2026-01-24-at-22.52.38-2-768x512.jpeg 768w, https:\/\/lokalbakis.de\/wp-content\/uploads\/2026\/01\/WhatsApp-Image-2026-01-24-at-22.52.38-2-1536x1024.jpeg 1536w, https:\/\/lokalbakis.de\/wp-content\/uploads\/2026\/01\/WhatsApp-Image-2026-01-24-at-22.52.38-2-2048x1365.jpeg 2048w\" sizes=\"auto, (max-width: 798px) 100vw, 798px\" \/><\/p>\n<p class=\"s2\">Kongre, yeni y\u00f6netimin tebrikleri kabul etmesiyle sona ererken, delegeler Ali Pa\u015fa Akba\u015f ve ekibine yeni d\u00f6nemde ba\u015far\u0131 dileklerini ilettiler.<\/p>\n<p class=\"s2\">\n","protected":false},"excerpt":{"rendered":"<p>Avrupa T\u00fcrk \u0130slam Birli\u011fi (AT\u0130B), 28. D\u00f6nem Ola\u011fan\u00fcst\u00fc Genel Kurulu\u2019nu Almanya\u2019n\u0131n Remscheid kentinde b\u00fcy\u00fck bir olgunlukla ger\u00e7ekle\u015ftirdi. Kurucu Genel Ba\u015fkan Musa Serdar \u00c7elebi\u2019nin de kat\u0131ld\u0131\u011f\u0131 kongrede, delegelerin b\u00fcy\u00fck g\u00fcvenini kazanan Ali Pa\u015fa Akba\u015f, 217 oy alarak AT\u0130B\u2019in yeni Genel Ba\u015fkan\u0131 se\u00e7ildi. &#8222;Hizmet Bayra\u011f\u0131n\u0131 Daha \u0130leriye Ta\u015f\u0131yaca\u011f\u0131z&#8220; Eski ba\u015fkan \u0130mam Cengiz ile ger\u00e7ekle\u015fen se\u00e7im yar\u0131\u015f\u0131n\u0131n ard\u0131ndan [&hellip;]<\/p>\n","protected":false},"author":2,"featured_media":1391,"comment_status":"open","ping_status":"open","sticky":false,"template":"","format":"standard","meta":{"_crdt_document":"","_jetpack_memberships_contains_paid_content":false,"footnotes":""},"categories":[7],"tags":[],"class_list":["post-1388","post","type-post","status-publish","format-standard","has-post-thumbnail","hentry","category-guencel"],"jetpack_featured_media_url":"https:\/\/lokalbakis.de\/wp-content\/uploads\/2026\/01\/WhatsApp-Image-2026-01-24-at-22.52.38-1-scaled.jpeg","jetpack_sharing_enabled":true,"_links":{"self":[{"href":"https:\/\/lokalbakis.de\/index.php?rest_route=\/wp\/v2\/posts\/1388","targetHints":{"allow":["GET"]}}],"collection":[{"href":"https:\/\/lokalbakis.de\/index.php?rest_route=\/wp\/v2\/posts"}],"about":[{"href":"https:\/\/lokalbakis.de\/index.php?rest_route=\/wp\/v2\/types\/post"}],"author":[{"embeddable":true,"href":"https:\/\/lokalbakis.de\/index.php?rest_route=\/wp\/v2\/users\/2"}],"replies":[{"embeddable":true,"href":"https:\/\/lokalbakis.de\/index.php?rest_route=%2Fwp%2Fv2%2Fcomments&post=1388"}],"version-history":[{"count":2,"href":"https:\/\/lokalbakis.de\/index.php?rest_route=\/wp\/v2\/posts\/1388\/revisions"}],"predecessor-version":[{"id":1396,"href":"https:\/\/lokalbakis.de\/index.php?rest_route=\/wp\/v2\/posts\/1388\/revisions\/1396"}],"wp:featuredmedia":[{"embeddable":true,"href":"https:\/\/lokalbakis.de\/index.php?rest_route=\/wp\/v2\/media\/1391"}],"wp:attachment":[{"href":"https:\/\/lokalbakis.de\/index.php?rest_route=%2Fwp%2Fv2%2Fmedia&parent=1388"}],"wp:term":[{"taxonomy":"category","embeddable":true,"href":"https:\/\/lokalbakis.de\/index.php?rest_route=%2Fwp%2Fv2%2Fcategories&post=1388"},{"taxonomy":"post_tag","embeddable":true,"href":"https:\/\/lokalbakis.de\/index.php?rest_route=%2Fwp%2Fv2%2Ftags&post=1388"}],"curies":[{"name":"wp","href":"https:\/\/api.w.org\/{rel}","templated":true}]}}