{"id":1420,"date":"2026-01-29T23:21:42","date_gmt":"2026-01-29T22:21:42","guid":{"rendered":"https:\/\/lokalbakis.de\/?p=1420"},"modified":"2026-01-29T23:22:05","modified_gmt":"2026-01-29T22:22:05","slug":"moerste-ana-komite-toplaniyor-entegrasyon-destekleri-kadin-danisma-merkezi-ve-yetki-degisiklikleri-guendemde","status":"publish","type":"post","link":"https:\/\/lokalbakis.de\/?p=1420","title":{"rendered":"Moers\u2019te Ana Komite Toplan\u0131yor: Entegrasyon Destekleri, Kad\u0131n Dan\u0131\u015fma Merkezi ve Yetki De\u011fi\u015fiklikleri G\u00fcndemde"},"content":{"rendered":"<p data-start=\"219\" data-end=\"587\"><strong data-start=\"219\" data-end=\"260\"><span class=\"hover:entity-accent entity-underline inline cursor-pointer align-baseline\"><span class=\"whitespace-normal\">Moers<\/span><\/span><\/strong> \u2013 Moers Belediyesi Ana Komitesi (Hauptausschuss), <strong data-start=\"311\" data-end=\"336\">4 \u015eubat \u00c7ar\u015famba g\u00fcn\u00fc<\/strong> saat <strong data-start=\"342\" data-end=\"354\">16.00\u2019da<\/strong> belediye binas\u0131 meclis salonunda (Rathausplatz 1) toplanacak. Kamuoyuna a\u00e7\u0131k ger\u00e7ekle\u015ftirilecek toplant\u0131da, <strong data-start=\"463\" data-end=\"522\">entegrasyon projelerine y\u00f6nelik mali destek ba\u015fvurular\u0131<\/strong> ve <strong data-start=\"526\" data-end=\"567\">belediye i\u00e7i yeni yetki d\u00fczenlemeleri<\/strong> masaya yat\u0131r\u0131lacak.<\/p>\n<h3 data-start=\"589\" data-end=\"656\"><strong data-start=\"593\" data-end=\"656\">Entegrasyon Projelerine Mali Destek Ba\u015fvurular\u0131 G\u00f6r\u00fc\u015f\u00fclecek<\/strong><\/h3>\n<p data-start=\"658\" data-end=\"922\">Toplant\u0131n\u0131n ana g\u00fcndem maddeleri aras\u0131nda, \u00e7e\u015fitli dernek ve kurumlar\u0131n <strong data-start=\"730\" data-end=\"760\">entegratif sosyal projeler<\/strong> i\u00e7in yapt\u0131\u011f\u0131 <strong data-start=\"774\" data-end=\"802\">hibe ve te\u015fvik talepleri<\/strong> yer al\u0131yor. Bu kapsamda, toplumsal uyum ve sosyal kat\u0131l\u0131m\u0131 g\u00fc\u00e7lendirmeyi hedefleyen projelerin finansman\u0131 ele al\u0131nacak.<\/p>\n<h3 data-start=\"924\" data-end=\"978\"><strong data-start=\"928\" data-end=\"978\">Kad\u0131n Dan\u0131\u015fma Merkezi \u0130\u00e7in 2026 Deste\u011fi Talebi<\/strong><\/h3>\n<p data-start=\"980\" data-end=\"1217\">Ayr\u0131ca <strong data-start=\"987\" data-end=\"1056\">\u201cFrauen helfen Frauen\u201d (Kad\u0131nlar Kad\u0131nlara Yard\u0131m Ediyor) Derne\u011fi<\/strong>, <strong data-start=\"1058\" data-end=\"1100\">2026 y\u0131l\u0131 i\u00e7in kad\u0131n dan\u0131\u015fma merkezine<\/strong> y\u00f6nelik belediyeden mali destek talebinde bulundu. S\u00f6z konusu ba\u015fvurunun Ana Komite\u2019de de\u011ferlendirilmesi bekleniyor.<\/p>\n<h3 data-start=\"1219\" data-end=\"1289\"><strong data-start=\"1223\" data-end=\"1289\">Belediye Yap\u0131s\u0131nda Yetki ve Sorumluluklar Yeniden D\u00fczenleniyor<\/strong><\/h3>\n<p data-start=\"1291\" data-end=\"1471\">Toplant\u0131da ayr\u0131ca Moers Belediyesi <strong data-start=\"1326\" data-end=\"1374\">\u0130tfaiye Dairesi\u2019nin yeniden yap\u0131land\u0131r\u0131lmas\u0131<\/strong> ve <strong data-start=\"1378\" data-end=\"1421\">yetki payla\u015f\u0131m\u0131na ili\u015fkin de\u011fi\u015fiklikler<\/strong> de g\u00fcndeme gelecek. Planlanan d\u00fczenlemelere g\u00f6re:<\/p>\n<ul data-start=\"1473\" data-end=\"1740\">\n<li data-start=\"1473\" data-end=\"1560\">\n<p data-start=\"1475\" data-end=\"1560\"><strong data-start=\"1475\" data-end=\"1521\">\u0130n\u015faat, Ekonomi ve Ta\u015f\u0131nmazlar Komitesi\u2019ne<\/strong> konut (bar\u0131nma) alan\u0131n\u0131n ba\u011flanmas\u0131,<\/p>\n<\/li>\n<li data-start=\"1561\" data-end=\"1642\">\n<p data-start=\"1563\" data-end=\"1642\"><strong data-start=\"1563\" data-end=\"1587\">\u0130tfaiye Komitesi\u2019nin<\/strong>, d\u00fczen ve g\u00fcvenlik konular\u0131nda da yetkilendirilmesi,<\/p>\n<\/li>\n<li data-start=\"1643\" data-end=\"1740\">\n<p data-start=\"1645\" data-end=\"1740\"><strong data-start=\"1645\" data-end=\"1671\">Dijitalle\u015fme konusunun<\/strong> ise do\u011frudan Ana Komite\u2019nin sorumluluk alan\u0131na al\u0131nmas\u0131 \u00f6ng\u00f6r\u00fcl\u00fcyor.<\/p>\n<\/li>\n<\/ul>\n<p data-start=\"1742\" data-end=\"1898\">Ana Komite toplant\u0131s\u0131nda al\u0131nacak kararlar\u0131n, Moers Belediyesi\u2019nin <strong data-start=\"1809\" data-end=\"1850\">idari yap\u0131lanmas\u0131 ve sosyal projeleri<\/strong> a\u00e7\u0131s\u0131ndan \u00f6nemli sonu\u00e7lar do\u011furmas\u0131 bekleniyor.<\/p>\n<p data-start=\"1742\" data-end=\"1898\">Haber: Merve G\u00fclec<\/p>\n","protected":false},"excerpt":{"rendered":"<p>Moers \u2013 Moers Belediyesi Ana Komitesi (Hauptausschuss), 4 \u015eubat \u00c7ar\u015famba g\u00fcn\u00fc saat 16.00\u2019da belediye binas\u0131 meclis salonunda (Rathausplatz 1) toplanacak. Kamuoyuna a\u00e7\u0131k ger\u00e7ekle\u015ftirilecek toplant\u0131da, entegrasyon projelerine y\u00f6nelik mali destek ba\u015fvurular\u0131 ve belediye i\u00e7i yeni yetki d\u00fczenlemeleri masaya yat\u0131r\u0131lacak. Entegrasyon Projelerine Mali Destek Ba\u015fvurular\u0131 G\u00f6r\u00fc\u015f\u00fclecek Toplant\u0131n\u0131n ana g\u00fcndem maddeleri aras\u0131nda, \u00e7e\u015fitli dernek ve kurumlar\u0131n entegratif sosyal [&hellip;]<\/p>\n","protected":false},"author":1,"featured_media":1422,"comment_status":"open","ping_status":"open","sticky":false,"template":"","format":"standard","meta":{"_crdt_document":"","_jetpack_memberships_contains_paid_content":false,"footnotes":""},"categories":[7],"tags":[],"class_list":["post-1420","post","type-post","status-publish","format-standard","has-post-thumbnail","hentry","category-guencel"],"jetpack_featured_media_url":"https:\/\/lokalbakis.de\/wp-content\/uploads\/2026\/01\/Rathaus-Moers.jpg","jetpack_sharing_enabled":true,"_links":{"self":[{"href":"https:\/\/lokalbakis.de\/index.php?rest_route=\/wp\/v2\/posts\/1420","targetHints":{"allow":["GET"]}}],"collection":[{"href":"https:\/\/lokalbakis.de\/index.php?rest_route=\/wp\/v2\/posts"}],"about":[{"href":"https:\/\/lokalbakis.de\/index.php?rest_route=\/wp\/v2\/types\/post"}],"author":[{"embeddable":true,"href":"https:\/\/lokalbakis.de\/index.php?rest_route=\/wp\/v2\/users\/1"}],"replies":[{"embeddable":true,"href":"https:\/\/lokalbakis.de\/index.php?rest_route=%2Fwp%2Fv2%2Fcomments&post=1420"}],"version-history":[{"count":1,"href":"https:\/\/lokalbakis.de\/index.php?rest_route=\/wp\/v2\/posts\/1420\/revisions"}],"predecessor-version":[{"id":1421,"href":"https:\/\/lokalbakis.de\/index.php?rest_route=\/wp\/v2\/posts\/1420\/revisions\/1421"}],"wp:featuredmedia":[{"embeddable":true,"href":"https:\/\/lokalbakis.de\/index.php?rest_route=\/wp\/v2\/media\/1422"}],"wp:attachment":[{"href":"https:\/\/lokalbakis.de\/index.php?rest_route=%2Fwp%2Fv2%2Fmedia&parent=1420"}],"wp:term":[{"taxonomy":"category","embeddable":true,"href":"https:\/\/lokalbakis.de\/index.php?rest_route=%2Fwp%2Fv2%2Fcategories&post=1420"},{"taxonomy":"post_tag","embeddable":true,"href":"https:\/\/lokalbakis.de\/index.php?rest_route=%2Fwp%2Fv2%2Ftags&post=1420"}],"curies":[{"name":"wp","href":"https:\/\/api.w.org\/{rel}","templated":true}]}}