{"id":1446,"date":"2026-02-01T18:48:04","date_gmt":"2026-02-01T17:48:04","guid":{"rendered":"https:\/\/lokalbakis.de\/?p=1446"},"modified":"2026-02-01T18:52:54","modified_gmt":"2026-02-01T17:52:54","slug":"ruhr-veliler-birligi-tuerkiyeden-akademisyenleri-agirladi","status":"publish","type":"post","link":"https:\/\/lokalbakis.de\/?p=1446","title":{"rendered":"Ruhr Veliler Birli\u011fi, T\u00fcrkiye\u2019den Akademisyenleri A\u011f\u0131rlad\u0131"},"content":{"rendered":"<p>Ruhr Veliler Birli\u011fi Derne\u011fi, 30 Ocak 2026 Cuma ak\u015fam\u0131 dernek lokalinde Burdur Mehmet Akif Ersoy \u00dcniversitesi\u2019nden (MAK\u00dc) iki akademisyeni misafir ederek T\u00fcrkiye\u2019deki y\u00fcksek\u00f6\u011frenim olanaklar\u0131na ili\u015fkin bir tan\u0131t\u0131m semineri d\u00fczenledi. Etkinli\u011fin konu\u015fmac\u0131lar\u0131 Prof. Dr. Dursun K\u00f6se ve Do\u00e7. Dr. \u00d6mer G\u00fcrkan Dilek olurken, moderat\u00f6rl\u00fc\u011f\u00fc dernek y\u00f6netim kurulu \u00fcyesi Milaz\u0131m Ko\u00e7t\u00fcrk \u00fcstlendi.<\/p>\n<p>Derne\u011fin e\u015fba\u015fkanlar\u0131 Fatime Okuyucu ve Dr. Ali Sak\u2019\u0131n a\u00e7\u0131l\u0131\u015f konu\u015fmalar\u0131yla ba\u015flayan programda, \u00f6zellikle Almanya\u2019da istedi\u011fi b\u00f6l\u00fcm\u00fc okuma imk\u00e2n\u0131 bulamayan gen\u00e7ler i\u00e7in T\u00fcrkiye\u2019deki \u00fcniversite se\u00e7enekleri ele al\u0131nd\u0131. 2006 y\u0131l\u0131nda kurulmas\u0131na ra\u011fmen geni\u015f yerle\u015fkesi, 35 binden fazla \u00f6\u011frencisi ve \u00e7ok say\u0131da akademik program\u0131yla MAK\u00dc\u2019n\u00fcn sundu\u011fu avantajlar detayl\u0131 \u015fekilde aktar\u0131ld\u0131.<\/p>\n<p>Evrensel Bilgi Toplumla Payla\u015f\u0131l\u0131yor<\/p>\n<p>Sadece \u00fcniversite i\u00e7inde de\u011fil, e\u011fitimi k\u00f6ylere ve vatanda\u015flara ta\u015f\u0131yan yap\u0131s\u0131yla da \u00f6ne \u00e7\u0131kan MAK\u00dc, farkl\u0131 alanlarda vatanda\u015flar\u0131 bilgilendirerek ve bilin\u00e7lendirerek toplumsal katk\u0131s\u0131n\u0131 geni\u015fletiyor. Ayr\u0131ca Avrupa\u2019n\u0131n en b\u00fcy\u00fck ikinci hayvan hastanesine sahip olmas\u0131 sayesinde bilgi birikimini hayvanat bah\u00e7eleri ve hayvanc\u0131l\u0131kla u\u011fra\u015fan vatanda\u015flarla da payla\u015farak \u00f6nemli bir toplumsal katk\u0131 sunuyor.<\/p>\n<p><img loading=\"lazy\" decoding=\"async\" class=\"alignnone wp-image-1449\" src=\"https:\/\/lokalbakis.de\/wp-content\/uploads\/2026\/02\/WhatsApp-Image-2026-02-01-at-18.24.53-300x225.jpeg\" alt=\"\" width=\"1155\" height=\"866\" srcset=\"https:\/\/lokalbakis.de\/wp-content\/uploads\/2026\/02\/WhatsApp-Image-2026-02-01-at-18.24.53-300x225.jpeg 300w, https:\/\/lokalbakis.de\/wp-content\/uploads\/2026\/02\/WhatsApp-Image-2026-02-01-at-18.24.53-1024x768.jpeg 1024w, https:\/\/lokalbakis.de\/wp-content\/uploads\/2026\/02\/WhatsApp-Image-2026-02-01-at-18.24.53-768x576.jpeg 768w, https:\/\/lokalbakis.de\/wp-content\/uploads\/2026\/02\/WhatsApp-Image-2026-02-01-at-18.24.53-1536x1152.jpeg 1536w, https:\/\/lokalbakis.de\/wp-content\/uploads\/2026\/02\/WhatsApp-Image-2026-02-01-at-18.24.53.jpeg 2048w\" sizes=\"auto, (max-width: 1155px) 100vw, 1155px\" \/><\/p>\n<p>Akademisyenler, MAK\u00dc\u2019n\u00fcn Anadolu\u2019nun merkezinde yer alan konumu, uygun iklim ko\u015fullar\u0131, bar\u0131nma kolayl\u0131\u011f\u0131 ve Avrupa akreditasyon sistemine dahil olmas\u0131yla uluslararas\u0131 \u00f6\u011frenciler i\u00e7in cazip bir se\u00e7enek olu\u015fturdu\u011funu vurgulad\u0131. \u00dcniversitenin \u201cMikro Yeterlilik\u201d program\u0131 ile \u00f6\u011frencilerin kendi alanlar\u0131 d\u0131\u015f\u0131nda ek beceriler kazanabildi\u011fi, \u201c\u0130lk G\u00fcn Yeterlili\u011fi\u201d program\u0131 ile ise mezunlar\u0131n i\u015f hayat\u0131na daha h\u0131zl\u0131 uyum sa\u011flamas\u0131n\u0131n hedeflendi\u011fi belirtildi.<\/p>\n<p>T\u00fcrkiye\u2019de e\u011fitim almak isteyen yabanc\u0131 \u00f6\u011frencilerin, geldikleri \u00fclkelerdeki T\u00fcrk b\u00fcy\u00fckel\u00e7ilikleri veya konsolosluklar\u0131nda diploma denklik i\u015flemlerini tamamlayarak \u00fcniversitelere ba\u015fvurmalar\u0131 gerekti\u011fi ifade edildi. Derslere kat\u0131l\u0131m i\u00e7in B2 seviyesinde T\u00fcrk\u00e7e yeterlili\u011fi aran\u0131rken, mezuniyet i\u00e7in C1 seviyesinde dil s\u0131nav\u0131n\u0131n zorunlu oldu\u011fu aktar\u0131ld\u0131.<\/p>\n<p><img loading=\"lazy\" decoding=\"async\" class=\"alignnone wp-image-1450\" src=\"https:\/\/lokalbakis.de\/wp-content\/uploads\/2026\/02\/WhatsApp-Image-2026-02-01-at-18.24.52-300x225.jpeg\" alt=\"\" width=\"1135\" height=\"851\" srcset=\"https:\/\/lokalbakis.de\/wp-content\/uploads\/2026\/02\/WhatsApp-Image-2026-02-01-at-18.24.52-300x225.jpeg 300w, https:\/\/lokalbakis.de\/wp-content\/uploads\/2026\/02\/WhatsApp-Image-2026-02-01-at-18.24.52-1024x768.jpeg 1024w, https:\/\/lokalbakis.de\/wp-content\/uploads\/2026\/02\/WhatsApp-Image-2026-02-01-at-18.24.52-768x576.jpeg 768w, https:\/\/lokalbakis.de\/wp-content\/uploads\/2026\/02\/WhatsApp-Image-2026-02-01-at-18.24.52-1536x1152.jpeg 1536w, https:\/\/lokalbakis.de\/wp-content\/uploads\/2026\/02\/WhatsApp-Image-2026-02-01-at-18.24.52.jpeg 2048w\" sizes=\"auto, (max-width: 1135px) 100vw, 1135px\" \/><\/p>\n<p>MAK\u00dc\u2019n\u00fcn \u00e7ok say\u0131da \u00f6\u011frenci kul\u00fcb\u00fcyle sosyal ya\u015fam\u0131 destekledi\u011fi ve tersine e\u011fitim g\u00f6\u00e7\u00fcn\u00fcn \u00f6nc\u00fclerinden biri olmay\u0131 hedefledi\u011fi de seminerde \u00f6ne \u00e7\u0131kan ba\u015fl\u0131klar aras\u0131nda yer ald\u0131.<\/p>\n<p><img loading=\"lazy\" decoding=\"async\" class=\"alignnone  wp-image-1455\" src=\"https:\/\/lokalbakis.de\/wp-content\/uploads\/2026\/02\/6-300x225.jpeg\" alt=\"\" width=\"1148\" height=\"861\" srcset=\"https:\/\/lokalbakis.de\/wp-content\/uploads\/2026\/02\/6-300x225.jpeg 300w, https:\/\/lokalbakis.de\/wp-content\/uploads\/2026\/02\/6-1024x768.jpeg 1024w, https:\/\/lokalbakis.de\/wp-content\/uploads\/2026\/02\/6-768x576.jpeg 768w, https:\/\/lokalbakis.de\/wp-content\/uploads\/2026\/02\/6-1536x1152.jpeg 1536w, https:\/\/lokalbakis.de\/wp-content\/uploads\/2026\/02\/6.jpeg 1600w\" sizes=\"auto, (max-width: 1148px) 100vw, 1148px\" \/><\/p>\n<p>Haber: Sinem Akba\u015f Foto\u011fraflar: \u00dcnsal G\u00fcr<\/p>\n","protected":false},"excerpt":{"rendered":"<p>Ruhr Veliler Birli\u011fi Derne\u011fi, 30 Ocak 2026 Cuma ak\u015fam\u0131 dernek lokalinde Burdur Mehmet Akif Ersoy \u00dcniversitesi\u2019nden (MAK\u00dc) iki akademisyeni misafir ederek T\u00fcrkiye\u2019deki y\u00fcksek\u00f6\u011frenim olanaklar\u0131na ili\u015fkin bir tan\u0131t\u0131m semineri d\u00fczenledi. Etkinli\u011fin konu\u015fmac\u0131lar\u0131 Prof. Dr. Dursun K\u00f6se ve Do\u00e7. Dr. \u00d6mer G\u00fcrkan Dilek olurken, moderat\u00f6rl\u00fc\u011f\u00fc dernek y\u00f6netim kurulu \u00fcyesi Milaz\u0131m Ko\u00e7t\u00fcrk \u00fcstlendi. Derne\u011fin e\u015fba\u015fkanlar\u0131 Fatime Okuyucu ve [&hellip;]<\/p>\n","protected":false},"author":1,"featured_media":1447,"comment_status":"open","ping_status":"open","sticky":false,"template":"","format":"standard","meta":{"_crdt_document":"","_jetpack_memberships_contains_paid_content":false,"footnotes":""},"categories":[7],"tags":[],"class_list":["post-1446","post","type-post","status-publish","format-standard","has-post-thumbnail","hentry","category-guencel"],"jetpack_featured_media_url":"https:\/\/lokalbakis.de\/wp-content\/uploads\/2026\/02\/2.jpeg","jetpack_sharing_enabled":true,"_links":{"self":[{"href":"https:\/\/lokalbakis.de\/index.php?rest_route=\/wp\/v2\/posts\/1446","targetHints":{"allow":["GET"]}}],"collection":[{"href":"https:\/\/lokalbakis.de\/index.php?rest_route=\/wp\/v2\/posts"}],"about":[{"href":"https:\/\/lokalbakis.de\/index.php?rest_route=\/wp\/v2\/types\/post"}],"author":[{"embeddable":true,"href":"https:\/\/lokalbakis.de\/index.php?rest_route=\/wp\/v2\/users\/1"}],"replies":[{"embeddable":true,"href":"https:\/\/lokalbakis.de\/index.php?rest_route=%2Fwp%2Fv2%2Fcomments&post=1446"}],"version-history":[{"count":4,"href":"https:\/\/lokalbakis.de\/index.php?rest_route=\/wp\/v2\/posts\/1446\/revisions"}],"predecessor-version":[{"id":1456,"href":"https:\/\/lokalbakis.de\/index.php?rest_route=\/wp\/v2\/posts\/1446\/revisions\/1456"}],"wp:featuredmedia":[{"embeddable":true,"href":"https:\/\/lokalbakis.de\/index.php?rest_route=\/wp\/v2\/media\/1447"}],"wp:attachment":[{"href":"https:\/\/lokalbakis.de\/index.php?rest_route=%2Fwp%2Fv2%2Fmedia&parent=1446"}],"wp:term":[{"taxonomy":"category","embeddable":true,"href":"https:\/\/lokalbakis.de\/index.php?rest_route=%2Fwp%2Fv2%2Fcategories&post=1446"},{"taxonomy":"post_tag","embeddable":true,"href":"https:\/\/lokalbakis.de\/index.php?rest_route=%2Fwp%2Fv2%2Ftags&post=1446"}],"curies":[{"name":"wp","href":"https:\/\/api.w.org\/{rel}","templated":true}]}}