{"id":1457,"date":"2026-02-02T20:51:05","date_gmt":"2026-02-02T19:51:05","guid":{"rendered":"https:\/\/lokalbakis.de\/?p=1457"},"modified":"2026-02-03T23:33:41","modified_gmt":"2026-02-03T22:33:41","slug":"duesseldorfta-ekonomi-zirvesi-tuerk-alman-is-duenyasi-dijitallesme-ve-yeni-yatirimlari-konustu","status":"publish","type":"post","link":"https:\/\/lokalbakis.de\/?p=1457","title":{"rendered":"D\u00fcsseldorf\u2019ta Ekonomi Zirvesi: T\u00fcrk-Alman \u0130\u015f D\u00fcnyas\u0131 Dijitalle\u015fme ve Yeni Yat\u0131r\u0131mlar\u0131 Konu\u015ftu"},"content":{"rendered":"<div>\n<p><strong>YEN\u0130 YATIRIM FIRSATLARINI KONU\u015eTU<\/strong><\/p>\n<p><strong><img decoding=\"async\" src=\"https:\/\/www.lokalbakis.com\/images\/c0c3442f152fa93648ee206934bf1d8a.jpeg\" alt=\"\" data-cke-saved-src=\"https:\/\/www.lokalbakis.com\/images\/c0c3442f152fa93648ee206934bf1d8a.jpeg\" \/><\/strong><\/p>\n<p>Ekonomi yay\u0131nc\u0131l\u0131\u011f\u0131nda y\u00f6n g\u00f6steren bir platform olma hedefiyle yurt i\u00e7i ve yurt d\u0131\u015f\u0131 etkinliklerini s\u00fcrd\u00fcren T\u00fcrkiye\u2019de \u0130\u015f D\u00fcnyas\u0131 dergisi, Almanya\u2019ya \u00f6zel olarak her y\u0131l yay\u0131mlad\u0131\u011f\u0131 \u201cAlmanya\u2019da \u0130\u015f D\u00fcnyas\u0131\u201d say\u0131s\u0131 kapsam\u0131nda bu y\u0131lki Ekonomi Zirvesi\u2019ni dijitalle\u015fme oda\u011f\u0131nda ger\u00e7ekle\u015ftirdi. 4. Almanya\u2019da Ekonomi Zirvesi, 29 Ocak Per\u015fembe g\u00fcn\u00fc D\u00fcsseldorf\u2019ta, \u201cYeni \u00c7a\u011f\u0131n Dili: Dijitalle\u015fme\u201d ana temas\u0131yla d\u00fczenlendi.<\/p>\n<p><img loading=\"lazy\" decoding=\"async\" class=\"alignnone wp-image-1472\" src=\"https:\/\/lokalbakis.de\/wp-content\/uploads\/2026\/02\/Murat-Atesalp-300x153.jpg\" alt=\"\" width=\"1212\" height=\"618\" data-cke-saved-src=\"https:\/\/lokalbakis.de\/wp-content\/uploads\/2026\/02\/Murat-Atesalp-300x153.jpg\" srcset=\"https:\/\/lokalbakis.de\/wp-content\/uploads\/2026\/02\/Murat-Atesalp-300x153.jpg 300w, https:\/\/lokalbakis.de\/wp-content\/uploads\/2026\/02\/Murat-Atesalp-1024x522.jpg 1024w, https:\/\/lokalbakis.de\/wp-content\/uploads\/2026\/02\/Murat-Atesalp-768x391.jpg 768w, https:\/\/lokalbakis.de\/wp-content\/uploads\/2026\/02\/Murat-Atesalp-1536x783.jpg 1536w, https:\/\/lokalbakis.de\/wp-content\/uploads\/2026\/02\/Murat-Atesalp-2048x1044.jpg 2048w\" sizes=\"auto, (max-width: 1212px) 100vw, 1212px\" \/><\/p>\n<p>Almanya\u2019daki T\u00fcrk yat\u0131r\u0131mc\u0131lar ile T\u00fcrkiye\u2019den Almanya pazar\u0131na a\u00e7\u0131lmay\u0131 planlayan i\u015f insanlar\u0131n\u0131, kamu temsilcileri ve sivil toplum kurulu\u015flar\u0131yla bulu\u015fturmay\u0131 ama\u00e7layan zirvede; dijital d\u00f6n\u00fc\u015f\u00fcm\u00fcn i\u015f yapma bi\u00e7imlerine etkisi, Avrupa pazar\u0131nda rekabet avantaj\u0131 sa\u011flayan teknolojik yat\u0131r\u0131mlar, yapay zek\u00e2, otomasyon ve veri odakl\u0131 y\u00f6netim modelleri ele al\u0131nd\u0131.<\/p>\n<p>Zirveye; T\u00fcrkiye Cumhuriyeti D\u00fcsseldorf Ba\u015fkonsolosu Ali \u0130hsan \u0130zbul, Avrupa T\u00fcrk \u0130\u015f \u0130nsanlar\u0131 ve Sanayicileri Derne\u011fi (AT\u0130AD) Ba\u015fkan\u0131 Av. Aziz Sar\u0131yar, TDU-NRW T\u00fcrk-Alman \u0130\u015f \u0130nsanlar\u0131 Derne\u011fi Ba\u015fkan\u0131 Cevdet Koca\u015f, T\u00fcrk Telekom Internat\u0131onal Genel M\u00fcd\u00fcr\u00fc Yavuz Y\u0131ld\u0131r\u0131m, D\u00fcnya T\u00fcrk \u0130\u015f Konseyi (DT\u0130K) Avrupa Temsilciler Kurulu Ba\u015fkan\u0131 Turgut Toruno\u011fullar\u0131, Green Park Hotels &amp; Resorts Y\u00f6netim Kurulu Ba\u015fkan\u0131 Adil \u00dcst\u00fcnda\u011f, T\u00dcYAFED Avrupa Ba\u015fkan\u0131 Berkan T\u00fcz\u00fcnata\u00e7, Bulutistan Avrupa Genel M\u00fcd\u00fcr\u00fc Do\u00e7. Dr. \u0130brahim Edin, TEBA Y\u00f6netim Kurulu \u00dcyesi Cihangir Soyt\u00fcrk ve Ticaret Ate\u015fesi P\u0131nar Aslan kat\u0131larak dijitalle\u015fmenin kamu, \u00f6zel sekt\u00f6r ve sivil toplum boyutuna ili\u015fkin de\u011ferlendirmelerde bulundu.<\/p>\n<p><strong>YEN\u0130 \u00c7A\u011eIN D\u0130L\u0130 KONU\u015eULDU<\/strong><\/p>\n<p><img loading=\"lazy\" decoding=\"async\" class=\"alignnone wp-image-1461\" src=\"https:\/\/lokalbakis.de\/wp-content\/uploads\/2026\/02\/CELAL-TOPRAK-300x200.jpg\" alt=\"\" width=\"1214\" height=\"809\" data-cke-saved-src=\"https:\/\/lokalbakis.de\/wp-content\/uploads\/2026\/02\/CELAL-TOPRAK-300x200.jpg\" srcset=\"https:\/\/lokalbakis.de\/wp-content\/uploads\/2026\/02\/CELAL-TOPRAK-300x200.jpg 300w, https:\/\/lokalbakis.de\/wp-content\/uploads\/2026\/02\/CELAL-TOPRAK-1024x683.jpg 1024w, https:\/\/lokalbakis.de\/wp-content\/uploads\/2026\/02\/CELAL-TOPRAK-768x512.jpg 768w, https:\/\/lokalbakis.de\/wp-content\/uploads\/2026\/02\/CELAL-TOPRAK-1536x1025.jpg 1536w, https:\/\/lokalbakis.de\/wp-content\/uploads\/2026\/02\/CELAL-TOPRAK-2048x1366.jpg 2048w\" sizes=\"auto, (max-width: 1214px) 100vw, 1214px\" \/><\/p>\n<p>Toplant\u0131n\u0131n a\u00e7\u0131l\u0131\u015f konu\u015fmas\u0131n\u0131 <strong>T\u00fcrkiye\u2019de \u0130\u015f D\u00fcnyas\u0131 dergisi Genel Yay\u0131n Y\u00f6netmeni Celal Toprak<\/strong> yapt\u0131. Toprak konu\u015fmas\u0131nda, \u015fu noktalara de\u011findi; \u201c\u0130\u015f d\u00fcnyas\u0131nda ne geli\u015fme olursa ilk ve ayr\u0131nt\u0131l\u0131 bir \u015fekilde bizden \u00f6\u011frenece\u011finizi ifade etmi\u015f, i\u015f d\u00fcnyas\u0131n\u0131n \u00f6n\u00fcn\u00fc a\u00e7mak g\u00f6revimiz demi\u015ftik. Dergimizin ilk \u00e7\u0131k\u0131\u015f mesaj\u0131nda bu iki konu vard\u0131. Bu tutumumuza ilk g\u00fcnk\u00fc gibi devam ediyoruz. Hatta Avrupa\u2019ya da a\u00e7\u0131larak \u00e7al\u0131\u015fmalar\u0131m\u0131z\u0131 bir ad\u0131m daha \u00f6teye ta\u015f\u0131d\u0131k. Bug\u00fcn 4. Almanya Ekonomi Zirvesi\u2019ni ger\u00e7ekle\u015ftirmek \u00fczere bir araya geldik. Hepinizin bildi\u011fi \u00fczere dijitalle\u015fme g\u00fcn\u00fcm\u00fcz\u00fcn en \u00f6nemli konular\u0131n\u0131n ba\u015f\u0131nda geliyor. \u0130stedik ki bug\u00fcn burada hep birlikte yeni \u00e7a\u011f\u0131n dili olan dijitalle\u015fmeyi masaya yat\u0131ral\u0131m.\u201d<\/p>\n<p><img decoding=\"async\" src=\"https:\/\/www.lokalbakis.com\/images\/fd1fbfaabbea4d58fce903b5c419f0bf.jpeg\" alt=\"\" data-cke-saved-src=\"https:\/\/www.lokalbakis.com\/images\/fd1fbfaabbea4d58fce903b5c419f0bf.jpeg\" \/><\/p>\n<p><strong>D\u0130J\u0130TALLE\u015eME T\u00dcRK-ALMAN EKONOM\u0130K \u0130L\u0130\u015eK\u0130LER\u0130N\u0130N ANAHTAR BA\u015eLI\u011eI<\/strong><\/p>\n<p><strong>T\u00fcrkiye Cumhuriyeti D\u00fcsseldorf Ba\u015fkonsolosu Ali \u0130hsan \u0130zbul<\/strong>, yapt\u0131\u011f\u0131 konu\u015fmada, T\u00fcrk-Alman ekonomik ili\u015fkilerinin g\u00fc\u00e7lenmesinde dijitalle\u015fmenin, nitelikli insan kayna\u011f\u0131n\u0131n ve d\u00f6n\u00fc\u015fen T\u00fcrk i\u015f d\u00fcnyas\u0131n\u0131n belirleyici rol oynad\u0131\u011f\u0131n\u0131 s\u00f6yledi. T\u00fcrkiye\u2019de \u0130\u015f D\u00fcnyas\u0131 dergisinin bu ili\u015fkilerde referans bir yay\u0131n niteli\u011fi ta\u015f\u0131d\u0131\u011f\u0131n\u0131 vurgulayan \u0130zbul, zirvelerin g\u00fc\u00e7l\u00fc bir i\u015f a\u011f\u0131 olu\u015fturdu\u011funa dikkat \u00e7ekti.<\/p>\n<p><img loading=\"lazy\" decoding=\"async\" class=\"alignnone wp-image-1464\" src=\"https:\/\/lokalbakis.de\/wp-content\/uploads\/2026\/02\/ALI-IHSAN-IZBUL-300x200.jpg\" alt=\"\" width=\"1214\" height=\"809\" data-cke-saved-src=\"https:\/\/lokalbakis.de\/wp-content\/uploads\/2026\/02\/ALI-IHSAN-IZBUL-300x200.jpg\" srcset=\"https:\/\/lokalbakis.de\/wp-content\/uploads\/2026\/02\/ALI-IHSAN-IZBUL-300x200.jpg 300w, https:\/\/lokalbakis.de\/wp-content\/uploads\/2026\/02\/ALI-IHSAN-IZBUL-1024x683.jpg 1024w, https:\/\/lokalbakis.de\/wp-content\/uploads\/2026\/02\/ALI-IHSAN-IZBUL-768x512.jpg 768w, https:\/\/lokalbakis.de\/wp-content\/uploads\/2026\/02\/ALI-IHSAN-IZBUL-1536x1025.jpg 1536w, https:\/\/lokalbakis.de\/wp-content\/uploads\/2026\/02\/ALI-IHSAN-IZBUL-2048x1366.jpg 2048w\" sizes=\"auto, (max-width: 1214px) 100vw, 1214px\" \/><\/p>\n<p>K\u00fcresel belirsizliklerin artt\u0131\u011f\u0131 bir d\u00f6nemde T\u00fcrkiye\u2019nin stratejik konumu, dinamik ekonomisi ve etkin diplomasisiyle \u00e7ok boyutlu bir d\u0131\u015f politika izledi\u011fini ifade eden \u0130zbul, Kuzey Ren-Vestfalya eyaletinde faaliyet g\u00f6steren 20 bini a\u015fk\u0131n T\u00fcrk giri\u015fimcinin 100 binden fazla ki\u015fiye istihdam sa\u011flad\u0131\u011f\u0131n\u0131 belirtti. T\u00fcrk yat\u0131r\u0131mlar\u0131n\u0131n teknoloji, yaz\u0131l\u0131m ve dijitalle\u015fme alanlar\u0131nda da g\u00fc\u00e7 kazand\u0131\u011f\u0131n\u0131 kaydeden \u0130zbul, bu d\u00f6n\u00fc\u015f\u00fcm\u00fcn T\u00fcrk i\u015f d\u00fcnyas\u0131n\u0131n Almanya\u2019daki kal\u0131c\u0131 rol\u00fcn\u00fc peki\u015ftirdi\u011fini s\u00f6yledi.<\/p>\n<p>Konu\u015fmas\u0131nda dijitalle\u015fmenin art\u0131k diplomasinin ve konsolosluk hizmetlerinin temel unsurlar\u0131ndan biri haline geldi\u011fini vurgulayan \u0130zbul, T\u00fcrkiye ile Almanya aras\u0131nda hedeflenen 60 milyar dolarl\u0131k ticaret hacmi do\u011frultusunda kar\u015f\u0131l\u0131kl\u0131 yat\u0131r\u0131m ve i\u015f birliklerinin desteklenmeye devam edece\u011fini ifade etti.<\/p>\n<p><img loading=\"lazy\" decoding=\"async\" class=\"alignnone wp-image-1467\" src=\"https:\/\/lokalbakis.de\/wp-content\/uploads\/2026\/02\/2-2-300x200.jpeg\" alt=\"\" width=\"1214\" height=\"809\" data-cke-saved-src=\"https:\/\/lokalbakis.de\/wp-content\/uploads\/2026\/02\/2-2-300x200.jpeg\" srcset=\"https:\/\/lokalbakis.de\/wp-content\/uploads\/2026\/02\/2-2-300x200.jpeg 300w, https:\/\/lokalbakis.de\/wp-content\/uploads\/2026\/02\/2-2-768x513.jpeg 768w, https:\/\/lokalbakis.de\/wp-content\/uploads\/2026\/02\/2-2-1536x1025.jpeg 1536w, https:\/\/lokalbakis.de\/wp-content\/uploads\/2026\/02\/2-2.jpeg 1600w\" sizes=\"auto, (max-width: 1214px) 100vw, 1214px\" \/><\/p>\n<p><strong>D\u0130J\u0130TALLE\u015eME ARTIK B\u0130R TERC\u0130H DE\u011e\u0130L<\/strong><\/p>\n<p><strong>T\u00fcrk Telekom International Genel M\u00fcd\u00fcr\u00fc Yavuz Y\u0131ld\u0131r\u0131m<\/strong>, Do\u011fu Avrupa merkezli operasyonlar\u0131yla geni\u015f bir co\u011frafyada faaliyet g\u00f6steren T\u00fcrk Telekom International\u2019\u0131n, Hong Kong\u2019dan Londra\u2019ya, Moskova\u2019dan Somali\u2019ye uzanan hat boyunca kurumsal m\u00fc\u015fterilere toptan seviyede altyap\u0131 ve ba\u011flant\u0131 hizmetleri sundu\u011funu belirterek, dijitalle\u015fmenin g\u00fcn\u00fcm\u00fcz ekonomilerinde kritik bir e\u015fik haline geldi\u011fini s\u00f6yledi.<\/p>\n<p><img loading=\"lazy\" decoding=\"async\" class=\"alignnone wp-image-1474\" src=\"https:\/\/lokalbakis.de\/wp-content\/uploads\/2026\/02\/Yavuz-Yildirim-300x153.jpg\" alt=\"\" width=\"1216\" height=\"620\" data-cke-saved-src=\"https:\/\/lokalbakis.de\/wp-content\/uploads\/2026\/02\/Yavuz-Yildirim-300x153.jpg\" srcset=\"https:\/\/lokalbakis.de\/wp-content\/uploads\/2026\/02\/Yavuz-Yildirim-300x153.jpg 300w, https:\/\/lokalbakis.de\/wp-content\/uploads\/2026\/02\/Yavuz-Yildirim-1024x523.jpg 1024w, https:\/\/lokalbakis.de\/wp-content\/uploads\/2026\/02\/Yavuz-Yildirim-768x393.jpg 768w, https:\/\/lokalbakis.de\/wp-content\/uploads\/2026\/02\/Yavuz-Yildirim-1536x785.jpg 1536w\" sizes=\"auto, (max-width: 1216px) 100vw, 1216px\" \/><\/p>\n<p>Dijitalle\u015fmenin art\u0131k yaln\u0131zca verimlilik art\u0131ran bir ara\u00e7 olmaktan \u00e7\u0131kt\u0131\u011f\u0131n\u0131 vurgulayan Y\u0131ld\u0131r\u0131m, yapay zek\u00e2, nesnelerin interneti ve otomasyon teknolojilerinin i\u015f s\u00fcre\u00e7lerini yeniden tan\u0131mlad\u0131\u011f\u0131n\u0131 ifade etti. Bu yeni ekonomik d\u00fczlemde rekabetin; h\u0131zl\u0131 \u00f6\u011frenebilen, uyum sa\u011flayabilen ve teknolojiyi stratejik bir kald\u0131ra\u00e7 olarak kullanan kurumlar aras\u0131nda \u015fekillendi\u011fini dile getirdi.<\/p>\n<p><img decoding=\"async\" src=\"https:\/\/www.lokalbakis.com\/images\/baa756b50d8b48bb781be1f7fb4f1960.jpeg\" alt=\"\" data-cke-saved-src=\"https:\/\/www.lokalbakis.com\/images\/baa756b50d8b48bb781be1f7fb4f1960.jpeg\" \/><\/p>\n<p>T\u00fcrk Telekom Grubu\u2019nun 185 y\u0131ll\u0131k k\u00f6kl\u00fc ge\u00e7mi\u015fiyle T\u00fcrkiye\u2019nin dijital d\u00f6n\u00fc\u015f\u00fcm\u00fcne liderlik etti\u011fini aktaran Y\u0131ld\u0131r\u0131m, \u00fclke genelinde 535 bin kilometreyi a\u015fan fiber a\u011f\u0131 ve 33,9 milyon haneye ula\u015fan fiber kapsamas\u0131yla g\u00fc\u00e7l\u00fc bir dijital altyap\u0131 sunduklar\u0131n\u0131 kaydetti. 2005\u2019ten bu yana yap\u0131lan yat\u0131r\u0131mlar\u0131n 22 milyar dolar\u0131 a\u015ft\u0131\u011f\u0131n\u0131 belirten Y\u0131ld\u0131r\u0131m, 2030\u2019a kadar fiber eri\u015fimin 37 milyon haneye \u00e7\u0131kar\u0131lmas\u0131n\u0131n hedeflendi\u011fini s\u00f6yledi.<\/p>\n<p><img decoding=\"async\" src=\"https:\/\/www.lokalbakis.com\/images\/0301e99576327b8b12f8c9f7dfc5dbde.jpeg\" alt=\"\" data-cke-saved-src=\"https:\/\/www.lokalbakis.com\/images\/0301e99576327b8b12f8c9f7dfc5dbde.jpeg\" \/><\/p>\n<p>T\u00fcrk Telekom International\u2019\u0131n T\u00fcrkiye\u2019yi Do\u011fu ile Bat\u0131 aras\u0131nda stratejik bir dijital k\u00f6pr\u00fcye d\u00f6n\u00fc\u015ft\u00fcrd\u00fc\u011f\u00fcn\u00fc vurgulayan Y\u0131ld\u0131r\u0131m, Avrupa, Orta Do\u011fu ve Asya\u2019ya uzanan yakla\u015f\u0131k 50 bin kilometrelik uluslararas\u0131 fiber a\u011f\u0131 ve denizalt\u0131 kablo sistemleriyle T\u00fcrkiye\u2019nin b\u00f6lgesel bir veri merkezi konumunu g\u00fc\u00e7lendirdi\u011fini ifade etti. Y\u0131ld\u0131r\u0131m, \u201cDijitalle\u015fme, \u00fclkeler ve ekonomiler aras\u0131ndaki mesafeleri k\u0131saltan en g\u00fc\u00e7l\u00fc kald\u0131ra\u00e7t\u0131r\u201d diyerek, b\u00f6lge co\u011frafyalar\u0131n\u0131n dijital d\u00f6n\u00fc\u015f\u00fcm\u00fcnde \u00f6nc\u00fc rol \u00fcstlenmeye devam edeceklerini belirtti.<\/p>\n<p><strong>TEK BA\u015eINA B\u00dcY\u00dcME DEVR\u0130 B\u0130TT\u0130, ORTAKLIKLAR \u015eART<\/strong><\/p>\n<p><img loading=\"lazy\" decoding=\"async\" class=\"alignnone wp-image-1459\" src=\"https:\/\/lokalbakis.de\/wp-content\/uploads\/2026\/02\/TURGUT-TORUNOGULLARI-300x200.jpg\" alt=\"\" width=\"1233\" height=\"822\" data-cke-saved-src=\"https:\/\/lokalbakis.de\/wp-content\/uploads\/2026\/02\/TURGUT-TORUNOGULLARI-300x200.jpg\" srcset=\"https:\/\/lokalbakis.de\/wp-content\/uploads\/2026\/02\/TURGUT-TORUNOGULLARI-300x200.jpg 300w, https:\/\/lokalbakis.de\/wp-content\/uploads\/2026\/02\/TURGUT-TORUNOGULLARI-1024x683.jpg 1024w, https:\/\/lokalbakis.de\/wp-content\/uploads\/2026\/02\/TURGUT-TORUNOGULLARI-768x512.jpg 768w, https:\/\/lokalbakis.de\/wp-content\/uploads\/2026\/02\/TURGUT-TORUNOGULLARI-1536x1025.jpg 1536w, https:\/\/lokalbakis.de\/wp-content\/uploads\/2026\/02\/TURGUT-TORUNOGULLARI-2048x1366.jpg 2048w\" sizes=\"auto, (max-width: 1233px) 100vw, 1233px\" \/><\/p>\n<p><strong>DT\u0130K Avrupa Temsilciler Kurulu Ba\u015fkan\u0131 Turgut Toruno\u011fullar\u0131<\/strong>, Almanya\u2019da d\u00fczenlenen toplant\u0131n\u0131n ard\u0131ndan bir sonraki bulu\u015fman\u0131n Hollanda\u2019da yap\u0131lmas\u0131n\u0131 istediklerini belirterek, Avrupa\u2019daki T\u00fcrk giri\u015fimcili\u011finin \u00f6nemli bir d\u00f6n\u00fc\u015f\u00fcm s\u00fcrecinden ge\u00e7ti\u011fini s\u00f6yledi. Avrupa\u2019da 61 y\u0131ll\u0131k bir ge\u00e7mi\u015fe sahip T\u00fcrk i\u015f d\u00fcnyas\u0131n\u0131n emek yo\u011fun ve d\u00fc\u015f\u00fck katma de\u011ferli yap\u0131lardan, teknoloji ve verimlilik odakl\u0131 i\u015f modellerine y\u00f6neldi\u011fini vurgulad\u0131.<\/p>\n<p>T\u00fcrk giri\u015fimcilerin hizmet sekt\u00f6r\u00fcnde \u00f6nemli mesafe kat etti\u011fini ancak bunun yeterli olmad\u0131\u011f\u0131n\u0131 ifade eden Toruno\u011fullar\u0131, DT\u0130K olarak teknoloji ve dijitalle\u015fme ekseninde yeni bir yol haritas\u0131 olu\u015fturduklar\u0131n\u0131 aktard\u0131. Bu kapsamda Avrupa\u2019da b\u00fcy\u00fck \u00f6l\u00e7ekli T\u00fcrk \u015firketleriyle temas kurduklar\u0131n\u0131, T\u00fcrkiye\u2019de teknoloji yat\u0131r\u0131m\u0131 yapan firmalarla i\u015f birlikleri geli\u015ftirdiklerini ve Avrupa\u2019daki beyaz yakal\u0131 T\u00fcrk profesyonelleri giri\u015fimcilerle bir araya getirdiklerini s\u00f6yledi.<\/p>\n<p><img loading=\"lazy\" decoding=\"async\" class=\"alignnone wp-image-1478\" src=\"https:\/\/lokalbakis.de\/wp-content\/uploads\/2026\/02\/DTIK-Hollanda-Yonetim-Kurulu-Uyeleri-Dusseldorfta-Toplanti-Yapti-scaled-1-300x180.jpg\" alt=\"\" width=\"1240\" height=\"744\" data-cke-saved-src=\"https:\/\/lokalbakis.de\/wp-content\/uploads\/2026\/02\/DTIK-Hollanda-Yonetim-Kurulu-Uyeleri-Dusseldorfta-Toplanti-Yapti-scaled-1-300x180.jpg\" srcset=\"https:\/\/lokalbakis.de\/wp-content\/uploads\/2026\/02\/DTIK-Hollanda-Yonetim-Kurulu-Uyeleri-Dusseldorfta-Toplanti-Yapti-scaled-1-300x180.jpg 300w, https:\/\/lokalbakis.de\/wp-content\/uploads\/2026\/02\/DTIK-Hollanda-Yonetim-Kurulu-Uyeleri-Dusseldorfta-Toplanti-Yapti-scaled-1-768x462.jpg 768w, https:\/\/lokalbakis.de\/wp-content\/uploads\/2026\/02\/DTIK-Hollanda-Yonetim-Kurulu-Uyeleri-Dusseldorfta-Toplanti-Yapti-scaled-1-1536x923.jpg 1536w, https:\/\/lokalbakis.de\/wp-content\/uploads\/2026\/02\/DTIK-Hollanda-Yonetim-Kurulu-Uyeleri-Dusseldorfta-Toplanti-Yapti-scaled-1.jpg 2048w\" sizes=\"auto, (max-width: 1240px) 100vw, 1240px\" \/><\/p>\n<p>Foto:Dogus.nl<\/p>\n<p>K\u00fcresel \u00f6l\u00e7ekte b\u00fcy\u00fcmenin ancak ortakl\u0131klarla m\u00fcmk\u00fcn oldu\u011funu dile getiren Toruno\u011fullar\u0131, <strong>DT\u0130K<\/strong> \u00e7at\u0131s\u0131 alt\u0131nda y\u00fcr\u00fct\u00fclen \u00e7al\u0131\u015fmalar\u0131n ortakl\u0131k k\u00fclt\u00fcr\u00fcn\u00fc g\u00fc\u00e7lendirdi\u011fini, markala\u015fman\u0131n stratejik \u00f6neminin netle\u015fti\u011fini ve bu t\u00fcr toplant\u0131lar\u0131n artarak devam etmesi gerekti\u011fini vurgulad\u0131.<\/p>\n<p><strong>\u201cD\u0130J\u0130TALLE\u015eME HUKUK VE K\u00dcLT\u00dcR MESELES\u0130\u201d<\/strong><\/p>\n<p><img loading=\"lazy\" decoding=\"async\" class=\"alignnone wp-image-1463\" src=\"https:\/\/lokalbakis.de\/wp-content\/uploads\/2026\/02\/AV.-AZIZ-SARIYAR-300x200.jpg\" alt=\"\" width=\"1217\" height=\"811\" data-cke-saved-src=\"https:\/\/lokalbakis.de\/wp-content\/uploads\/2026\/02\/AV.-AZIZ-SARIYAR-300x200.jpg\" srcset=\"https:\/\/lokalbakis.de\/wp-content\/uploads\/2026\/02\/AV.-AZIZ-SARIYAR-300x200.jpg 300w, https:\/\/lokalbakis.de\/wp-content\/uploads\/2026\/02\/AV.-AZIZ-SARIYAR-1024x683.jpg 1024w, https:\/\/lokalbakis.de\/wp-content\/uploads\/2026\/02\/AV.-AZIZ-SARIYAR-768x512.jpg 768w, https:\/\/lokalbakis.de\/wp-content\/uploads\/2026\/02\/AV.-AZIZ-SARIYAR-1536x1025.jpg 1536w, https:\/\/lokalbakis.de\/wp-content\/uploads\/2026\/02\/AV.-AZIZ-SARIYAR-2048x1366.jpg 2048w\" sizes=\"auto, (max-width: 1217px) 100vw, 1217px\" \/><\/p>\n<p><strong>AT\u0130AD Ba\u015fkan\u0131 Av. Aziz Sar\u0131yar<\/strong>, dijitalle\u015fmenin yaln\u0131zca teknoloji ve yapay zek\u00e2 ba\u015fl\u0131\u011f\u0131yla ele al\u0131nmamas\u0131 gerekti\u011fini belirterek, s\u00fcrecin ayn\u0131 zamanda hukuk ve k\u00fclt\u00fcrel altyap\u0131yla do\u011frudan ili\u015fkili oldu\u011funu s\u00f6yledi. T\u00fcrkiye ve Almanya aras\u0131ndaki dijitalle\u015fme farklar\u0131n\u0131n bu noktada daha net g\u00f6r\u00fclebildi\u011fine dikkat \u00e7ekti.<\/p>\n<p>T\u00fcrkiye\u2019den Almanya\u2019ya gelen \u015firketlere dan\u0131\u015fmanl\u0131k verdi\u011fini aktaran Sar\u0131yar, Almanya\u2019da b\u00fcrokratik s\u00fcre\u00e7lerin b\u00fcy\u00fck \u00f6l\u00e7\u00fcde h\u00e2l\u00e2 k\u00e2\u011f\u0131t \u00fczerinden y\u00fcr\u00fct\u00fcld\u00fc\u011f\u00fcn\u00fc, bunun da \u015firketlere ciddi bir maliyet y\u00fck\u00fc getirdi\u011fini ifade etti. Almanya\u2019daki firmalar\u0131n yaln\u0131zca b\u00fcrokratik i\u015flemler i\u00e7in y\u0131ll\u0131k yakla\u015f\u0131k 7 milyar euro personel maliyeti \u00fcstlendi\u011fini belirten Sar\u0131yar, s\u00fcrecin yava\u015f ilerlemesine ra\u011fmen hukuki a\u00e7\u0131dan sa\u011flam bir zemine dayand\u0131\u011f\u0131n\u0131 vurgulad\u0131.<\/p>\n<p>T\u00fcrkiye\u2019nin gen\u00e7 ve dinamik yap\u0131s\u0131yla dijital d\u00f6n\u00fc\u015f\u00fcmde daha h\u0131zl\u0131 hareket edebildi\u011fini s\u00f6yleyen Sar\u0131yar, iki \u00fclkenin de birbirinden \u00f6\u011frenece\u011fi \u00e7ok \u015fey oldu\u011funu dile getirdi. Sar\u0131yar, konu\u015fmas\u0131n\u0131n sonunda kat\u0131l\u0131mc\u0131lar\u0131 18 Nisan\u2019da D\u00fcsseldorf Kongre Merkezi\u2019nde d\u00fczenlenecek AT\u0130AD T\u00fcrk-Alman Ekonomik G\u00fcn\u00fc\u2019ne davet etti.\u201d<\/p>\n<p><strong>D\u0130J\u0130TALLE\u015eME FAYDALI AMA \u0130NSANLIK YARARI G\u00d6ZET\u0130LMEL\u0130<\/strong><\/p>\n<p><img loading=\"lazy\" decoding=\"async\" class=\"alignnone wp-image-1479\" src=\"https:\/\/lokalbakis.de\/wp-content\/uploads\/2026\/02\/Cevdet-kocas-300x117.jpg\" alt=\"\" width=\"1215\" height=\"473\" data-cke-saved-src=\"https:\/\/lokalbakis.de\/wp-content\/uploads\/2026\/02\/Cevdet-kocas-300x117.jpg\" srcset=\"https:\/\/lokalbakis.de\/wp-content\/uploads\/2026\/02\/Cevdet-kocas-300x117.jpg 300w, https:\/\/lokalbakis.de\/wp-content\/uploads\/2026\/02\/Cevdet-kocas-1024x399.jpg 1024w, https:\/\/lokalbakis.de\/wp-content\/uploads\/2026\/02\/Cevdet-kocas-768x299.jpg 768w, https:\/\/lokalbakis.de\/wp-content\/uploads\/2026\/02\/Cevdet-kocas.jpg 1080w\" sizes=\"auto, (max-width: 1215px) 100vw, 1215px\" \/><\/p>\n<p><strong>TDU NRW T\u00fcrk-Alman \u0130\u015f \u0130nsanlar\u0131 Derne\u011fi Ba\u015fkan\u0131 Cevdet Koca\u015f<\/strong>, k\u00fcresel dalgalanmalar ve ekonomik belirsizliklerin artt\u0131\u011f\u0131 zorlu bir d\u00f6nemden ge\u00e7ildi\u011fini belirterek, i\u015f insanlar\u0131n\u0131n uzun vadeli karar almas\u0131n\u0131n her ge\u00e7en g\u00fcn daha da zorla\u015ft\u0131\u011f\u0131n\u0131 s\u00f6yledi. Bu s\u00fcre\u00e7te T\u00fcrkiye ve Almanya\u2019da i\u015f d\u00fcnyas\u0131n\u0131 bir araya getiren etkinliklerin b\u00fcy\u00fck de\u011fer ta\u015f\u0131d\u0131\u011f\u0131n\u0131 vurgulayan Koca\u015f, T\u00fcrkiye\u2019de \u0130\u015f D\u00fcnyas\u0131 dergisine ve Genel Yay\u0131n Y\u00f6netmeni Celal Toprak\u2019a te\u015fekk\u00fcr etti.<\/p>\n<p>Konu\u015fmas\u0131nda dijitalle\u015fmeye farkl\u0131 bir a\u00e7\u0131dan yakla\u015fan Koca\u015f, teknolojinin sundu\u011fu faydalar\u0131n tart\u0131\u015fmas\u0131z oldu\u011funu, \u00f6zellikle Almanya\u2019da nitelikli i\u015f g\u00fcc\u00fc s\u0131k\u0131nt\u0131s\u0131n\u0131n ya\u015fand\u0131\u011f\u0131 bir d\u00f6nemde robotik \u00e7\u00f6z\u00fcmlerin \u00f6nemli avantajlar sa\u011flad\u0131\u011f\u0131n\u0131 ifade etti. Ancak dijitalle\u015fmenin ve teknolojik kabiliyetlerin yaln\u0131zca s\u0131n\u0131rl\u0131 bir grubun \u00e7\u0131karlar\u0131na hizmet etmesinin ciddi riskler bar\u0131nd\u0131rd\u0131\u011f\u0131na dikkat \u00e7ekti.<\/p>\n<p>Teknolojiye kar\u015f\u0131 olunmamas\u0131 gerekti\u011fini vurgulayan Koca\u015f, as\u0131l meselenin bu geli\u015fmelerin t\u00fcm insanl\u0131\u011f\u0131n yarar\u0131na kullan\u0131lmas\u0131 oldu\u011funu belirtti. Bu konuda Nobel Ekonomi \u00d6d\u00fcll\u00fc Prof. Dr. Daron Acemo\u011flu\u2019nun teknoloji ve y\u00f6neti\u015fim \u00fczerine \u00e7al\u0131\u015fmalar\u0131na at\u0131fta bulunan Koca\u015f, teknolojik d\u00f6n\u00fc\u015f\u00fcm\u00fcn toplumun tamam\u0131n\u0131 kapsayacak \u015fekilde y\u00f6netilmesinin \u00f6nemine dikkat \u00e7ekti.<\/p>\n<p><strong>4 B\u0130N 200 K\u0130\u015e\u0130YE \u0130ST\u0130HDAM SA\u011eLIYORLAR<\/strong><\/p>\n<p><img loading=\"lazy\" decoding=\"async\" class=\"alignnone wp-image-1465\" src=\"https:\/\/lokalbakis.de\/wp-content\/uploads\/2026\/02\/ADIL-UeSTUeNDAG-300x200.jpg\" alt=\"\" width=\"1206\" height=\"804\" data-cke-saved-src=\"https:\/\/lokalbakis.de\/wp-content\/uploads\/2026\/02\/ADIL-UeSTUeNDAG-300x200.jpg\" srcset=\"https:\/\/lokalbakis.de\/wp-content\/uploads\/2026\/02\/ADIL-UeSTUeNDAG-300x200.jpg 300w, https:\/\/lokalbakis.de\/wp-content\/uploads\/2026\/02\/ADIL-UeSTUeNDAG-1024x683.jpg 1024w, https:\/\/lokalbakis.de\/wp-content\/uploads\/2026\/02\/ADIL-UeSTUeNDAG-768x512.jpg 768w, https:\/\/lokalbakis.de\/wp-content\/uploads\/2026\/02\/ADIL-UeSTUeNDAG-1536x1025.jpg 1536w, https:\/\/lokalbakis.de\/wp-content\/uploads\/2026\/02\/ADIL-UeSTUeNDAG-2048x1366.jpg 2048w\" sizes=\"auto, (max-width: 1206px) 100vw, 1206px\" \/><\/p>\n<p><strong>Green Park Hotels &amp; Resorts Y\u00f6netim Kurulu Ba\u015fkan\u0131 Adil \u00dcst\u00fcnda\u011f<\/strong>, yapt\u0131\u011f\u0131 konu\u015fmada hem i\u015f hayat\u0131ndaki yolculu\u011funu hem de T\u00fcrkiye\u2019ye yapt\u0131\u011f\u0131 yat\u0131r\u0131mlar\u0131 samimi ifadelerle payla\u015ft\u0131. Malatya\u2019da ba\u015flad\u0131\u011f\u0131 hayat yolculu\u011funda \u00e7obanl\u0131ktan sanayi ve turizm yat\u0131r\u0131mlar\u0131na uzanan s\u00fcreci anlatan \u00dcst\u00fcnda\u011f, otomotiv sekt\u00f6r\u00fcnde \u00fcretimle ba\u015flad\u0131\u011f\u0131 giri\u015fimcilik faaliyetlerini daha sonra turizm alan\u0131na ta\u015f\u0131d\u0131\u011f\u0131n\u0131 belirtti. Taksim\u2019de 160 yatakl\u0131 bir otelle turizme ad\u0131m att\u0131klar\u0131n\u0131 ifade eden \u00dcst\u00fcnda\u011f, bug\u00fcn T\u00fcrkiye ve yurt d\u0131\u015f\u0131nda bir\u00e7ok \u015fehirde otel yat\u0131r\u0131mlar\u0131yla b\u00fcy\u00fcyen bir yap\u0131 olu\u015fturduklar\u0131n\u0131 s\u00f6yledi.<\/p>\n<p><img loading=\"lazy\" decoding=\"async\" class=\"\" src=\"https:\/\/www.lokalbakis.com\/images\/5fe896f7eed53b06f51e85c055543c0d.png\" alt=\"\" width=\"1240\" height=\"459\" data-cke-saved-src=\"https:\/\/www.lokalbakis.com\/images\/5fe896f7eed53b06f51e85c055543c0d.png\" \/><\/p>\n<p>\u015eirket b\u00fcnyesinde 4 bin 200 ki\u015fiye istihdam sa\u011flad\u0131klar\u0131n\u0131, ayn\u0131 zamanda 345 \u00f6\u011frencinin e\u011fitimine destek verdiklerini vurgulayan \u00dcst\u00fcnda\u011f, i\u015f d\u00fcnyas\u0131nda oldu\u011fu kadar sosyal sorumluluk alan\u0131nda da katk\u0131 sunmaya devam ettiklerini ifade etti. Konu\u015fmas\u0131n\u0131n sonunda D\u00fcsseldorf Ba\u015fkonsolosu Ali \u0130hsan \u0130zbul\u2019a sanata olan ilgisi nedeniyle \u00f6zel bir tablo hediye eden \u00dcst\u00fcnda\u011f, Almanya\u2019da yeni bir otel yat\u0131r\u0131m\u0131 i\u00e7in de i\u015f birli\u011fi mesaj\u0131 verdi.<\/p>\n<p><strong>\u201cAVRUPALI ORTAKLARA \u0130HT\u0130YA\u00c7 VAR\u201d<\/strong><\/p>\n<p><img loading=\"lazy\" decoding=\"async\" class=\"alignnone wp-image-1462\" src=\"https:\/\/lokalbakis.de\/wp-content\/uploads\/2026\/02\/BERKAN-TUeZUeNATAC-300x200.jpg\" alt=\"\" width=\"1230\" height=\"820\" data-cke-saved-src=\"https:\/\/lokalbakis.de\/wp-content\/uploads\/2026\/02\/BERKAN-TUeZUeNATAC-300x200.jpg\" srcset=\"https:\/\/lokalbakis.de\/wp-content\/uploads\/2026\/02\/BERKAN-TUeZUeNATAC-300x200.jpg 300w, https:\/\/lokalbakis.de\/wp-content\/uploads\/2026\/02\/BERKAN-TUeZUeNATAC-1024x683.jpg 1024w, https:\/\/lokalbakis.de\/wp-content\/uploads\/2026\/02\/BERKAN-TUeZUeNATAC-768x512.jpg 768w, https:\/\/lokalbakis.de\/wp-content\/uploads\/2026\/02\/BERKAN-TUeZUeNATAC-1536x1025.jpg 1536w, https:\/\/lokalbakis.de\/wp-content\/uploads\/2026\/02\/BERKAN-TUeZUeNATAC-2048x1366.jpg 2048w\" sizes=\"auto, (max-width: 1230px) 100vw, 1230px\" \/><\/p>\n<p><strong>T\u00dcYAFED Avrupa Ba\u015fkan\u0131 Berkan T\u00fcz\u00fcnata\u00e7<\/strong>: federasyonun vizyonuna ili\u015fkin bilgiler vererek \u015fu \u015fekilde konu\u015ftu; \u201cFederasyon olarak 100 bin \u00fcyemiz var. T\u00fcrkiye\u2019de yerli ve \u00fcst d\u00fczey yaz\u0131l\u0131mc\u0131 firmalar var. Benim buradaki g\u00f6revim onlar\u0131 d\u00fcnyaya a\u00e7abilmek. Avrupa ile T\u00fcrkiye aras\u0131nda bir k\u00f6pr\u00fc kurmam\u0131z laz\u0131m. Bir de T\u00fcrk firmalar\u0131m\u0131z\u0131n Avrupa\u2019da ba\u015far\u0131l\u0131 olabilmesi i\u00e7in Avrupal\u0131 ortaklara ihtiyac\u0131 var. \u00c7\u00fcnk\u00fc onlar buran\u0131n sitemini mentalini \u00e7ok iyi biliyorlar\u201d a\u00e7\u0131klamalar\u0131nda bulundu.<\/p>\n<p><strong>\u201cTEBA STRATEJ\u0130K B\u0130R K\u00d6PR\u00dcD\u00dcR\u201d<\/strong><\/p>\n<p><img loading=\"lazy\" decoding=\"async\" class=\"alignnone wp-image-1458\" src=\"https:\/\/lokalbakis.de\/wp-content\/uploads\/2026\/02\/Cihangir-Soytuerk-300x200.jpg\" alt=\"\" width=\"1220\" height=\"813\" data-cke-saved-src=\"https:\/\/lokalbakis.de\/wp-content\/uploads\/2026\/02\/Cihangir-Soytuerk-300x200.jpg\" srcset=\"https:\/\/lokalbakis.de\/wp-content\/uploads\/2026\/02\/Cihangir-Soytuerk-300x200.jpg 300w, https:\/\/lokalbakis.de\/wp-content\/uploads\/2026\/02\/Cihangir-Soytuerk-1024x683.jpg 1024w, https:\/\/lokalbakis.de\/wp-content\/uploads\/2026\/02\/Cihangir-Soytuerk-768x512.jpg 768w, https:\/\/lokalbakis.de\/wp-content\/uploads\/2026\/02\/Cihangir-Soytuerk-1536x1025.jpg 1536w, https:\/\/lokalbakis.de\/wp-content\/uploads\/2026\/02\/Cihangir-Soytuerk-2048x1366.jpg 2048w\" sizes=\"auto, (max-width: 1220px) 100vw, 1220px\" \/><\/p>\n<p><strong>TEBA Y\u00f6netim Kurulu \u00dcyesi Av. Cihangir Soyt\u00fcrk<\/strong>, konu\u015fmas\u0131nda \u015fu noktalar\u0131n alt\u0131n\u0131 \u00e7izdi; \u201cTEBA merkezi D\u00fcsseldorf\u2019ta bulunan T\u00fcrkiye ve Almanya ba\u015fta olmak \u00fczere Avrupa aras\u0131nda ekonomik, sekt\u00f6rel ve insani ba\u011flar kurmay\u0131 hedefleyen bir i\u015f insan\u0131 derne\u011fi. G\u00fc\u00e7l\u00fc ve vizyoner \u015firketleri bir araya getirmek, \u015firketler aras\u0131nda sinerji olu\u015fturmak ve s\u00fcrd\u00fcr\u00fclebilir bir ekonomik k\u00f6pr\u00fc in\u015fa etmek bizim temel misyonumuz. Do\u011fru ki\u015fileri do\u011fru ki\u015filerle birle\u015ftiriyoruz. Bug\u00fcn TEBA \u00e7at\u0131s\u0131 alt\u0131nda son derece g\u00fc\u00e7l\u00fc bir \u00fcye yap\u0131s\u0131na sahibiz. TEBA olarak yaln\u0131zca konu\u015fan de\u011fil bir araya getiren ve somut sonu\u00e7lar ortaya koyan bir yap\u0131y\u0131z. TEBA yaln\u0131zca bir dernek de\u011fildir; TEBA T\u00fcrkiye ile Avrupa aras\u0131 kurulan ve ekonomik i\u015f birliklerinin \u00f6tesine ge\u00e7en T\u00fcrk diasporas\u0131na hem maddi hem de manevi destek sunan ya\u015fayan stratejik bir k\u00f6pr\u00fcd\u00fcr.\u201d<\/p>\n<p><img loading=\"lazy\" decoding=\"async\" class=\"alignnone wp-image-1477\" src=\"https:\/\/lokalbakis.de\/wp-content\/uploads\/2026\/02\/Grup-300x131.jpg\" alt=\"\" width=\"1221\" height=\"533\" data-cke-saved-src=\"https:\/\/lokalbakis.de\/wp-content\/uploads\/2026\/02\/Grup-300x131.jpg\" srcset=\"https:\/\/lokalbakis.de\/wp-content\/uploads\/2026\/02\/Grup-300x131.jpg 300w, https:\/\/lokalbakis.de\/wp-content\/uploads\/2026\/02\/Grup-1024x446.jpg 1024w, https:\/\/lokalbakis.de\/wp-content\/uploads\/2026\/02\/Grup-768x335.jpg 768w, https:\/\/lokalbakis.de\/wp-content\/uploads\/2026\/02\/Grup-1536x669.jpg 1536w, https:\/\/lokalbakis.de\/wp-content\/uploads\/2026\/02\/Grup-2048x892.jpg 2048w\" sizes=\"auto, (max-width: 1221px) 100vw, 1221px\" \/><\/p>\n<p><strong>\u201cTEKNOLOJ\u0130 YARI\u015eINDA G\u00dcVEN VE UZUN VADEL\u0130 V\u0130ZYON \u015eART\u201d<\/strong><\/p>\n<p><strong>Bulutistan Avrupa Genel M\u00fcd\u00fcr\u00fc Do\u00e7. Dr. \u0130brahim Edin<\/strong>, Avrupa\u2019daki faaliyetlerini \u201cyeni nesil teknoloji sava\u015f\u00e7\u0131s\u0131\u201d bak\u0131\u015f a\u00e7\u0131s\u0131yla s\u00fcrd\u00fcrd\u00fcklerini belirterek, Bulutistan\u2019\u0131n 2015 y\u0131l\u0131nda T\u00fcrkiye\u2019de kuruldu\u011funu ve pandemi d\u00f6neminin teknoloji sekt\u00f6r\u00fcnde tarihi bir d\u00f6n\u00fc\u015f\u00fcm olu\u015fturdu\u011funu s\u00f6yledi.<\/p>\n<p>Pandemiyle birlikte teknoloji alan\u0131nda onlarca y\u0131lda ger\u00e7ekle\u015femeyecek bir de\u011fi\u015fimin k\u0131sa s\u00fcrede ya\u015fand\u0131\u011f\u0131n\u0131 ifade eden Edin, Bulutistan\u2019\u0131n bu s\u00fcre\u00e7te EMEA b\u00f6lgesinin en h\u0131zl\u0131 b\u00fcy\u00fcyen teknoloji \u015firketi oldu\u011funu ve Sabanc\u0131 Holding\u2019in 5,5 milyar euroluk dijital d\u00f6n\u00fc\u015f\u00fcm stratejisinde bulut altyap\u0131s\u0131 alan\u0131nda \u00f6nemli bir rol \u00fcstlendi\u011fini aktard\u0131.<\/p>\n<p><img loading=\"lazy\" decoding=\"async\" class=\"alignnone wp-image-1460\" src=\"https:\/\/lokalbakis.de\/wp-content\/uploads\/2026\/02\/IBRAHIM-EDIN-300x200.jpg\" alt=\"\" width=\"1223\" height=\"815\" data-cke-saved-src=\"https:\/\/lokalbakis.de\/wp-content\/uploads\/2026\/02\/IBRAHIM-EDIN-300x200.jpg\" srcset=\"https:\/\/lokalbakis.de\/wp-content\/uploads\/2026\/02\/IBRAHIM-EDIN-300x200.jpg 300w, https:\/\/lokalbakis.de\/wp-content\/uploads\/2026\/02\/IBRAHIM-EDIN-1024x683.jpg 1024w, https:\/\/lokalbakis.de\/wp-content\/uploads\/2026\/02\/IBRAHIM-EDIN-768x512.jpg 768w, https:\/\/lokalbakis.de\/wp-content\/uploads\/2026\/02\/IBRAHIM-EDIN-1536x1025.jpg 1536w, https:\/\/lokalbakis.de\/wp-content\/uploads\/2026\/02\/IBRAHIM-EDIN-2048x1366.jpg 2048w\" sizes=\"auto, (max-width: 1223px) 100vw, 1223px\" \/><\/p>\n<p>Almanya pazar\u0131nda ba\u015far\u0131n\u0131n temel ko\u015fulunun g\u00fcven oldu\u011funa dikkat \u00e7eken Edin, T\u00fcrkiye\u2019den gelen \u015firketlerin k\u0131sa vadeli kazan\u00e7 beklentisi yerine uzun vadeli, planl\u0131 ve referans temelli bir yakla\u015f\u0131m benimsemesi gerekti\u011fini vurgulad\u0131. Bulutistan olarak sa\u011fl\u0131k, enerji ve sanayi ba\u015fta olmak \u00fczere T\u00fcrkiye\u2019nin yurt d\u0131\u015f\u0131ndaki yat\u0131r\u0131mlar\u0131n\u0131 desteklediklerini belirten Edin, diasporadaki T\u00fcrk \u015firketlerine bulut sa\u011flay\u0131c\u0131s\u0131 olarak katk\u0131 sunduklar\u0131n\u0131 ifade etti.<\/p>\n<p>Avrupa\u2019da bili\u015fim teknolojileri alan\u0131nda ciddi bir bo\u015fluk bulundu\u011funu s\u00f6yleyen Edin, T\u00fcrkiye\u2019nin dijitalle\u015fme ve teknolojinin etkin kullan\u0131m\u0131 konusundaki tecr\u00fcbesiyle \u00f6zellikle hizmet alan\u0131nda Avrupa\u2019da g\u00fc\u00e7l\u00fc bir oyuncu olabilece\u011fini belirtti. Edin, Almanya\u2019daki start-up ve scale-up T\u00fcrk teknoloji \u015firketlerinin ba\u015far\u0131lar\u0131n\u0131n artarak devam edece\u011fine inand\u0131\u011f\u0131n\u0131 s\u00f6zlerine ekledi.<\/p>\n<p><img loading=\"lazy\" decoding=\"async\" class=\"alignnone wp-image-1475\" src=\"https:\/\/lokalbakis.de\/wp-content\/uploads\/2026\/02\/Yemek-300x153.jpg\" alt=\"\" width=\"1214\" height=\"619\" data-cke-saved-src=\"https:\/\/lokalbakis.de\/wp-content\/uploads\/2026\/02\/Yemek-300x153.jpg\" srcset=\"https:\/\/lokalbakis.de\/wp-content\/uploads\/2026\/02\/Yemek-300x153.jpg 300w, https:\/\/lokalbakis.de\/wp-content\/uploads\/2026\/02\/Yemek-1024x523.jpg 1024w, https:\/\/lokalbakis.de\/wp-content\/uploads\/2026\/02\/Yemek-768x392.jpg 768w, https:\/\/lokalbakis.de\/wp-content\/uploads\/2026\/02\/Yemek-1536x785.jpg 1536w, https:\/\/lokalbakis.de\/wp-content\/uploads\/2026\/02\/Yemek-2048x1046.jpg 2048w\" sizes=\"auto, (max-width: 1214px) 100vw, 1214px\" \/><\/p>\n<p><strong>\u201cAMACIMIZ \u015e\u0130RKETLERE DESTEK OLMAK\u201d<\/strong><\/p>\n<p><strong>Ticaret Ate\u015fesi P\u0131nar Aslan<\/strong>, \u201cD\u00fcsseldorf ticaret a\u00e7\u0131s\u0131ndan Almanya\u2019n\u0131n en \u00f6nemli eyaletleri aras\u0131nda. \u00c7ok say\u0131da T\u00fcrk firmam\u0131z pazara ilk giri\u015fte bu eyaleti tercih ediyor. Bizim amac\u0131m\u0131z da T\u00fcrkiye\u2019den buraya gelip pazara girmek isteyen \u015firketlerimize destek olmak. Burada yat\u0131r\u0131m yapmak isteyen \u015firketlerimize, \u201cburada \u015firket nas\u0131l kurulur, pazara girerken nelere dikkat etmek laz\u0131m\u201d sorular\u0131na yan\u0131t vermek i\u00e7in \u00e7al\u0131\u015fmalar\u0131m\u0131z\u0131 s\u00fcrd\u00fcr\u00fcyoruz\u201d dedi.<\/p>\n<p><img loading=\"lazy\" decoding=\"async\" class=\"alignnone wp-image-1473\" src=\"https:\/\/lokalbakis.de\/wp-content\/uploads\/2026\/02\/Ticaret-Atesesi-300x152.jpg\" alt=\"\" width=\"1216\" height=\"616\" data-cke-saved-src=\"https:\/\/lokalbakis.de\/wp-content\/uploads\/2026\/02\/Ticaret-Atesesi-300x152.jpg\" srcset=\"https:\/\/lokalbakis.de\/wp-content\/uploads\/2026\/02\/Ticaret-Atesesi-300x152.jpg 300w, https:\/\/lokalbakis.de\/wp-content\/uploads\/2026\/02\/Ticaret-Atesesi-1024x520.jpg 1024w, https:\/\/lokalbakis.de\/wp-content\/uploads\/2026\/02\/Ticaret-Atesesi-768x390.jpg 768w\" sizes=\"auto, (max-width: 1216px) 100vw, 1216px\" \/><\/p>\n<p>\u201cT\u00fcrkiye\u2019de hayat ticari i\u015fletmeler i\u00e7in daha kolay\u201d diyen Aslan, Almanya\u2019da bir \u015firket a\u00e7man\u0131n daha uzun s\u00fcrd\u00fc\u011f\u00fcn\u00fc dile getirerek, \u201cT\u00fcrkiye\u2019de bir \u015firket a\u00e7mak istedi\u011finiz zaman bir haftada \u015firket a\u00e7\u0131l\u0131\u015f i\u015flemlerini tamamlam\u0131\u015f oluyorsunuz. Burada en iyi ihtimal bu \u00fc\u00e7 ay s\u00fcr\u00fcyor. Firmalar\u0131 bu s\u00fcre\u00e7lerle ilgili bilgilendirmek, do\u011fru derneklere, insanlara y\u00f6nlendirmek bizim g\u00f6revlerimizden bir tanesi\u201d \u015feklinde konu\u015ftu.<\/p>\n<p><img loading=\"lazy\" decoding=\"async\" class=\"\" src=\"https:\/\/www.lokalbakis.com\/images\/ec488681994f26f001a7dbe4d714ea01.png\" alt=\"\" width=\"1216\" height=\"450\" data-cke-saved-src=\"https:\/\/www.lokalbakis.com\/images\/ec488681994f26f001a7dbe4d714ea01.png\" \/><\/p>\n<p><strong>\u0130HLAS MEDYA, K\u00dcRESELE A\u00c7ILIMA HAZIRLANIYOR<\/strong><\/p>\n<p><strong>\u0130hlas Medya Grubu Dijital Varl\u0131klar Genel M\u00fcd\u00fcr\u00fc Volkan Ormanl\u0131<\/strong>, yay\u0131nc\u0131l\u0131\u011f\u0131n yan\u0131 s\u0131ra yaz\u0131l\u0131m ve yapay zek\u00e2 alan\u0131nda da faaliyet g\u00f6sterdiklerini belirterek, kendi yapay zek\u00e2s\u0131yla \u00e7al\u0131\u015fan, t\u00fcketiciyi anlayan ve i\u00e7erik \u00fcreten bir yaz\u0131l\u0131m altyap\u0131s\u0131 geli\u015ftirdiklerini s\u00f6yledi. Ormanl\u0131, bu yap\u0131n\u0131n yak\u0131n d\u00f6nemde k\u00fcresel pazarlara a\u00e7\u0131lmas\u0131n\u0131n stratejik hedefler aras\u0131nda yer ald\u0131\u011f\u0131n\u0131 ifade etti.<\/p>\n<p>T\u00fcrkiye\u2019de herkese eri\u015febilen say\u0131l\u0131 medya gruplar\u0131ndan biri olduklar\u0131n\u0131 vurgulayan Ormanl\u0131, yaln\u0131zca y\u00f6nettikleri sosyal medya hesaplar\u0131yla ayl\u0131k 2,5 milyar g\u00f6r\u00fcnt\u00fclenmeye ula\u015ft\u0131klar\u0131n\u0131 kaydetti. Farkl\u0131 markalar ve start-up yap\u0131lar\u0131yla geni\u015f bir dijital ekosistem y\u00f6nettiklerini belirten Ormanl\u0131, y\u00fcksek etkile\u015fim oranlar\u0131 ve teknoloji yat\u0131r\u0131mlar\u0131yla T\u00fcrkiye\u2019de en fazla ki\u015fiye eri\u015fen, dinamik medya \u015firketlerinden biri konumunda olduklar\u0131n\u0131 s\u00f6yledi.<\/p>\n<p><img loading=\"lazy\" decoding=\"async\" class=\"alignnone wp-image-1476\" src=\"https:\/\/lokalbakis.de\/wp-content\/uploads\/2026\/02\/Bayanlar-300x153.jpg\" alt=\"\" width=\"1227\" height=\"626\" data-cke-saved-src=\"https:\/\/lokalbakis.de\/wp-content\/uploads\/2026\/02\/Bayanlar-300x153.jpg\" srcset=\"https:\/\/lokalbakis.de\/wp-content\/uploads\/2026\/02\/Bayanlar-300x153.jpg 300w, https:\/\/lokalbakis.de\/wp-content\/uploads\/2026\/02\/Bayanlar-1024x521.jpg 1024w, https:\/\/lokalbakis.de\/wp-content\/uploads\/2026\/02\/Bayanlar-768x391.jpg 768w, https:\/\/lokalbakis.de\/wp-content\/uploads\/2026\/02\/Bayanlar-1536x782.jpg 1536w\" sizes=\"auto, (max-width: 1227px) 100vw, 1227px\" \/><\/p>\n<p><strong>Dijitalle\u015fme Odakl\u0131 Stratejik Bulu\u015fma: T\u00fcrk ve Alman \u0130\u015f D\u00fcnyas\u0131 Aras\u0131nda G\u00fc\u00e7l\u00fc \u0130\u015f Birli\u011fi Vurgusu<\/strong><\/p>\n<p>T\u00fcrkiye\u2019de \u0130\u015f D\u00fcnyas\u0131 dergisi taraf\u0131ndan Almanya\u2019ya \u00f6zel olarak yay\u0131mlanan <strong>\u201cAlmanya\u2019da \u0130\u015f D\u00fcnyas\u0131\u201d<\/strong> say\u0131s\u0131 ve bu kapsamda d\u00fczenlenen Ekonomi Zirvesi, dijitalle\u015fmenin merkezde oldu\u011fu yeni d\u00f6nemde T\u00fcrk ve Alman i\u015f d\u00fcnyas\u0131 aras\u0131ndaki i\u015f birliklerinin stratejik \u00f6nemini bir kez daha ortaya koydu.<\/p>\n<p>Bu y\u0131l da s\u00fcrd\u00fcr\u00fclebilir, teknoloji odakl\u0131 ve uzun vadeli ortakl\u0131klar\u0131n geli\u015ftirilmesine zemin haz\u0131rlayan zirve; dijital d\u00f6n\u00fc\u015f\u00fcm, yenilik\u00e7i i\u015f modelleri ve s\u0131n\u0131r \u00f6tesi ekonomik i\u015f birlikleri a\u00e7\u0131s\u0131ndan g\u00fc\u00e7l\u00fc bir bulu\u015fma noktas\u0131 olma \u00f6zelli\u011fini peki\u015ftirdi. T\u00fcrk ve Alman i\u015f d\u00fcnyas\u0131n\u0131n temsilcilerini ortak bir vizyonda bulu\u015fturan organizasyon, iki \u00fclke aras\u0131ndaki ekonomik ili\u015fkilerin gelece\u011fine y\u00f6n veren \u00f6nemli bir platform olarak \u00f6ne \u00e7\u0131kt\u0131.<\/p>\n<p><img loading=\"lazy\" decoding=\"async\" class=\"alignnone wp-image-1466\" src=\"https:\/\/lokalbakis.de\/wp-content\/uploads\/2026\/02\/3-300x200.jpeg\" alt=\"\" width=\"1208\" height=\"805\" data-cke-saved-src=\"https:\/\/lokalbakis.de\/wp-content\/uploads\/2026\/02\/3-300x200.jpeg\" srcset=\"https:\/\/lokalbakis.de\/wp-content\/uploads\/2026\/02\/3-300x200.jpeg 300w, https:\/\/lokalbakis.de\/wp-content\/uploads\/2026\/02\/3-768x513.jpeg 768w, https:\/\/lokalbakis.de\/wp-content\/uploads\/2026\/02\/3-1536x1025.jpeg 1536w, https:\/\/lokalbakis.de\/wp-content\/uploads\/2026\/02\/3.jpeg 1600w\" sizes=\"auto, (max-width: 1208px) 100vw, 1208px\" \/><\/p>\n<ol start=\"4\">\n<li><strong>ALMANYA EKONOM\u0130 Z\u0130RVES\u0130\u2019NDE K\u0130MLER \u00d6D\u00dcL ALDI? <\/strong><\/li>\n<\/ol>\n<ul>\n<li>Ali \u0130hsan \u0130zbul \u2013 T\u00fcrkiye Cumhuriyeti D\u00fcsseldorf Ba\u015fkonsolosu<\/li>\n<li>Yavuz Y\u0131ld\u0131r\u0131m- T\u00fcrk Telekom International Genel M\u00fcd\u00fcr\u00fc<\/li>\n<li>Turgut Toruno\u011fullar\u0131- DT\u0130K Avrupa Temsilciler Kurulu Ba\u015fkan\u0131<\/li>\n<li>Sinan \u00c7evik \u2013 Bereket Brot \u015eirket Kurucusu<\/li>\n<li>Av\u015far Dada \u2013 Asset Genel M\u00fcd\u00fcr\u00fc<\/li>\n<li>Esra \u00dcnal \u2013 Proline Europe Kurucu Orta\u011f\u0131 ve Genel M\u00fcd\u00fcr\u00fc<\/li>\n<li>Sergen Ert\u00fcrk \u2013 \u00d6z Kayseri Y\u00f6netici Orta\u011f\u0131<\/li>\n<li>Murat Kubat \u2013 Hasene<\/li>\n<li>H\u00fclya Y\u0131lmaz \u2013 Lojistik Sekt\u00f6r\u00fc<\/li>\n<li>Do\u011fan Akdo\u011fan ve Vijdan Ta\u015f\u00e7\u0131- Mediat\u00f6r Restaurant Kurucular\u0131<\/li>\n<\/ul>\n<p>Fotograflar:Is D\u00fcnyasi, Dogus.nl, O.Aydin Erdogan<\/p>\n<\/div>\n<p>&nbsp;<\/p>\n","protected":false},"excerpt":{"rendered":"<p>YEN\u0130 YATIRIM FIRSATLARINI KONU\u015eTU Ekonomi yay\u0131nc\u0131l\u0131\u011f\u0131nda y\u00f6n g\u00f6steren bir platform olma hedefiyle yurt i\u00e7i ve yurt d\u0131\u015f\u0131 etkinliklerini s\u00fcrd\u00fcren T\u00fcrkiye\u2019de \u0130\u015f D\u00fcnyas\u0131 dergisi, Almanya\u2019ya \u00f6zel olarak her y\u0131l yay\u0131mlad\u0131\u011f\u0131 \u201cAlmanya\u2019da \u0130\u015f D\u00fcnyas\u0131\u201d say\u0131s\u0131 kapsam\u0131nda bu y\u0131lki Ekonomi Zirvesi\u2019ni dijitalle\u015fme oda\u011f\u0131nda ger\u00e7ekle\u015ftirdi. 4. Almanya\u2019da Ekonomi Zirvesi, 29 Ocak Per\u015fembe g\u00fcn\u00fc D\u00fcsseldorf\u2019ta, \u201cYeni \u00c7a\u011f\u0131n Dili: Dijitalle\u015fme\u201d ana [&hellip;]<\/p>\n","protected":false},"author":1,"featured_media":1468,"comment_status":"open","ping_status":"open","sticky":false,"template":"","format":"standard","meta":{"_crdt_document":"","_jetpack_memberships_contains_paid_content":false,"footnotes":""},"categories":[7],"tags":[],"class_list":["post-1457","post","type-post","status-publish","format-standard","has-post-thumbnail","hentry","category-guencel"],"jetpack_featured_media_url":"https:\/\/lokalbakis.de\/wp-content\/uploads\/2026\/02\/1.jpeg","jetpack_sharing_enabled":true,"_links":{"self":[{"href":"https:\/\/lokalbakis.de\/index.php?rest_route=\/wp\/v2\/posts\/1457","targetHints":{"allow":["GET"]}}],"collection":[{"href":"https:\/\/lokalbakis.de\/index.php?rest_route=\/wp\/v2\/posts"}],"about":[{"href":"https:\/\/lokalbakis.de\/index.php?rest_route=\/wp\/v2\/types\/post"}],"author":[{"embeddable":true,"href":"https:\/\/lokalbakis.de\/index.php?rest_route=\/wp\/v2\/users\/1"}],"replies":[{"embeddable":true,"href":"https:\/\/lokalbakis.de\/index.php?rest_route=%2Fwp%2Fv2%2Fcomments&post=1457"}],"version-history":[{"count":6,"href":"https:\/\/lokalbakis.de\/index.php?rest_route=\/wp\/v2\/posts\/1457\/revisions"}],"predecessor-version":[{"id":1486,"href":"https:\/\/lokalbakis.de\/index.php?rest_route=\/wp\/v2\/posts\/1457\/revisions\/1486"}],"wp:featuredmedia":[{"embeddable":true,"href":"https:\/\/lokalbakis.de\/index.php?rest_route=\/wp\/v2\/media\/1468"}],"wp:attachment":[{"href":"https:\/\/lokalbakis.de\/index.php?rest_route=%2Fwp%2Fv2%2Fmedia&parent=1457"}],"wp:term":[{"taxonomy":"category","embeddable":true,"href":"https:\/\/lokalbakis.de\/index.php?rest_route=%2Fwp%2Fv2%2Fcategories&post=1457"},{"taxonomy":"post_tag","embeddable":true,"href":"https:\/\/lokalbakis.de\/index.php?rest_route=%2Fwp%2Fv2%2Ftags&post=1457"}],"curies":[{"name":"wp","href":"https:\/\/api.w.org\/{rel}","templated":true}]}}