{"id":1573,"date":"2026-03-06T22:28:21","date_gmt":"2026-03-06T21:28:21","guid":{"rendered":"https:\/\/lokalbakis.de\/?p=1573"},"modified":"2026-03-06T22:28:21","modified_gmt":"2026-03-06T21:28:21","slug":"devlet-kurumlarinda-ayrimcilik-riski","status":"publish","type":"post","link":"https:\/\/lokalbakis.de\/?p=1573","title":{"rendered":"Devlet Kurumlar\u0131nda Ayr\u0131mc\u0131l\u0131k Riski"},"content":{"rendered":"<p><strong>Macit Karaahmeto\u011flu, SPD Federal Meclis Milletvekili<\/strong><br \/>\nBerlin, 6 Mart 2026 Ge\u00e7ti\u011fimiz haftalarda Federal \u0130\u00e7i\u015fleri Bakanl\u0131\u011f\u0131&#8217;n\u0131n deste\u011fiyle yap\u0131lan, kamu kurumlar\u0131ndaki ayr\u0131mc\u0131l\u0131k ve \u0131rk\u00e7\u0131l\u0131\u011fa y\u00f6nelik en geni\u015f kapsaml\u0131 ara\u015ft\u0131rma sessiz sedas\u0131z kamuoyuna duyuruldu. Yakla\u015f\u0131k 250 sayfal\u0131k rapor, Almanya&#8217;da ya\u015fayan M\u00fcsl\u00fcmanlar\u0131n b\u00fcy\u00fck bir \u00e7o\u011funlu\u011funun kamu kurumlar\u0131nda ayr\u0131mc\u0131l\u0131\u011fa u\u011frad\u0131\u011f\u0131n\u0131 veya bu y\u00f6nde bir deneyim ya\u015fad\u0131\u011f\u0131n\u0131 ortaya koydu.<\/p>\n<p>Leipzig \u00dcniversitesi&#8217;nden Prof. Dr. Gert Pickel y\u00f6netiminde Toplumsal Birlik Ara\u015ft\u0131rma Enstit\u00fcs\u00fc (Forschungsinstitut Gesellschaftlicher Zusammenhalt &#8211; FGZ) taraf\u0131ndan ger\u00e7ekle\u015ftirilen ara\u015ft\u0131rma, Almanya&#8217;daki kamu kurumlar\u0131nda \u0131rk\u00e7\u0131l\u0131\u011f\u0131n \u00e7o\u011fu zaman a\u00e7\u0131k d\u00fc\u015fmanl\u0131k \u015feklinde de\u011fil, daha \u00e7ok rutinlerde, karar alma s\u00fcre\u00e7lerinde ve kurumlar\u0131n \u00f6rg\u00fctsel ikliminde gizli oldu\u011funu ortaya koydu.<br \/>\n&#8222;Kurumlar ve Irk\u00e7\u0131l\u0131k&#8220; (InRa) adl\u0131 \u00e7al\u0131\u015fma kapsam\u0131nda ilk kez geni\u015f \u00f6l\u00e7ekte devlet kurumlar\u0131nda ara\u015ft\u0131rmalar ger\u00e7ekle\u015ftirildi. Rapora g\u00f6re \u0131rk\u00e7\u0131 ayr\u0131mc\u0131l\u0131\u011f\u0131n, incelenen t\u00fcm kurum t\u00fcrlerinde tespit edildi\u011fi belirtildi.<\/p>\n<p>Bu rapor, asl\u0131nda bir anlamda \u00f6nemli bir uyar\u0131 sinyalidir. Ara\u015ft\u0131rma bulgular\u0131 hepimizi daha dikkatli d\u00fc\u015f\u00fcnmeye sevk etmelidir. Bu mesele, herhangi bir kurumu ya da kamu g\u00f6revlisini hedef almak de\u011fil; devletimizin adalet ve e\u015fitlik ilkesini daha da g\u00fc\u00e7lendirme meselesidir.<br \/>\nDevlet, vatanda\u015f\u0131na temas etti\u011fi her noktada g\u00fcven \u00fcretmelidir. E\u011fer toplumun belirli kesimleri kamu hizmeti al\u0131rken kendilerini dezavantajl\u0131, d\u0131\u015flanm\u0131\u015f ya da \u00f6nyarg\u0131yla kar\u015f\u0131 kar\u015f\u0131ya hissediyorsa, bu durum bireysel vakalar\u0131n \u00f6tesinde kurumsal s\u00fcre\u00e7lerin g\u00f6zden ge\u00e7irilmesini gerektirir.<br \/>\nKamu kurumlar\u0131nda ba\u011f\u0131ms\u0131z ve eri\u015filebilir \u015fikayet mekanizmalar\u0131 g\u00fc\u00e7lendirilmeli, personel e\u011fitimlerinin yaln\u0131zca teknik de\u011fil, k\u00fclt\u00fcrel hassasiyet ve ayr\u0131mc\u0131l\u0131kla m\u00fccadele boyutlar\u0131n\u0131 da i\u00e7ermesi gerekmektedir.<\/p>\n<p>Ek olarak, ayr\u0131mc\u0131l\u0131kla m\u00fccadele d\u00fczenlemesi, kamu kurumlar\u0131n\u0131 da kapsayacak \u015fekilde g\u00f6zden ge\u00e7irilmelidir. Bu \u00f6nerilerimiz, kurumsal kaliteyi y\u00fckseltme \u00e7a\u011fr\u0131s\u0131d\u0131r. Almanya&#8217;n\u0131n gelece\u011fi, herkes i\u00e7in e\u015fit muamele ilkesinin tavizsiz bi\u00e7imde uygulanmas\u0131na ba\u011fl\u0131d\u0131r. E\u015fitlik bir siyasi tercih de\u011fil, anayasal bir y\u00fck\u00fcml\u00fcl\u00fckt\u00fcr.<\/p>\n","protected":false},"excerpt":{"rendered":"<p>Macit Karaahmeto\u011flu, SPD Federal Meclis Milletvekili Berlin, 6 Mart 2026 Ge\u00e7ti\u011fimiz haftalarda Federal \u0130\u00e7i\u015fleri Bakanl\u0131\u011f\u0131&#8217;n\u0131n deste\u011fiyle yap\u0131lan, kamu kurumlar\u0131ndaki ayr\u0131mc\u0131l\u0131k ve \u0131rk\u00e7\u0131l\u0131\u011fa y\u00f6nelik en geni\u015f kapsaml\u0131 ara\u015ft\u0131rma sessiz sedas\u0131z kamuoyuna duyuruldu. Yakla\u015f\u0131k 250 sayfal\u0131k rapor, Almanya&#8217;da ya\u015fayan M\u00fcsl\u00fcmanlar\u0131n b\u00fcy\u00fck bir \u00e7o\u011funlu\u011funun kamu kurumlar\u0131nda ayr\u0131mc\u0131l\u0131\u011fa u\u011frad\u0131\u011f\u0131n\u0131 veya bu y\u00f6nde bir deneyim ya\u015fad\u0131\u011f\u0131n\u0131 ortaya koydu. Leipzig \u00dcniversitesi&#8217;nden [&hellip;]<\/p>\n","protected":false},"author":2,"featured_media":1574,"comment_status":"open","ping_status":"open","sticky":false,"template":"","format":"standard","meta":{"_crdt_document":"","_jetpack_memberships_contains_paid_content":false,"footnotes":""},"categories":[7],"tags":[],"class_list":["post-1573","post","type-post","status-publish","format-standard","has-post-thumbnail","hentry","category-guencel"],"jetpack_featured_media_url":"https:\/\/lokalbakis.de\/wp-content\/uploads\/2026\/03\/macit-karaahmetoglu-scaled.jpg","jetpack_sharing_enabled":true,"_links":{"self":[{"href":"https:\/\/lokalbakis.de\/index.php?rest_route=\/wp\/v2\/posts\/1573","targetHints":{"allow":["GET"]}}],"collection":[{"href":"https:\/\/lokalbakis.de\/index.php?rest_route=\/wp\/v2\/posts"}],"about":[{"href":"https:\/\/lokalbakis.de\/index.php?rest_route=\/wp\/v2\/types\/post"}],"author":[{"embeddable":true,"href":"https:\/\/lokalbakis.de\/index.php?rest_route=\/wp\/v2\/users\/2"}],"replies":[{"embeddable":true,"href":"https:\/\/lokalbakis.de\/index.php?rest_route=%2Fwp%2Fv2%2Fcomments&post=1573"}],"version-history":[{"count":2,"href":"https:\/\/lokalbakis.de\/index.php?rest_route=\/wp\/v2\/posts\/1573\/revisions"}],"predecessor-version":[{"id":1576,"href":"https:\/\/lokalbakis.de\/index.php?rest_route=\/wp\/v2\/posts\/1573\/revisions\/1576"}],"wp:featuredmedia":[{"embeddable":true,"href":"https:\/\/lokalbakis.de\/index.php?rest_route=\/wp\/v2\/media\/1574"}],"wp:attachment":[{"href":"https:\/\/lokalbakis.de\/index.php?rest_route=%2Fwp%2Fv2%2Fmedia&parent=1573"}],"wp:term":[{"taxonomy":"category","embeddable":true,"href":"https:\/\/lokalbakis.de\/index.php?rest_route=%2Fwp%2Fv2%2Fcategories&post=1573"},{"taxonomy":"post_tag","embeddable":true,"href":"https:\/\/lokalbakis.de\/index.php?rest_route=%2Fwp%2Fv2%2Ftags&post=1573"}],"curies":[{"name":"wp","href":"https:\/\/api.w.org\/{rel}","templated":true}]}}