{"id":1578,"date":"2026-03-06T22:33:52","date_gmt":"2026-03-06T21:33:52","guid":{"rendered":"https:\/\/lokalbakis.de\/?p=1578"},"modified":"2026-03-06T22:33:52","modified_gmt":"2026-03-06T21:33:52","slug":"oy-verin-tavrinizi-goesterin-sorumluluk-alin","status":"publish","type":"post","link":"https:\/\/lokalbakis.de\/?p=1578","title":{"rendered":"Oy verin, tavr\u0131n\u0131z\u0131 g\u00f6sterin, sorumluluk al\u0131n"},"content":{"rendered":"<p>&nbsp;<\/p>\n<table width=\"100%\" cellpadding=\"0\">\n<tbody>\n<tr>\n<td class=\"e318b78bdd78b300872bcd927e2fd105mailpoet_paragraph\"><strong>\u0130slam Toplumu Mill\u00ee G\u00f6r\u00fc\u015f (IGMG) Genel Sekreteri Ali Mete 8 Mart 2026\u2019da Baden-W\u00fcrttemberg\u2019de, 15 Mart 2026\u2019da Hessen\u2019de, 22 Mart 2026\u2019da Rheinland-Pfalz\u2019da yap\u0131lacak eyalet se\u00e7imleri, 15 ve 22 Mart 2026 tarihlerinde Fransa\u2019da yap\u0131lacak yerel se\u00e7imler sebebiyle bir a\u00e7\u0131klama yapt\u0131. \u201cYo\u011fun bir se\u00e7im d\u00f6nemine girerken, korku s\u00f6ylemleriyle demokrasiyi zedelememe sorumlulu\u011funu hat\u0131rdan \u00e7\u0131karmamak da gerekiyor. \u0130slam Toplumu Mill\u00ee G\u00f6r\u00fc\u015f olarak, a\u015f\u0131r\u0131 sa\u011fa mesafeli durarak se\u00e7imlere kat\u0131l\u0131m \u00e7a\u011fr\u0131s\u0131nda bulunuyoruz.\u201d diyen Mete s\u00f6zlerini \u015f\u00f6yle s\u00fcrd\u00fcrd\u00fc:<\/strong><\/td>\n<\/tr>\n<\/tbody>\n<\/table>\n<table width=\"100%\" cellpadding=\"0\">\n<tbody>\n<tr>\n<td class=\"e318b78bdd78b300872bcd927e2fd105mailpoet_paragraph\"><\/td>\n<\/tr>\n<\/tbody>\n<\/table>\n<table width=\"100%\" cellpadding=\"0\">\n<tbody>\n<tr>\n<td class=\"e318b78bdd78b300872bcd927e2fd105mailpoet_paragraph\">\u201c\u0130slam Toplumu Mill\u00ee G\u00f6r\u00fc\u015f olarak, se\u00e7imler yakla\u015f\u0131rken t\u00fcm demokratik g\u00fc\u00e7leri sorumluluk \u00e7er\u00e7evesinde hareket etmeye, kullan\u0131lan dile \u00f6zen g\u00f6stermeye ve toplumsal sa\u011fduyuya \u00e7a\u011f\u0131r\u0131yoruz. \u00d6zellikle se\u00e7imden \u00f6nceki son g\u00fcnlerde, sadece program de\u011fil, \u00fcslup da belirleyici oluyor. Sa\u011f pop\u00fclist sloganlar kullananlar, insanlar\u0131 birbirine d\u00fc\u015f\u00fcrenler, nefreti k\u00f6r\u00fckleyenler belki k\u0131sa vadede dikkatleri \u00fczerlerine \u00e7ekebilirler, ancak uzun vadede a\u015f\u0131r\u0131 sa\u011f pozisyonlar\u0131n normalle\u015fmesine katk\u0131da bulunurlar. Demokratik partiler a\u015f\u0131r\u0131 sa\u011fc\u0131lar\u0131n dilini, d\u00fc\u015fman imajlar\u0131n\u0131 veya sert tutumlar\u0131n\u0131 benimseyerek onlar\u0131n de\u011firmenine su ta\u015f\u0131mamal\u0131d\u0131r. Ate\u015fi k\u0131v\u0131lc\u0131mlarla s\u00f6nd\u00fcrmek isteyenler, sonunda demokrasi evinin yanmas\u0131na \u015fa\u015f\u0131rmamal\u0131d\u0131r.<\/td>\n<\/tr>\n<\/tbody>\n<\/table>\n<table width=\"100%\" cellpadding=\"0\">\n<tbody>\n<tr>\n<td class=\"e318b78bdd78b300872bcd927e2fd105mailpoet_paragraph\">Se\u00e7imler demokrasinin bir yan sahnesi de\u011fil, bar\u0131\u015f\u00e7\u0131l \u015fekilde s\u0131nand\u0131\u011f\u0131 alanlard\u0131r. Se\u00e7imler siyasi iktidar\u0131 me\u015frula\u015ft\u0131r\u0131r, y\u00f6neticileri halk\u0131n iradesine ba\u011flar ve topluma istikrar kazand\u0131r\u0131r. Bu nedenle t\u00fcm vatanda\u015flara oy haklar\u0131n\u0131 kullanma \u00e7a\u011fr\u0131s\u0131nda bulunuyoruz. Toplumlar\u0131n akl\u0131selimden uzakla\u015ft\u0131\u011f\u0131 b\u00f6yle bir d\u00f6nemde se\u00e7imlere kat\u0131lmamak ba\u015fkalar\u0131na alan b\u0131rakmak anlam\u0131na gelir.<\/td>\n<\/tr>\n<\/tbody>\n<\/table>\n<table width=\"100%\" cellpadding=\"0\">\n<tbody>\n<tr>\n<td class=\"e318b78bdd78b300872bcd927e2fd105mailpoet_paragraph\">\u0130slami bak\u0131\u015f a\u00e7\u0131s\u0131na g\u00f6re, kamu yarar\u0131 i\u00e7in sorumluluk almak \u2018olsa da olur\u2019 kabilinden bir tutum de\u011fil; vicdan, adalet ve ahlaki olgunlu\u011fun bir ifadesidir. Toplumsal birlikteli\u011fe katk\u0131 sa\u011flayabilecek ki\u015filer bu sorumluluktan ka\u00e7\u0131nmamal\u0131d\u0131r. Bu nedenle se\u00e7imlere kat\u0131lmak sadece demokratik bir hak de\u011fil, ayn\u0131 zamanda bar\u0131\u015f, onur ve toplumsal birlikteli\u011fin pratik bir yans\u0131mas\u0131d\u0131r.<\/td>\n<\/tr>\n<\/tbody>\n<\/table>\n<table width=\"100%\" cellpadding=\"0\">\n<tbody>\n<tr>\n<td class=\"e318b78bdd78b300872bcd927e2fd105mailpoet_paragraph\">\u0130slam Toplumu Mill\u00ee G\u00f6r\u00fc\u015f olarak mesaj\u0131m\u0131z a\u00e7\u0131k ve net: Demokrasi, kat\u0131l\u0131ma, dilde nezakete ve her t\u00fcrl\u00fc sa\u011fa meyil kar\u015f\u0131s\u0131nda net bir s\u0131n\u0131r \u00e7izgisine ihtiya\u00e7 duyar.\u201d<\/td>\n<\/tr>\n<\/tbody>\n<\/table>\n","protected":false},"excerpt":{"rendered":"<p>&nbsp; \u0130slam Toplumu Mill\u00ee G\u00f6r\u00fc\u015f (IGMG) Genel Sekreteri Ali Mete 8 Mart 2026\u2019da Baden-W\u00fcrttemberg\u2019de, 15 Mart 2026\u2019da Hessen\u2019de, 22 Mart 2026\u2019da Rheinland-Pfalz\u2019da yap\u0131lacak eyalet se\u00e7imleri, 15 ve 22 Mart 2026 tarihlerinde Fransa\u2019da yap\u0131lacak yerel se\u00e7imler sebebiyle bir a\u00e7\u0131klama yapt\u0131. \u201cYo\u011fun bir se\u00e7im d\u00f6nemine girerken, korku s\u00f6ylemleriyle demokrasiyi zedelememe sorumlulu\u011funu hat\u0131rdan \u00e7\u0131karmamak da gerekiyor. \u0130slam Toplumu [&hellip;]<\/p>\n","protected":false},"author":2,"featured_media":1579,"comment_status":"open","ping_status":"open","sticky":false,"template":"","format":"standard","meta":{"_crdt_document":"","_jetpack_memberships_contains_paid_content":false,"footnotes":""},"categories":[7],"tags":[],"class_list":["post-1578","post","type-post","status-publish","format-standard","has-post-thumbnail","hentry","category-guencel"],"jetpack_featured_media_url":"https:\/\/lokalbakis.de\/wp-content\/uploads\/2026\/03\/Ali-Mete-scaled.jpg","jetpack_sharing_enabled":true,"_links":{"self":[{"href":"https:\/\/lokalbakis.de\/index.php?rest_route=\/wp\/v2\/posts\/1578","targetHints":{"allow":["GET"]}}],"collection":[{"href":"https:\/\/lokalbakis.de\/index.php?rest_route=\/wp\/v2\/posts"}],"about":[{"href":"https:\/\/lokalbakis.de\/index.php?rest_route=\/wp\/v2\/types\/post"}],"author":[{"embeddable":true,"href":"https:\/\/lokalbakis.de\/index.php?rest_route=\/wp\/v2\/users\/2"}],"replies":[{"embeddable":true,"href":"https:\/\/lokalbakis.de\/index.php?rest_route=%2Fwp%2Fv2%2Fcomments&post=1578"}],"version-history":[{"count":2,"href":"https:\/\/lokalbakis.de\/index.php?rest_route=\/wp\/v2\/posts\/1578\/revisions"}],"predecessor-version":[{"id":1581,"href":"https:\/\/lokalbakis.de\/index.php?rest_route=\/wp\/v2\/posts\/1578\/revisions\/1581"}],"wp:featuredmedia":[{"embeddable":true,"href":"https:\/\/lokalbakis.de\/index.php?rest_route=\/wp\/v2\/media\/1579"}],"wp:attachment":[{"href":"https:\/\/lokalbakis.de\/index.php?rest_route=%2Fwp%2Fv2%2Fmedia&parent=1578"}],"wp:term":[{"taxonomy":"category","embeddable":true,"href":"https:\/\/lokalbakis.de\/index.php?rest_route=%2Fwp%2Fv2%2Fcategories&post=1578"},{"taxonomy":"post_tag","embeddable":true,"href":"https:\/\/lokalbakis.de\/index.php?rest_route=%2Fwp%2Fv2%2Ftags&post=1578"}],"curies":[{"name":"wp","href":"https:\/\/api.w.org\/{rel}","templated":true}]}}