{"id":1582,"date":"2026-03-06T22:54:10","date_gmt":"2026-03-06T21:54:10","guid":{"rendered":"https:\/\/lokalbakis.de\/?p=1582"},"modified":"2026-03-06T22:54:10","modified_gmt":"2026-03-06T21:54:10","slug":"herrathta-bilet-otomatina-soygun-girisimi-suepheli-yakalandi","status":"publish","type":"post","link":"https:\/\/lokalbakis.de\/?p=1582","title":{"rendered":"Herrath&#8217;ta Bilet Otomat\u0131na Soygun Giri\u015fimi: \u015e\u00fcpheli Yakaland\u0131"},"content":{"rendered":"<p data-source-line=\"7-7\"><strong>M\u00f6nchengladbach, Almanya<\/strong> \u2014 6 Mart 2026 gecesi, M\u00f6nchengladbach-Herrath tren istasyonunda bir bilet otomat\u0131na soygun giri\u015fimi ya\u015fand\u0131. K\u0131sa s\u00fcreli bir arama operasyonunun ard\u0131ndan bir \u015f\u00fcpheli g\u00f6zalt\u0131na al\u0131nd\u0131. Olayla ilgili soru\u015fturma Federal Polis taraf\u0131ndan y\u00fcr\u00fct\u00fclmektedir.<\/p>\n<h3 id=\"olay-nas%C4%B1l-geli%C5%9Fti%3F\" data-source-line=\"11-11\">Olay Nas\u0131l Geli\u015fti?<\/h3>\n<p data-source-line=\"13-13\">Gece saat 01.50 s\u0131ralar\u0131nda, WES firmas\u0131 D\u00fcsseldorf Federal Polis M\u00fcd\u00fcrl\u00fc\u011f\u00fc&#8217;n\u00fcn komuta merkezine M\u00f6nchengladbach-Herrath tren istasyonundaki bilet otomat\u0131ndan bir alarm bildirimi iletti. Bunun \u00fczerine M\u00f6nchengladbach Federal Polis Karakolu&#8217;ndan bir ekip derhal olay yerine intikal etti.<\/p>\n<p data-source-line=\"15-15\">Polis memurlar\u0131 olay yerine ula\u015ft\u0131\u011f\u0131nda, erkek bir \u015fahs\u0131n ray hatlar\u0131 \u00fczerinden ka\u00e7arak kom\u015fu bir bah\u00e7e arazisine y\u00f6neldi\u011fi g\u00f6r\u00fcld\u00fc. Yap\u0131lan incelemede, bilet otomat\u0131n\u0131n \u00fcst k\u0131sm\u0131nda ciddi hasarlar tespit edildi. Otomat\u0131n yak\u0131n \u00e7evresinde ise olas\u0131 su\u00e7 aleti oldu\u011fu de\u011ferlendirilen bir <strong>c\u0131vata kesici<\/strong> ile bir <strong>levye<\/strong> ele ge\u00e7irilerek g\u00fcvence alt\u0131na al\u0131nd\u0131. Olay yerinde ayr\u0131ca <strong>iki adet parmak izi<\/strong> ile <strong>iki adet DNA izi<\/strong> belirlenerek kriminal teknik inceleme kapsam\u0131nda kay\u0131t alt\u0131na al\u0131nd\u0131.<\/p>\n<h3 id=\"geni%C5%9F-%C3%A7apl%C4%B1-arama-operasyonu\" data-source-line=\"19-19\">Geni\u015f \u00c7apl\u0131 Arama Operasyonu<\/h3>\n<p data-source-line=\"21-21\">Operasyon s\u00fcresince M\u00f6nchengladbach-Herrath istasyonunda <strong>hat kapatma karar\u0131<\/strong> uyguland\u0131. B\u00f6lgeye, Federal Polis birimleri ile M\u00f6nchengladbach Emniyet M\u00fcd\u00fcrl\u00fc\u011f\u00fc&#8217;ne ba\u011fl\u0131 takviye kuvvetler sevk edildi. Operasyona ayr\u0131ca <strong>k\u00f6pekli polis ekibi<\/strong> de dahil edildi; bunun yan\u0131 s\u0131ra Federal Polis taraf\u0131ndan bir <strong>helikopter<\/strong> de g\u00f6reve \u00e7a\u011fr\u0131ld\u0131.<\/p>\n<h3 id=\"%C5%9F%C3%BCpheli-yakaland%C4%B1\" data-source-line=\"25-25\">\u015e\u00fcpheli Yakaland\u0131<\/h3>\n<p data-source-line=\"27-27\">Sabah saat 03.05&#8217;te M\u00f6nchengladbach Emniyet M\u00fcd\u00fcrl\u00fc\u011f\u00fc ekipleri, olay yerine yak\u0131n bir konumda \u015f\u00fcpheli bir \u015fah\u0131s tespit etti. Olay yerindeki Federal Polis g\u00f6revlileriyle yap\u0131lan koordinasyonun ard\u0131ndan, s\u00f6z konusu ki\u015finin daha \u00f6nce ka\u00e7an \u015fah\u0131s oldu\u011funa dair \u015f\u00fcphe g\u00fc\u00e7lendi ve \u015fah\u0131s <strong>g\u00f6zalt\u0131na al\u0131nd\u0131<\/strong>.<\/p>\n<p data-source-line=\"29-29\">\u015e\u00fcpheli, ard\u0131ndan M\u00f6nchengladbach Federal Polis Karakolu&#8217;na g\u00f6t\u00fcr\u00fcld\u00fc. Burada <strong>kimlik tespiti i\u015flemleri<\/strong> ve <strong>sorgu<\/strong> da dahil olmak \u00fczere \u00e7e\u015fitli cezai usul i\u015flemleri uyguland\u0131.<\/p>\n<h3 id=\"soru%C5%9Fturma-devam-ediyor\" data-source-line=\"33-33\">Soru\u015fturma Devam Ediyor<\/h3>\n<p data-source-line=\"35-35\">Federal Polis, ya\u015fanan olay\u0131 <strong>\u00f6zellikle a\u011f\u0131r h\u0131rs\u0131zl\u0131k giri\u015fimi<\/strong> \u015f\u00fcphesiyle <strong>su\u00e7 soru\u015fturmas\u0131<\/strong> kapsam\u0131na ald\u0131. Soru\u015fturma \u00e7al\u0131\u015fmalar\u0131 h\u00e2l\u00e2 s\u00fcrmektedir.<\/p>\n<p data-source-line=\"35-35\">G\u00f6rsel: Temsili olup yapay zek\u00e2 ile \u00fcretilmi\u015ftir.<\/p>\n","protected":false},"excerpt":{"rendered":"<p>M\u00f6nchengladbach, Almanya \u2014 6 Mart 2026 gecesi, M\u00f6nchengladbach-Herrath tren istasyonunda bir bilet otomat\u0131na soygun giri\u015fimi ya\u015fand\u0131. K\u0131sa s\u00fcreli bir arama operasyonunun ard\u0131ndan bir \u015f\u00fcpheli g\u00f6zalt\u0131na al\u0131nd\u0131. Olayla ilgili soru\u015fturma Federal Polis taraf\u0131ndan y\u00fcr\u00fct\u00fclmektedir. Olay Nas\u0131l Geli\u015fti? Gece saat 01.50 s\u0131ralar\u0131nda, WES firmas\u0131 D\u00fcsseldorf Federal Polis M\u00fcd\u00fcrl\u00fc\u011f\u00fc&#8217;n\u00fcn komuta merkezine M\u00f6nchengladbach-Herrath tren istasyonundaki bilet otomat\u0131ndan bir alarm [&hellip;]<\/p>\n","protected":false},"author":2,"featured_media":1583,"comment_status":"open","ping_status":"open","sticky":false,"template":"","format":"standard","meta":{"_crdt_document":"","_jetpack_memberships_contains_paid_content":false,"footnotes":""},"categories":[7],"tags":[],"class_list":["post-1582","post","type-post","status-publish","format-standard","has-post-thumbnail","hentry","category-guencel"],"jetpack_featured_media_url":"https:\/\/lokalbakis.de\/wp-content\/uploads\/2026\/03\/Soygun.png","jetpack_sharing_enabled":true,"_links":{"self":[{"href":"https:\/\/lokalbakis.de\/index.php?rest_route=\/wp\/v2\/posts\/1582","targetHints":{"allow":["GET"]}}],"collection":[{"href":"https:\/\/lokalbakis.de\/index.php?rest_route=\/wp\/v2\/posts"}],"about":[{"href":"https:\/\/lokalbakis.de\/index.php?rest_route=\/wp\/v2\/types\/post"}],"author":[{"embeddable":true,"href":"https:\/\/lokalbakis.de\/index.php?rest_route=\/wp\/v2\/users\/2"}],"replies":[{"embeddable":true,"href":"https:\/\/lokalbakis.de\/index.php?rest_route=%2Fwp%2Fv2%2Fcomments&post=1582"}],"version-history":[{"count":1,"href":"https:\/\/lokalbakis.de\/index.php?rest_route=\/wp\/v2\/posts\/1582\/revisions"}],"predecessor-version":[{"id":1584,"href":"https:\/\/lokalbakis.de\/index.php?rest_route=\/wp\/v2\/posts\/1582\/revisions\/1584"}],"wp:featuredmedia":[{"embeddable":true,"href":"https:\/\/lokalbakis.de\/index.php?rest_route=\/wp\/v2\/media\/1583"}],"wp:attachment":[{"href":"https:\/\/lokalbakis.de\/index.php?rest_route=%2Fwp%2Fv2%2Fmedia&parent=1582"}],"wp:term":[{"taxonomy":"category","embeddable":true,"href":"https:\/\/lokalbakis.de\/index.php?rest_route=%2Fwp%2Fv2%2Fcategories&post=1582"},{"taxonomy":"post_tag","embeddable":true,"href":"https:\/\/lokalbakis.de\/index.php?rest_route=%2Fwp%2Fv2%2Ftags&post=1582"}],"curies":[{"name":"wp","href":"https:\/\/api.w.org\/{rel}","templated":true}]}}