{"id":1587,"date":"2026-03-08T14:11:19","date_gmt":"2026-03-08T13:11:19","guid":{"rendered":"https:\/\/lokalbakis.de\/?p=1587"},"modified":"2026-03-08T14:25:08","modified_gmt":"2026-03-08T13:25:08","slug":"uid-ruhr-boelgesi-gelsenkirchende-iftar-programi-duezenledi","status":"publish","type":"post","link":"https:\/\/lokalbakis.de\/?p=1587","title":{"rendered":"UID Ruhr B\u00f6lgesi Gelsenkirchen\u2019de \u0130ftar Program\u0131 D\u00fczenledi"},"content":{"rendered":"<h2 class=\"lead text-lg-start text-dark my-2 description\">Almanya\u2019n\u0131n Gelsenkirchen kentinde, Uluslararas\u0131 Demokratlar Birli\u011fi (UID) Ruhr B\u00f6lgesi taraf\u0131ndan geni\u015f kat\u0131l\u0131ml\u0131 bir iftar program\u0131 d\u00fczenlendi.<\/h2>\n<p><img loading=\"lazy\" decoding=\"async\" class=\"alignnone wp-image-1591 \" src=\"https:\/\/lokalbakis.de\/wp-content\/uploads\/2026\/03\/i-m-g-2954-1-300x98.webp\" alt=\"\" width=\"1200\" height=\"392\" srcset=\"https:\/\/lokalbakis.de\/wp-content\/uploads\/2026\/03\/i-m-g-2954-1-300x98.webp 300w, https:\/\/lokalbakis.de\/wp-content\/uploads\/2026\/03\/i-m-g-2954-1-1024x336.webp 1024w, https:\/\/lokalbakis.de\/wp-content\/uploads\/2026\/03\/i-m-g-2954-1-768x252.webp 768w, https:\/\/lokalbakis.de\/wp-content\/uploads\/2026\/03\/i-m-g-2954-1.webp 1290w\" sizes=\"auto, (max-width: 1200px) 100vw, 1200px\" \/><\/p>\n<p>\u0130ftar program\u0131na AK Parti Amasya Milletvekili Haluk \u0130pek, UID Genel Ba\u015fkan Yard\u0131mc\u0131s\u0131 Halil Demir, T\u00fcrkiye Cumhuriyeti M\u00fcnster Ba\u015fkonsolosu Mehmet \u00d6zg\u00fcn Arman, T\u00fcrkiye Cumhuriyeti Essen Ba\u015fkonsolosu Taylan \u00d6zg\u00fcr Ayd\u0131n, UID Ruhr B\u00f6lge Ba\u015fkan\u0131 Dursun Ba\u015f, te\u015fkilat \u00fcyeleri, sivil toplum kurulu\u015flar\u0131n\u0131n temsilcileri ve \u00e7ok say\u0131da davetli i\u015ftirak etti.<\/p>\n<p><img loading=\"lazy\" decoding=\"async\" class=\"alignnone wp-image-1588\" src=\"https:\/\/lokalbakis.de\/wp-content\/uploads\/2026\/03\/DSC03998-300x169.jpg\" alt=\"\" width=\"1202\" height=\"677\" srcset=\"https:\/\/lokalbakis.de\/wp-content\/uploads\/2026\/03\/DSC03998-300x169.jpg 300w, https:\/\/lokalbakis.de\/wp-content\/uploads\/2026\/03\/DSC03998-1024x576.jpg 1024w, https:\/\/lokalbakis.de\/wp-content\/uploads\/2026\/03\/DSC03998-768x432.jpg 768w, https:\/\/lokalbakis.de\/wp-content\/uploads\/2026\/03\/DSC03998-1536x864.jpg 1536w, https:\/\/lokalbakis.de\/wp-content\/uploads\/2026\/03\/DSC03998-2048x1152.jpg 2048w\" sizes=\"auto, (max-width: 1202px) 100vw, 1202px\" \/><\/p>\n<p><strong>Birlik ve Dayan\u0131\u015fma Mesaj\u0131<\/strong><\/p>\n<p>UID Ruhr B\u00f6lge Ba\u015fkan\u0131 Dursun Ba\u015f, programda yapt\u0131\u011f\u0131 konu\u015fmada Ramazan ay\u0131n\u0131n birlik, beraberlik ve dayan\u0131\u015fma duygular\u0131n\u0131 g\u00fc\u00e7lendirdi\u011fini belirtti. Gurbette ya\u015fayan T\u00fcrk toplumunun dayan\u0131\u015fmas\u0131n\u0131n \u00f6nemine de\u011finen Ba\u015f, sivil toplum kurulu\u015flar\u0131n\u0131n toplumun kimli\u011fini korumas\u0131 ve gelecek nesillere sa\u011flam bir miras b\u0131rak\u0131lmas\u0131 a\u00e7\u0131s\u0131ndan \u00f6nemli rol \u00fcstlendi\u011fini ifade etti.<\/p>\n<p>Ba\u015f konu\u015fmas\u0131nda, UID\u2019nin sadece bir te\u015fkilat de\u011fil ayn\u0131 zamanda bir g\u00f6n\u00fcl hareketi oldu\u011funu vurgulayarak, Almanya\u2019da ya\u015fayan T\u00fcrk toplumunun e\u011fitim, k\u00fclt\u00fcr ve sosyal hayat\u0131n her alan\u0131nda daha g\u00fc\u00e7l\u00fc \u015fekilde var olmas\u0131 i\u00e7in \u00e7al\u0131\u015fmalar y\u00fcr\u00fctt\u00fcklerini s\u00f6yledi. Ayr\u0131ca ana dil e\u011fitiminin \u00f6nemine dikkat \u00e7ekerek, \u00e7ocuklar\u0131n T\u00fcrk\u00e7eyi g\u00fc\u00e7l\u00fc bir \u015fekilde \u00f6\u011frenmesinin kimlik ve e\u011fitim a\u00e7\u0131s\u0131ndan b\u00fcy\u00fck de\u011fer ta\u015f\u0131d\u0131\u011f\u0131n\u0131 dile getirdi.<\/p>\n<p><a class=\"fancybox my-3\" title=\"\" href=\"https:\/\/haberinsaaticom.teimg.com\/haberinsaati-com\/uploads\/2026\/03\/i-m-g-2955.png\" target=\"_blank\" rel=\"noopener\"><img loading=\"lazy\" decoding=\"async\" class=\"detail-photo img-fluid\" src=\"https:\/\/haberinsaaticom.teimg.com\/haberinsaati-com\/uploads\/2026\/03\/i-m-g-2955.png\" alt=\"\" width=\"1282\" height=\"538\" \/><\/a><\/p>\n<p><strong>\u201cDiaspora Art\u0131k Karar Mekanizmalar\u0131nda Yer Almal\u0131\u201d<\/strong><\/p>\n<p>UID Genel Ba\u015fkan Yard\u0131mc\u0131s\u0131 Halil Demir ise konu\u015fmas\u0131nda Ramazan ay\u0131n\u0131n karde\u015flik ba\u011flar\u0131n\u0131 g\u00fc\u00e7lendiren \u00f6nemli bir d\u00f6nem oldu\u011funu ifade etti. Avrupa\u2019daki T\u00fcrk toplumunun art\u0131k ge\u00e7ici misafir olmad\u0131\u011f\u0131n\u0131 belirten Demir, \u00fc\u00e7\u00fcnc\u00fc ve d\u00f6rd\u00fcnc\u00fc neslin Avrupa toplumunun ayr\u0131lmaz bir par\u00e7as\u0131 haline geldi\u011fini s\u00f6yledi.<\/p>\n<p>Demir, T\u00fcrk toplumunun sosyal, k\u00fclt\u00fcrel ve ekonomik alanlarda Avrupa\u2019ya \u00f6nemli katk\u0131lar sundu\u011funu vurgulayarak, bundan sonraki s\u00fcre\u00e7te diaspora toplumunun karar mekanizmalar\u0131nda daha aktif rol almas\u0131 gerekti\u011fini dile getirdi.<\/p>\n<p>&nbsp;<\/p>\n<p><a class=\"fancybox my-3\" title=\"\" href=\"https:\/\/haberinsaaticom.teimg.com\/haberinsaati-com\/uploads\/2026\/03\/i-m-g-2952.jpeg\" target=\"_blank\" rel=\"noopener\"><img loading=\"lazy\" decoding=\"async\" class=\"detail-photo img-fluid\" src=\"https:\/\/haberinsaaticom.teimg.com\/haberinsaati-com\/uploads\/2026\/03\/i-m-g-2952.jpeg\" alt=\"\" width=\"1219\" height=\"685\" \/><\/a><\/p>\n<p><strong>\u201cT\u00fcrk Toplumu \u0130ki \u00dclke Aras\u0131nda K\u00f6pr\u00fc\u201d<\/strong><\/p>\n<p>T\u00fcrkiye Cumhuriyeti M\u00fcnster Ba\u015fkonsolosu Mehmet \u00d6zg\u00fcn Arman da konu\u015fmas\u0131nda Almanya\u2019ya T\u00fcrk g\u00f6\u00e7\u00fcn\u00fcn 65. y\u0131l\u0131na dikkat \u00e7ekerek, T\u00fcrk toplumunun bug\u00fcn siyasetten akademiye, i\u015f d\u00fcnyas\u0131ndan sanata kadar bir\u00e7ok alanda \u00f6nemli ba\u015far\u0131lar elde etti\u011fini ifade etti.<\/p>\n<p>Arman, Almanya\u2019daki T\u00fcrk toplumunun iki \u00fclke aras\u0131nda g\u00fc\u00e7l\u00fc bir k\u00f6pr\u00fc g\u00f6revi g\u00f6rd\u00fc\u011f\u00fcn\u00fc belirterek, konsolosluk olarak vatanda\u015flarla birlikte T\u00fcrkiye ile Almanya aras\u0131ndaki ili\u015fkileri daha da geli\u015ftirmek i\u00e7in \u00e7al\u0131\u015fmalar\u0131n\u0131 s\u00fcrd\u00fcrd\u00fcklerini s\u00f6yledi.<\/p>\n<p><a class=\"fancybox my-3\" title=\"\" href=\"https:\/\/haberinsaaticom.teimg.com\/haberinsaati-com\/uploads\/2026\/03\/i-m-g-2956.png\" target=\"_blank\" rel=\"noopener\"><img loading=\"lazy\" decoding=\"async\" class=\"detail-photo img-fluid\" src=\"https:\/\/haberinsaaticom.teimg.com\/haberinsaati-com\/uploads\/2026\/03\/i-m-g-2956.png\" alt=\"\" width=\"1290\" height=\"1493\" \/><\/a><\/p>\n<p>&nbsp;<\/p>\n<p><strong>Haluk \u0130pek\u2019ten T\u00fcrkiye Vurgusu<\/strong><\/p>\n<div id=\"ad_121_mobile\" class=\"mb-3 text-center\" data-channel=\"121\" data-advert=\"temedya\" data-rotation=\"120\"><\/div>\n<p>AK Parti Amasya Milletvekili Haluk \u0130pek ise konu\u015fmas\u0131nda Ramazan ay\u0131n\u0131n bereket ve karde\u015flik ay\u0131 oldu\u011funu belirterek, ayn\u0131 sofrada bulu\u015fman\u0131n b\u00fcy\u00fck bir anlam ta\u015f\u0131d\u0131\u011f\u0131n\u0131 ifade etti. Avrupa\u2019da ya\u015fayan T\u00fcrklerin \u00e7al\u0131\u015fkanl\u0131klar\u0131 ve \u00fcretkenlikleriyle bulunduklar\u0131 \u00fclkelere \u00f6nemli katk\u0131lar sundu\u011funu dile getiren \u0130pek, T\u00fcrk toplumunun hem kendi k\u00fclt\u00fcr\u00fcn\u00fc korudu\u011funu hem de ya\u015fad\u0131\u011f\u0131 \u00fclkelere de\u011fer katt\u0131\u011f\u0131n\u0131 s\u00f6yledi.<\/p>\n<p>\u0130pek ayr\u0131ca T\u00fcrkiye\u2019nin son y\u0131llarda b\u00f6lgesinde g\u00fc\u00e7l\u00fc bir konuma ula\u015ft\u0131\u011f\u0131n\u0131 belirterek, Cumhurba\u015fkan\u0131 Recep Tayyip Erdo\u011fan\u2019\u0131n selamlar\u0131n\u0131 da programa kat\u0131lanlara iletti.<\/p>\n<p><a class=\"fancybox my-3\" title=\"\" href=\"https:\/\/haberinsaaticom.teimg.com\/haberinsaati-com\/uploads\/2026\/03\/i-m-g-2957-1.png\" target=\"_blank\" rel=\"noopener\"><img loading=\"lazy\" decoding=\"async\" class=\"detail-photo img-fluid\" src=\"https:\/\/haberinsaaticom.teimg.com\/haberinsaati-com\/uploads\/2026\/03\/i-m-g-2957-1.png\" alt=\"\" width=\"1290\" height=\"1680\" \/><\/a><\/p>\n<p>Program, yap\u0131lan dualar ve iftar\u0131n a\u00e7\u0131lmas\u0131n\u0131n ard\u0131ndan sohbet ortam\u0131nda devam etti. Kat\u0131l\u0131mc\u0131lar, Ramazan ay\u0131n\u0131n manevi atmosferinde birlik ve beraberlik mesajlar\u0131 verdi.<\/p>\n<p><img loading=\"lazy\" decoding=\"async\" class=\"alignnone wp-image-1589\" src=\"https:\/\/lokalbakis.de\/wp-content\/uploads\/2026\/03\/DSC04043-300x169.jpg\" alt=\"\" width=\"1220\" height=\"687\" srcset=\"https:\/\/lokalbakis.de\/wp-content\/uploads\/2026\/03\/DSC04043-300x169.jpg 300w, https:\/\/lokalbakis.de\/wp-content\/uploads\/2026\/03\/DSC04043-1024x576.jpg 1024w, https:\/\/lokalbakis.de\/wp-content\/uploads\/2026\/03\/DSC04043-768x432.jpg 768w, https:\/\/lokalbakis.de\/wp-content\/uploads\/2026\/03\/DSC04043-1536x864.jpg 1536w, https:\/\/lokalbakis.de\/wp-content\/uploads\/2026\/03\/DSC04043-2048x1152.jpg 2048w\" sizes=\"auto, (max-width: 1220px) 100vw, 1220px\" \/><\/p>\n<p><img loading=\"lazy\" decoding=\"async\" class=\"alignnone wp-image-1590\" src=\"https:\/\/lokalbakis.de\/wp-content\/uploads\/2026\/03\/DSC04015-300x169.jpg\" alt=\"\" width=\"1209\" height=\"681\" srcset=\"https:\/\/lokalbakis.de\/wp-content\/uploads\/2026\/03\/DSC04015-300x169.jpg 300w, https:\/\/lokalbakis.de\/wp-content\/uploads\/2026\/03\/DSC04015-1024x576.jpg 1024w, https:\/\/lokalbakis.de\/wp-content\/uploads\/2026\/03\/DSC04015-768x432.jpg 768w, https:\/\/lokalbakis.de\/wp-content\/uploads\/2026\/03\/DSC04015-1536x864.jpg 1536w, https:\/\/lokalbakis.de\/wp-content\/uploads\/2026\/03\/DSC04015-2048x1152.jpg 2048w\" sizes=\"auto, (max-width: 1209px) 100vw, 1209px\" \/><\/p>\n<p>Haber:Ilhan Kilic<\/p>\n","protected":false},"excerpt":{"rendered":"<p>Almanya\u2019n\u0131n Gelsenkirchen kentinde, Uluslararas\u0131 Demokratlar Birli\u011fi (UID) Ruhr B\u00f6lgesi taraf\u0131ndan geni\u015f kat\u0131l\u0131ml\u0131 bir iftar program\u0131 d\u00fczenlendi. \u0130ftar program\u0131na AK Parti Amasya Milletvekili Haluk \u0130pek, UID Genel Ba\u015fkan Yard\u0131mc\u0131s\u0131 Halil Demir, T\u00fcrkiye Cumhuriyeti M\u00fcnster Ba\u015fkonsolosu Mehmet \u00d6zg\u00fcn Arman, T\u00fcrkiye Cumhuriyeti Essen Ba\u015fkonsolosu Taylan \u00d6zg\u00fcr Ayd\u0131n, UID Ruhr B\u00f6lge Ba\u015fkan\u0131 Dursun Ba\u015f, te\u015fkilat \u00fcyeleri, sivil toplum kurulu\u015flar\u0131n\u0131n [&hellip;]<\/p>\n","protected":false},"author":2,"featured_media":1594,"comment_status":"open","ping_status":"open","sticky":false,"template":"","format":"standard","meta":{"_crdt_document":"","_jetpack_memberships_contains_paid_content":false,"footnotes":""},"categories":[7],"tags":[],"class_list":["post-1587","post","type-post","status-publish","format-standard","has-post-thumbnail","hentry","category-guencel"],"jetpack_featured_media_url":"https:\/\/lokalbakis.de\/wp-content\/uploads\/2026\/03\/i-m-g-2958-e1772976303592.webp","jetpack_sharing_enabled":true,"_links":{"self":[{"href":"https:\/\/lokalbakis.de\/index.php?rest_route=\/wp\/v2\/posts\/1587","targetHints":{"allow":["GET"]}}],"collection":[{"href":"https:\/\/lokalbakis.de\/index.php?rest_route=\/wp\/v2\/posts"}],"about":[{"href":"https:\/\/lokalbakis.de\/index.php?rest_route=\/wp\/v2\/types\/post"}],"author":[{"embeddable":true,"href":"https:\/\/lokalbakis.de\/index.php?rest_route=\/wp\/v2\/users\/2"}],"replies":[{"embeddable":true,"href":"https:\/\/lokalbakis.de\/index.php?rest_route=%2Fwp%2Fv2%2Fcomments&post=1587"}],"version-history":[{"count":5,"href":"https:\/\/lokalbakis.de\/index.php?rest_route=\/wp\/v2\/posts\/1587\/revisions"}],"predecessor-version":[{"id":1597,"href":"https:\/\/lokalbakis.de\/index.php?rest_route=\/wp\/v2\/posts\/1587\/revisions\/1597"}],"wp:featuredmedia":[{"embeddable":true,"href":"https:\/\/lokalbakis.de\/index.php?rest_route=\/wp\/v2\/media\/1594"}],"wp:attachment":[{"href":"https:\/\/lokalbakis.de\/index.php?rest_route=%2Fwp%2Fv2%2Fmedia&parent=1587"}],"wp:term":[{"taxonomy":"category","embeddable":true,"href":"https:\/\/lokalbakis.de\/index.php?rest_route=%2Fwp%2Fv2%2Fcategories&post=1587"},{"taxonomy":"post_tag","embeddable":true,"href":"https:\/\/lokalbakis.de\/index.php?rest_route=%2Fwp%2Fv2%2Ftags&post=1587"}],"curies":[{"name":"wp","href":"https:\/\/api.w.org\/{rel}","templated":true}]}}