{"id":1607,"date":"2026-03-08T20:49:46","date_gmt":"2026-03-08T19:49:46","guid":{"rendered":"https:\/\/lokalbakis.de\/?p=1607"},"modified":"2026-03-08T21:00:18","modified_gmt":"2026-03-08T20:00:18","slug":"ruhr-veliler-birliginde-8-mart-coskusu-yilin-emekci-kadini-oeduelue-sabriye-supcuna-verildi","status":"publish","type":"post","link":"https:\/\/lokalbakis.de\/?p=1607","title":{"rendered":"Ruhr Veliler Birli\u011fi\u2019nde 8 Mart Co\u015fkusu: \u201cY\u0131l\u0131n Emek\u00e7i Kad\u0131n\u0131 \u00d6d\u00fcl\u00fc\u201d Sabriye Sup\u00e7un\u2019a Verildi"},"content":{"rendered":"<p data-start=\"99\" data-end=\"454\">Almanya\u2019n\u0131n Kuzey Ren-Vestfalya (NRW) eyaletinde faaliyet g\u00f6steren Ruhr Veliler Birli\u011fi, 8 Mart D\u00fcnya Emek\u00e7i Kad\u0131nlar G\u00fcn\u00fc dolay\u0131s\u0131yla anlaml\u0131 bir etkinli\u011fe imza att\u0131. Yo\u011fun kat\u0131l\u0131mla ger\u00e7ekle\u015fen programda, kad\u0131nlar\u0131n toplumsal ya\u015famda \u00fcstlendi\u011fi \u00f6nemli rol vurgulan\u0131rken, <strong data-start=\"372\" data-end=\"403\">\u201cY\u0131l\u0131n Emek\u00e7i Kad\u0131n\u0131 \u00d6d\u00fcl\u00fc\u201d<\/strong> bu y\u0131l <strong data-start=\"411\" data-end=\"439\">Sabriye Kubilay Sup\u00e7un\u2019a<\/strong> takdim edildi.<\/p>\n<p data-start=\"456\" data-end=\"780\">Ruhr Veliler Birli\u011fi taraf\u0131ndan d\u00fczenlenen ve y\u00f6netim kurulu \u00fcyeleri <strong data-start=\"525\" data-end=\"540\">Sinem Akba\u015f<\/strong> ile <strong data-start=\"545\" data-end=\"564\">Bilge \u00c7\u0131rako\u011flu<\/strong>\u2019nun moderat\u00f6rl\u00fc\u011f\u00fcn\u00fc yapt\u0131\u011f\u0131 etkinlikte, kad\u0131nlar\u0131n ya\u015fad\u0131\u011f\u0131 ac\u0131lar, e\u015fitsizlikler ve ayr\u0131mc\u0131l\u0131\u011fa dikkat \u00e7ekilirken; sunumlar, tiyatral g\u00f6steriler, \u015fiirler ve m\u00fczik dinletileriyle 8 Mart\u2019\u0131n anlam ve \u00f6nemi vurguland\u0131.<\/p>\n<p data-start=\"456\" data-end=\"780\"><img loading=\"lazy\" decoding=\"async\" class=\"alignnone wp-image-1601\" src=\"https:\/\/lokalbakis.de\/wp-content\/uploads\/2026\/03\/WhatsApp-Image-2026-03-08-at-17.21.18-3-300x157.jpeg\" alt=\"\" width=\"1171\" height=\"613\" srcset=\"https:\/\/lokalbakis.de\/wp-content\/uploads\/2026\/03\/WhatsApp-Image-2026-03-08-at-17.21.18-3-300x157.jpeg 300w, https:\/\/lokalbakis.de\/wp-content\/uploads\/2026\/03\/WhatsApp-Image-2026-03-08-at-17.21.18-3-1024x535.jpeg 1024w, https:\/\/lokalbakis.de\/wp-content\/uploads\/2026\/03\/WhatsApp-Image-2026-03-08-at-17.21.18-3-768x401.jpeg 768w\" sizes=\"auto, (max-width: 1171px) 100vw, 1171px\" \/><\/p>\n<h3 data-section-id=\"194x4wx\" data-start=\"782\" data-end=\"829\">Kad\u0131nlar\u0131n Toplumsal Hayattaki Rol\u00fcne Vurgu<\/h3>\n<p data-start=\"831\" data-end=\"1322\">Program\u0131n a\u00e7\u0131l\u0131\u015f konu\u015fmas\u0131n\u0131 yapan Ruhr Veliler Birli\u011fi E\u015f Ba\u015fkan\u0131 <strong data-start=\"898\" data-end=\"916\">Fatime Okuyucu<\/strong>, bu y\u0131lki 8 Mart D\u00fcnya Emek\u00e7i Kad\u0131nlar G\u00fcn\u00fc\u2019n\u00fcn Ramazan ay\u0131na denk gelmesi sebebiyle etkinli\u011fi iftar program\u0131yla birlikte d\u00fczenlediklerini belirtti. Okuyucu, sivil toplum kurulu\u015flar\u0131n\u0131n \u00f6nemine dikkat \u00e7ekerek, Ruhr Veliler Birli\u011fi\u2019nin \u00e7o\u011funlu\u011fu kad\u0131nlardan olu\u015fan \u00fcyeleriyle kad\u0131nlar\u0131n <strong data-start=\"1203\" data-end=\"1268\">sosyoekonomik ve siyasal hayata aktif kat\u0131l\u0131m\u0131n\u0131 desteklemeyi<\/strong> temel hedeflerinden biri olarak g\u00f6rd\u00fc\u011f\u00fcn\u00fc ifade etti.<\/p>\n<p data-start=\"1324\" data-end=\"1505\">Ard\u0131ndan s\u00f6z alan E\u015f Ba\u015fkan <strong data-start=\"1352\" data-end=\"1367\">Dr. Ali Sak<\/strong> ise derne\u011fin kad\u0131nlar\u0131n toplumsal konumunun g\u00fc\u00e7lendirilmesi i\u00e7in y\u00fcr\u00fctt\u00fc\u011f\u00fc \u00e7al\u0131\u015fmalar\u0131 anlatarak, bu alandaki projelerin \u00f6nemine de\u011findi.<\/p>\n<p data-start=\"1324\" data-end=\"1505\"><img loading=\"lazy\" decoding=\"async\" class=\"alignnone wp-image-1600\" src=\"https:\/\/lokalbakis.de\/wp-content\/uploads\/2026\/03\/WhatsApp-Image-2026-03-08-at-17.21.18-4-300x172.jpeg\" alt=\"\" width=\"1174\" height=\"673\" \/><\/p>\n<h3 data-section-id=\"1gjeqae\" data-start=\"1507\" data-end=\"1541\">K\u00fclt\u00fcr ve Sanatla Dolu Program<\/h3>\n<p data-start=\"1543\" data-end=\"1731\">A\u00e7\u0131l\u0131\u015f konu\u015fmalar\u0131n\u0131n ard\u0131ndan davetliler iftar program\u0131nda bir araya geldi. \u0130ftar\u0131n ard\u0131ndan ger\u00e7ekle\u015ftirilen <strong data-start=\"1654\" data-end=\"1693\">D\u00fcnya Emek\u00e7i Kad\u0131nlar G\u00fcn\u00fc program\u0131<\/strong>, renkli ve anlaml\u0131 anlara sahne oldu.<\/p>\n<p data-start=\"1733\" data-end=\"2167\">Dernek \u00fcyelerinin sahneledi\u011fi trajikomik ske\u00e7 b\u00fcy\u00fck be\u011feni toplarken, dernek ba\u015fkan yard\u0131mc\u0131lar\u0131ndan <strong data-start=\"1834\" data-end=\"1878\">Funda Tun\u00e7t\u00fcrk\u2019\u00fcn \u201cFalc\u0131 Bac\u0131\u201d tiplemesi<\/strong> izleyicileri kahkahaya bo\u011fdu. Etkinlikte \u00e7o\u011funlu\u011fu d\u00fcet \u015feklinde okunan \u015fiirler programa duygusal bir atmosfer katarken, m\u00fczik dinletisinde <strong data-start=\"2019\" data-end=\"2155\">Kaz\u0131m Birlik, Bilgin K\u0131l\u0131\u00e7, Mehmet Hasaligil, Bahram Tural, Murat Ko\u00e7ak, Bilge \u00c7\u0131rako\u011flu, Figen D\u00f6nmez, Elif Y\u0131ld\u0131r\u0131m ve Ula\u015f \u00d6za\u011fa\u00e7<\/strong> sahne ald\u0131.<\/p>\n<p data-start=\"1733\" data-end=\"2167\"><img loading=\"lazy\" decoding=\"async\" class=\"alignnone wp-image-1603\" src=\"https:\/\/lokalbakis.de\/wp-content\/uploads\/2026\/03\/WhatsApp-Image-2026-03-08-at-17.21.18-5-e1772999113902-300x251.jpeg\" alt=\"\" width=\"1164\" height=\"974\" srcset=\"https:\/\/lokalbakis.de\/wp-content\/uploads\/2026\/03\/WhatsApp-Image-2026-03-08-at-17.21.18-5-e1772999113902-300x251.jpeg 300w, https:\/\/lokalbakis.de\/wp-content\/uploads\/2026\/03\/WhatsApp-Image-2026-03-08-at-17.21.18-5-e1772999113902.jpeg 518w\" sizes=\"auto, (max-width: 1164px) 100vw, 1164px\" \/><\/p>\n<h3 data-section-id=\"1bip0p\" data-start=\"2169\" data-end=\"2209\">\u201cY\u0131l\u0131n Emek\u00e7i Kad\u0131n\u0131\u201d Sabriye Sup\u00e7un<\/h3>\n<p data-start=\"2211\" data-end=\"2398\">Program\u0131n en anlaml\u0131 b\u00f6l\u00fcm\u00fc ise Ruhr Veliler Birli\u011fi taraf\u0131ndan geleneksel olarak verilen <strong data-start=\"2301\" data-end=\"2332\">\u201cY\u0131l\u0131n Emek\u00e7i Kad\u0131n\u0131 \u00d6d\u00fcl\u00fc\u201d<\/strong> oldu. 2026 y\u0131l\u0131 \u00f6d\u00fcl\u00fcne <strong data-start=\"2357\" data-end=\"2383\">Sabriye Kubilay Sup\u00e7un<\/strong> lay\u0131k g\u00f6r\u00fcld\u00fc.<\/p>\n<p data-start=\"2400\" data-end=\"2708\">Uzun y\u0131llard\u0131r Almanya\u2019da ve \u00f6zellikle <strong data-start=\"2439\" data-end=\"2539\">Kuzey Ren-Vestfalya\u2019daki T\u00fcrk toplumunun sosyal ve toplumsal uyumu i\u00e7in aktif \u00e7al\u0131\u015fmalar y\u00fcr\u00fcten<\/strong> Sup\u00e7un\u2019a \u00f6d\u00fcl; Ruhr Veliler Birli\u011fi E\u015f Ba\u015fkanlar\u0131 <strong data-start=\"2590\" data-end=\"2605\">Dr. Ali Sak<\/strong> ve <strong data-start=\"2609\" data-end=\"2627\">Fatime Okuyucu<\/strong> ile bir \u00f6nceki y\u0131l\u0131n \u00f6d\u00fcl sahibi <strong data-start=\"2661\" data-end=\"2682\">Dr. Aysun Aydemir<\/strong> taraf\u0131ndan takdim edildi.<\/p>\n<p data-start=\"2710\" data-end=\"2812\">\u00d6d\u00fcl takdiminde yap\u0131lan konu\u015fmada Sabriye Sup\u00e7un\u2019un toplum i\u00e7in verdi\u011fi emek \u015fu s\u00f6zlerle ifade edildi:<\/p>\n<p data-start=\"2814\" data-end=\"3217\">\u201cSabriye Sup\u00e7un sadece kendi hayat hikayesinin kahraman\u0131 de\u011fil; cesaretin, sadakatin ve Cumhuriyet de\u011ferlerinin ya\u015fayan bir timsalidir. Hem ki\u015fisel hayat\u0131ndaki zorluklar\u0131 a\u015fm\u0131\u015f hem de toplumun geli\u015fimine katk\u0131 sunmu\u015ftur. Almanya\u2019daki T\u00fcrk toplumunun k\u00fclt\u00fcrel kimli\u011fini korumas\u0131 ve birlik i\u00e7inde g\u00fc\u00e7lenmesi i\u00e7in g\u00f6sterdi\u011fi \u00e7aba, onu modern T\u00fcrk kad\u0131n\u0131n\u0131n azminin g\u00fc\u00e7l\u00fc bir temsilcisi haline getirmi\u015ftir.\u201d<\/p>\n<p data-start=\"3219\" data-end=\"3320\">Program, davetlilerin g\u00fcn\u00fcn anlam ve \u00f6nemine dair okuduklar\u0131 \u015fiirler ve m\u00fczik dinletisiyle sona erdi.<\/p>\n<p data-start=\"3219\" data-end=\"3320\"><img loading=\"lazy\" decoding=\"async\" class=\"alignnone wp-image-1599 \" src=\"https:\/\/lokalbakis.de\/wp-content\/uploads\/2026\/03\/WhatsApp-Image-2026-03-08-at-17.21.18-1-e1772999027185-300x231.jpeg\" alt=\"\" width=\"1232\" height=\"949\" srcset=\"https:\/\/lokalbakis.de\/wp-content\/uploads\/2026\/03\/WhatsApp-Image-2026-03-08-at-17.21.18-1-e1772999027185-300x231.jpeg 300w, https:\/\/lokalbakis.de\/wp-content\/uploads\/2026\/03\/WhatsApp-Image-2026-03-08-at-17.21.18-1-e1772999027185.jpeg 446w\" sizes=\"auto, (max-width: 1232px) 100vw, 1232px\" \/><\/p>\n","protected":false},"excerpt":{"rendered":"<p>Almanya\u2019n\u0131n Kuzey Ren-Vestfalya (NRW) eyaletinde faaliyet g\u00f6steren Ruhr Veliler Birli\u011fi, 8 Mart D\u00fcnya Emek\u00e7i Kad\u0131nlar G\u00fcn\u00fc dolay\u0131s\u0131yla anlaml\u0131 bir etkinli\u011fe imza att\u0131. Yo\u011fun kat\u0131l\u0131mla ger\u00e7ekle\u015fen programda, kad\u0131nlar\u0131n toplumsal ya\u015famda \u00fcstlendi\u011fi \u00f6nemli rol vurgulan\u0131rken, \u201cY\u0131l\u0131n Emek\u00e7i Kad\u0131n\u0131 \u00d6d\u00fcl\u00fc\u201d bu y\u0131l Sabriye Kubilay Sup\u00e7un\u2019a takdim edildi. Ruhr Veliler Birli\u011fi taraf\u0131ndan d\u00fczenlenen ve y\u00f6netim kurulu \u00fcyeleri Sinem Akba\u015f [&hellip;]<\/p>\n","protected":false},"author":2,"featured_media":1602,"comment_status":"open","ping_status":"open","sticky":false,"template":"","format":"standard","meta":{"_crdt_document":"","_jetpack_memberships_contains_paid_content":false,"footnotes":""},"categories":[7],"tags":[],"class_list":["post-1607","post","type-post","status-publish","format-standard","has-post-thumbnail","hentry","category-guencel"],"jetpack_featured_media_url":"https:\/\/lokalbakis.de\/wp-content\/uploads\/2026\/03\/WhatsApp-Image-2026-03-08-at-17.21.18-2.jpeg","jetpack_sharing_enabled":true,"_links":{"self":[{"href":"https:\/\/lokalbakis.de\/index.php?rest_route=\/wp\/v2\/posts\/1607","targetHints":{"allow":["GET"]}}],"collection":[{"href":"https:\/\/lokalbakis.de\/index.php?rest_route=\/wp\/v2\/posts"}],"about":[{"href":"https:\/\/lokalbakis.de\/index.php?rest_route=\/wp\/v2\/types\/post"}],"author":[{"embeddable":true,"href":"https:\/\/lokalbakis.de\/index.php?rest_route=\/wp\/v2\/users\/2"}],"replies":[{"embeddable":true,"href":"https:\/\/lokalbakis.de\/index.php?rest_route=%2Fwp%2Fv2%2Fcomments&post=1607"}],"version-history":[{"count":2,"href":"https:\/\/lokalbakis.de\/index.php?rest_route=\/wp\/v2\/posts\/1607\/revisions"}],"predecessor-version":[{"id":1609,"href":"https:\/\/lokalbakis.de\/index.php?rest_route=\/wp\/v2\/posts\/1607\/revisions\/1609"}],"wp:featuredmedia":[{"embeddable":true,"href":"https:\/\/lokalbakis.de\/index.php?rest_route=\/wp\/v2\/media\/1602"}],"wp:attachment":[{"href":"https:\/\/lokalbakis.de\/index.php?rest_route=%2Fwp%2Fv2%2Fmedia&parent=1607"}],"wp:term":[{"taxonomy":"category","embeddable":true,"href":"https:\/\/lokalbakis.de\/index.php?rest_route=%2Fwp%2Fv2%2Fcategories&post=1607"},{"taxonomy":"post_tag","embeddable":true,"href":"https:\/\/lokalbakis.de\/index.php?rest_route=%2Fwp%2Fv2%2Ftags&post=1607"}],"curies":[{"name":"wp","href":"https:\/\/api.w.org\/{rel}","templated":true}]}}