{"id":1614,"date":"2026-03-08T22:26:47","date_gmt":"2026-03-08T21:26:47","guid":{"rendered":"https:\/\/lokalbakis.de\/?p=1614"},"modified":"2026-03-08T22:41:45","modified_gmt":"2026-03-08T21:41:45","slug":"koelnde-ramazan-bulusmasi-iftar-programinda-birlik-adalet-ve-insan-onuru-mesaji","status":"publish","type":"post","link":"https:\/\/lokalbakis.de\/?p=1614","title":{"rendered":"K\u00f6ln\u2019de Ramazan Bulu\u015fmas\u0131: \u0130ftar Program\u0131nda Birlik, Adalet ve \u0130nsan Onuru Mesaj\u0131"},"content":{"rendered":"<p data-start=\"274\" data-end=\"638\"><strong>K\u00f6ln.<\/strong> \u0130slam Toplumu Mill\u00ee G\u00f6r\u00fc\u015f (IGMG) taraf\u0131ndan Almanya\u2019n\u0131n K\u00f6ln kentindeki genel merkezinde Ramazan ay\u0131 dolay\u0131s\u0131yla geni\u015f kat\u0131l\u0131ml\u0131 bir iftar program\u0131 d\u00fczenlendi. Farkl\u0131 inan\u00e7 ve kurumlardan davetlilerin bir araya geldi\u011fi programda, toplumsal dayan\u0131\u015fma, adalet ve insan onurunun korunmas\u0131 gibi evrensel de\u011ferler \u00f6n plana \u00e7\u0131kt\u0131.<\/p>\n<p data-start=\"274\" data-end=\"638\"><img loading=\"lazy\" decoding=\"async\" class=\"alignnone wp-image-1615\" src=\"https:\/\/lokalbakis.de\/wp-content\/uploads\/2026\/03\/DSC03806-300x169.jpg\" alt=\"\" width=\"1180\" height=\"665\" srcset=\"https:\/\/lokalbakis.de\/wp-content\/uploads\/2026\/03\/DSC03806-300x169.jpg 300w, https:\/\/lokalbakis.de\/wp-content\/uploads\/2026\/03\/DSC03806-1024x576.jpg 1024w, https:\/\/lokalbakis.de\/wp-content\/uploads\/2026\/03\/DSC03806-768x432.jpg 768w, https:\/\/lokalbakis.de\/wp-content\/uploads\/2026\/03\/DSC03806-1536x864.jpg 1536w, https:\/\/lokalbakis.de\/wp-content\/uploads\/2026\/03\/DSC03806-2048x1152.jpg 2048w\" sizes=\"auto, (max-width: 1180px) 100vw, 1180px\" \/><\/p>\n<p data-start=\"640\" data-end=\"1447\">\u0130ftar program\u0131; diplomasi, siyaset, akademi ve sivil toplum d\u00fcnyas\u0131ndan \u00e7ok say\u0131da \u00f6nemli ismi ayn\u0131 sofrada bulu\u015fturdu. Program\u0131n davetlileri aras\u0131nda T\u00fcrkiye Cumhuriyeti K\u00f6ln Ba\u015fkonsolosu <strong data-start=\"829\" data-end=\"850\">H\u00fcseyin Kantem Al<\/strong>, D\u0130T\u0130B Genel Ba\u015fkan\u0131 <strong data-start=\"872\" data-end=\"891\">Ramazan Il\u0131kkan<\/strong>, AT\u0130B Genel Ba\u015fkan\u0131 <strong data-start=\"912\" data-end=\"930\">Ali Pa\u015fa Akba\u015f<\/strong>, UNO-Fl\u00fcchtlingshilfe Ulusal Direkt\u00f6r\u00fc <strong data-start=\"970\" data-end=\"989\">Mark Ankerstein<\/strong>, Almanya Protestan Kilisesi temsilcilerinden <strong data-start=\"1035\" data-end=\"1059\">Dr. Andreas Herrmann<\/strong>, CDU eski Federal Milletvekili <strong data-start=\"1091\" data-end=\"1110\">Gisela Manderla<\/strong>, CDU K\u00f6ln Fraksiyon Ba\u015fkan\u0131 <strong data-start=\"1139\" data-end=\"1157\">Bernd Petelkau<\/strong>, CDU K\u00f6ln Fraksiyon Ba\u015fkan Yard\u0131mc\u0131s\u0131 <strong data-start=\"1196\" data-end=\"1211\">Ayfer Ers\u00f6z<\/strong>, Erlangen \u00dcniversitesi\u2019nden <strong data-start=\"1240\" data-end=\"1262\">Dr. J\u00f6rn Thielmann<\/strong>, akademisyen <strong data-start=\"1276\" data-end=\"1298\">Prof. Merdan G\u00fcne\u015f<\/strong>, Frankfurt \u00dcniversitesi\u2019nden <strong data-start=\"1328\" data-end=\"1348\">Prof. Bekim Agai<\/strong> ve Katolik Kilisesi\u2019nden <strong data-start=\"1374\" data-end=\"1397\">Prof. Thomas Lemmen<\/strong> yer ald\u0131.<\/p>\n<p data-start=\"640\" data-end=\"1447\"><img loading=\"lazy\" decoding=\"async\" class=\"alignnone wp-image-1618\" src=\"https:\/\/lokalbakis.de\/wp-content\/uploads\/2026\/03\/DSC03807-300x169.jpg\" alt=\"\" width=\"1170\" height=\"659\" srcset=\"https:\/\/lokalbakis.de\/wp-content\/uploads\/2026\/03\/DSC03807-300x169.jpg 300w, https:\/\/lokalbakis.de\/wp-content\/uploads\/2026\/03\/DSC03807-1024x576.jpg 1024w, https:\/\/lokalbakis.de\/wp-content\/uploads\/2026\/03\/DSC03807-768x432.jpg 768w, https:\/\/lokalbakis.de\/wp-content\/uploads\/2026\/03\/DSC03807-1536x864.jpg 1536w, https:\/\/lokalbakis.de\/wp-content\/uploads\/2026\/03\/DSC03807-2048x1152.jpg 2048w\" sizes=\"auto, (max-width: 1170px) 100vw, 1170px\" \/><\/p>\n<h2 data-section-id=\"197v8c5\" data-start=\"1449\" data-end=\"1497\">Kemal Erg\u00fcn: \u201cAdalet ortak sorumlulu\u011fumuzdur\u201d<\/h2>\n<p data-start=\"1499\" data-end=\"1679\">Program\u0131n a\u00e7\u0131l\u0131\u015f konu\u015fmas\u0131n\u0131 yapan IGMG Genel Ba\u015fkan\u0131 <strong data-start=\"1553\" data-end=\"1568\">Kemal Erg\u00fcn<\/strong>, insan onurunun korunmas\u0131n\u0131n ve adaletin sa\u011flanmas\u0131n\u0131n t\u00fcm toplumlar\u0131n ortak sorumlulu\u011fu oldu\u011funu vurgulad\u0131.<\/p>\n<p data-start=\"1499\" data-end=\"1679\"><img loading=\"lazy\" decoding=\"async\" class=\"alignnone wp-image-1625 \" src=\"https:\/\/lokalbakis.de\/wp-content\/uploads\/2026\/03\/DSC03850-300x169.jpg\" alt=\"\" width=\"1228\" height=\"692\" srcset=\"https:\/\/lokalbakis.de\/wp-content\/uploads\/2026\/03\/DSC03850-300x169.jpg 300w, https:\/\/lokalbakis.de\/wp-content\/uploads\/2026\/03\/DSC03850-1024x576.jpg 1024w, https:\/\/lokalbakis.de\/wp-content\/uploads\/2026\/03\/DSC03850-768x432.jpg 768w, https:\/\/lokalbakis.de\/wp-content\/uploads\/2026\/03\/DSC03850-1536x864.jpg 1536w, https:\/\/lokalbakis.de\/wp-content\/uploads\/2026\/03\/DSC03850-2048x1152.jpg 2048w\" sizes=\"auto, (max-width: 1228px) 100vw, 1228px\" \/><\/p>\n<p data-start=\"1681\" data-end=\"2014\">Erg\u00fcn konu\u015fmas\u0131nda, d\u00fcnyan\u0131n farkl\u0131 b\u00f6lgelerinde ya\u015fanan kriz ve sava\u015flar\u0131n insan haklar\u0131n\u0131n ne kadar k\u0131r\u0131lgan oldu\u011funu g\u00f6sterdi\u011fini belirterek, \u201cZul\u00fcm kar\u015f\u0131s\u0131nda tarafs\u0131z kalmak masum bir tutum de\u011fildir. Adaleti sadece kendimiz i\u00e7in de\u011fil herkes i\u00e7in istemek zorunday\u0131z\u201d ifadelerini kulland\u0131.<\/p>\n<p><iframe loading=\"lazy\" title=\"IGMG K\u00f6ln iftar 2026\" width=\"800\" height=\"450\" src=\"https:\/\/www.youtube.com\/embed\/1ZlAtgnRaMw?feature=oembed\" frameborder=\"0\" allow=\"accelerometer; autoplay; clipboard-write; encrypted-media; gyroscope; picture-in-picture; web-share\" referrerpolicy=\"strict-origin-when-cross-origin\" allowfullscreen><\/iframe><\/p>\n<p data-start=\"2016\" data-end=\"2309\">Ayr\u0131ca Avrupa\u2019da ya\u015fayan M\u00fcsl\u00fcmanlar\u0131n bu toplumlar\u0131n misafiri de\u011fil, ortak gelece\u011finin bir par\u00e7as\u0131 oldu\u011funu vurgulayan Erg\u00fcn, iftar program\u0131n\u0131n mottosunu \u015fu s\u00f6zlerle dile getirdi: <strong data-start=\"2199\" data-end=\"2269\">\u201cYarat\u0131l\u0131\u015fta biriz ve bu birlik bizi sorumlulukta da ortak k\u0131lar.\u201d<\/strong><\/p>\n<p data-start=\"2016\" data-end=\"2309\"><img loading=\"lazy\" decoding=\"async\" class=\"alignnone wp-image-1624\" src=\"https:\/\/lokalbakis.de\/wp-content\/uploads\/2026\/03\/DSC03818-300x169.jpg\" alt=\"\" width=\"1182\" height=\"666\" srcset=\"https:\/\/lokalbakis.de\/wp-content\/uploads\/2026\/03\/DSC03818-300x169.jpg 300w, https:\/\/lokalbakis.de\/wp-content\/uploads\/2026\/03\/DSC03818-1024x576.jpg 1024w, https:\/\/lokalbakis.de\/wp-content\/uploads\/2026\/03\/DSC03818-768x432.jpg 768w, https:\/\/lokalbakis.de\/wp-content\/uploads\/2026\/03\/DSC03818-1536x864.jpg 1536w, https:\/\/lokalbakis.de\/wp-content\/uploads\/2026\/03\/DSC03818-2048x1152.jpg 2048w\" sizes=\"auto, (max-width: 1182px) 100vw, 1182px\" \/><\/p>\n<h2 data-section-id=\"r3a9l2\" data-start=\"2311\" data-end=\"2371\">Ba\u015fkonsolos Al: \u201cRamazan dayan\u0131\u015fman\u0131n en g\u00fczel \u00f6rne\u011fidir\u201d<\/h2>\n<p data-start=\"2373\" data-end=\"2555\">T\u00fcrkiye Cumhuriyeti K\u00f6ln Ba\u015fkonsolosu <strong data-start=\"2411\" data-end=\"2432\">H\u00fcseyin Kantem Al<\/strong> da konu\u015fmas\u0131nda Ramazan ay\u0131n\u0131n birlik, payla\u015fma ve dayan\u0131\u015fma duygular\u0131n\u0131 g\u00fc\u00e7lendiren \u00f6zel bir d\u00f6nem oldu\u011funu ifade etti.<\/p>\n<p data-start=\"2373\" data-end=\"2555\"><img loading=\"lazy\" decoding=\"async\" class=\"alignnone wp-image-1617\" src=\"https:\/\/lokalbakis.de\/wp-content\/uploads\/2026\/03\/DSC03810-300x169.jpg\" alt=\"\" width=\"1166\" height=\"657\" srcset=\"https:\/\/lokalbakis.de\/wp-content\/uploads\/2026\/03\/DSC03810-300x169.jpg 300w, https:\/\/lokalbakis.de\/wp-content\/uploads\/2026\/03\/DSC03810-1024x576.jpg 1024w, https:\/\/lokalbakis.de\/wp-content\/uploads\/2026\/03\/DSC03810-768x432.jpg 768w, https:\/\/lokalbakis.de\/wp-content\/uploads\/2026\/03\/DSC03810-1536x864.jpg 1536w, https:\/\/lokalbakis.de\/wp-content\/uploads\/2026\/03\/DSC03810-2048x1152.jpg 2048w\" sizes=\"auto, (max-width: 1166px) 100vw, 1166px\" \/><\/p>\n<p data-start=\"2557\" data-end=\"2791\">Bu t\u00fcr programlar\u0131n farkl\u0131 k\u00fclt\u00fcr ve inan\u00e7lardan insanlar\u0131n bir araya gelmesine katk\u0131 sa\u011flad\u0131\u011f\u0131n\u0131 belirten Al, kar\u015f\u0131l\u0131kl\u0131 sayg\u0131 ve diyalogun toplumsal bar\u0131\u015f i\u00e7in b\u00fcy\u00fck \u00f6nem ta\u015f\u0131d\u0131\u011f\u0131n\u0131 vurgulad\u0131.<\/p>\n<p data-start=\"2557\" data-end=\"2791\">\n<h2 data-section-id=\"1wz8cmy\" data-start=\"2793\" data-end=\"2847\">Ali Mete: \u201c\u0130nsan onurunu korumak bir sorumluluktur\u201d<\/h2>\n<p data-start=\"2849\" data-end=\"3040\">IGMG Genel Sekreteri <strong data-start=\"2870\" data-end=\"2882\">Ali Mete<\/strong> ise konu\u015fmas\u0131nda Ramazan\u2019\u0131n sadece oru\u00e7 ibadetiyle s\u0131n\u0131rl\u0131 olmad\u0131\u011f\u0131n\u0131, ayn\u0131 zamanda insan\u0131 insan yapan de\u011ferleri yeniden hat\u0131rlama zaman\u0131 oldu\u011funu s\u00f6yledi.<\/p>\n<p data-start=\"2849\" data-end=\"3040\"><img loading=\"lazy\" decoding=\"async\" class=\"alignnone  wp-image-1629\" src=\"https:\/\/lokalbakis.de\/wp-content\/uploads\/2026\/03\/DSC03836-300x169.jpg\" alt=\"\" width=\"1191\" height=\"671\" srcset=\"https:\/\/lokalbakis.de\/wp-content\/uploads\/2026\/03\/DSC03836-300x169.jpg 300w, https:\/\/lokalbakis.de\/wp-content\/uploads\/2026\/03\/DSC03836-1024x576.jpg 1024w, https:\/\/lokalbakis.de\/wp-content\/uploads\/2026\/03\/DSC03836-768x432.jpg 768w, https:\/\/lokalbakis.de\/wp-content\/uploads\/2026\/03\/DSC03836-1536x864.jpg 1536w, https:\/\/lokalbakis.de\/wp-content\/uploads\/2026\/03\/DSC03836-2048x1152.jpg 2048w\" sizes=\"auto, (max-width: 1191px) 100vw, 1191px\" \/><\/p>\n<p data-start=\"3042\" data-end=\"3240\">\u0130nsan onurunun do\u011fu\u015ftan gelen evrensel bir hak oldu\u011funu belirten Mete, adaletsizlik kar\u015f\u0131s\u0131nda sessiz kalmaman\u0131n ahlaki bir sorumluluk oldu\u011funa dikkat \u00e7ekti. Mete, bu konuda \u015fu ifadeleri kulland\u0131: <strong data-start=\"3242\" data-end=\"3333\">\u201c\u0130nsan onurunu korumak ve bar\u0131\u015f i\u00e7in \u00e7aba g\u00f6stermek bizim i\u00e7in bir ibadet anlay\u0131\u015f\u0131d\u0131r.\u201d<\/strong><\/p>\n<p data-start=\"3042\" data-end=\"3240\"><img loading=\"lazy\" decoding=\"async\" class=\"alignnone wp-image-1623\" src=\"https:\/\/lokalbakis.de\/wp-content\/uploads\/2026\/03\/DSC03815-300x169.jpg\" alt=\"\" width=\"1186\" height=\"668\" srcset=\"https:\/\/lokalbakis.de\/wp-content\/uploads\/2026\/03\/DSC03815-300x169.jpg 300w, https:\/\/lokalbakis.de\/wp-content\/uploads\/2026\/03\/DSC03815-1024x576.jpg 1024w, https:\/\/lokalbakis.de\/wp-content\/uploads\/2026\/03\/DSC03815-768x432.jpg 768w, https:\/\/lokalbakis.de\/wp-content\/uploads\/2026\/03\/DSC03815-1536x864.jpg 1536w, https:\/\/lokalbakis.de\/wp-content\/uploads\/2026\/03\/DSC03815-2048x1152.jpg 2048w\" sizes=\"auto, (max-width: 1186px) 100vw, 1186px\" \/><\/p>\n<h2 data-section-id=\"1j4f8yh\" data-start=\"3375\" data-end=\"3401\">Oru\u00e7lar dualarla a\u00e7\u0131ld\u0131<\/h2>\n<p data-start=\"3403\" data-end=\"3733\">Konu\u015fmalar\u0131n ard\u0131ndan ak\u015fam ezan\u0131n\u0131n okunmas\u0131yla birlikte davetliler hep birlikte oru\u00e7lar\u0131n\u0131 a\u00e7t\u0131. Farkl\u0131 kesimlerden kat\u0131l\u0131mc\u0131lar\u0131 bir araya getiren iftar program\u0131, Ramazan ay\u0131n\u0131n manevi atmosferinde birlik ve dayan\u0131\u015fma mesajlar\u0131n\u0131n payla\u015f\u0131ld\u0131\u011f\u0131 anlaml\u0131 bir bulu\u015fma olarak de\u011ferlendirildi.<\/p>\n<p data-start=\"3403\" data-end=\"3733\"><img loading=\"lazy\" decoding=\"async\" class=\"alignnone wp-image-1622\" src=\"https:\/\/lokalbakis.de\/wp-content\/uploads\/2026\/03\/DSC03814-300x169.jpg\" alt=\"\" width=\"1180\" height=\"665\" srcset=\"https:\/\/lokalbakis.de\/wp-content\/uploads\/2026\/03\/DSC03814-300x169.jpg 300w, https:\/\/lokalbakis.de\/wp-content\/uploads\/2026\/03\/DSC03814-1024x576.jpg 1024w, https:\/\/lokalbakis.de\/wp-content\/uploads\/2026\/03\/DSC03814-768x432.jpg 768w, https:\/\/lokalbakis.de\/wp-content\/uploads\/2026\/03\/DSC03814-1536x864.jpg 1536w, https:\/\/lokalbakis.de\/wp-content\/uploads\/2026\/03\/DSC03814-2048x1152.jpg 2048w\" sizes=\"auto, (max-width: 1180px) 100vw, 1180px\" \/><\/p>\n<p>&nbsp;<\/p>\n","protected":false},"excerpt":{"rendered":"<p>K\u00f6ln. \u0130slam Toplumu Mill\u00ee G\u00f6r\u00fc\u015f (IGMG) taraf\u0131ndan Almanya\u2019n\u0131n K\u00f6ln kentindeki genel merkezinde Ramazan ay\u0131 dolay\u0131s\u0131yla geni\u015f kat\u0131l\u0131ml\u0131 bir iftar program\u0131 d\u00fczenlendi. Farkl\u0131 inan\u00e7 ve kurumlardan davetlilerin bir araya geldi\u011fi programda, toplumsal dayan\u0131\u015fma, adalet ve insan onurunun korunmas\u0131 gibi evrensel de\u011ferler \u00f6n plana \u00e7\u0131kt\u0131. \u0130ftar program\u0131; diplomasi, siyaset, akademi ve sivil toplum d\u00fcnyas\u0131ndan \u00e7ok say\u0131da \u00f6nemli [&hellip;]<\/p>\n","protected":false},"author":2,"featured_media":1621,"comment_status":"open","ping_status":"open","sticky":false,"template":"","format":"standard","meta":{"_crdt_document":"","_jetpack_memberships_contains_paid_content":false,"footnotes":""},"categories":[13,7],"tags":[],"class_list":["post-1614","post","type-post","status-publish","format-standard","has-post-thumbnail","hentry","category-goeruentuelue-haber","category-guencel"],"jetpack_featured_media_url":"https:\/\/lokalbakis.de\/wp-content\/uploads\/2026\/03\/DSC03813-scaled.jpg","jetpack_sharing_enabled":true,"_links":{"self":[{"href":"https:\/\/lokalbakis.de\/index.php?rest_route=\/wp\/v2\/posts\/1614","targetHints":{"allow":["GET"]}}],"collection":[{"href":"https:\/\/lokalbakis.de\/index.php?rest_route=\/wp\/v2\/posts"}],"about":[{"href":"https:\/\/lokalbakis.de\/index.php?rest_route=\/wp\/v2\/types\/post"}],"author":[{"embeddable":true,"href":"https:\/\/lokalbakis.de\/index.php?rest_route=\/wp\/v2\/users\/2"}],"replies":[{"embeddable":true,"href":"https:\/\/lokalbakis.de\/index.php?rest_route=%2Fwp%2Fv2%2Fcomments&post=1614"}],"version-history":[{"count":5,"href":"https:\/\/lokalbakis.de\/index.php?rest_route=\/wp\/v2\/posts\/1614\/revisions"}],"predecessor-version":[{"id":1632,"href":"https:\/\/lokalbakis.de\/index.php?rest_route=\/wp\/v2\/posts\/1614\/revisions\/1632"}],"wp:featuredmedia":[{"embeddable":true,"href":"https:\/\/lokalbakis.de\/index.php?rest_route=\/wp\/v2\/media\/1621"}],"wp:attachment":[{"href":"https:\/\/lokalbakis.de\/index.php?rest_route=%2Fwp%2Fv2%2Fmedia&parent=1614"}],"wp:term":[{"taxonomy":"category","embeddable":true,"href":"https:\/\/lokalbakis.de\/index.php?rest_route=%2Fwp%2Fv2%2Fcategories&post=1614"},{"taxonomy":"post_tag","embeddable":true,"href":"https:\/\/lokalbakis.de\/index.php?rest_route=%2Fwp%2Fv2%2Ftags&post=1614"}],"curies":[{"name":"wp","href":"https:\/\/api.w.org\/{rel}","templated":true}]}}