{"id":1634,"date":"2026-03-09T22:37:40","date_gmt":"2026-03-09T21:37:40","guid":{"rendered":"https:\/\/lokalbakis.de\/?p=1634"},"modified":"2026-03-09T23:04:30","modified_gmt":"2026-03-09T22:04:30","slug":"duisburgda-tiad-iftari-siyaset-is-duenyasi-ve-sivil-toplum-ayni-masada","status":"publish","type":"post","link":"https:\/\/lokalbakis.de\/?p=1634","title":{"rendered":"Duisburg\u2019da T\u0130AD \u0130ftar\u0131: Siyaset, \u0130\u015f D\u00fcnyas\u0131 ve Sivil Toplum Ayn\u0131 Masada"},"content":{"rendered":"<p><strong>Duisburg.<\/strong> T\u00fcrk-Alman \u0130\u015f \u0130nsanlar\u0131 ve Akademisyenler Derne\u011fi (<strong data-start=\"284\" data-end=\"297\">T\u0130AD e.V.<\/strong>), kurulu\u015funun 30. y\u0131l\u0131 vesilesiyle Duisburg\u2019da geni\u015f kat\u0131l\u0131ml\u0131 bir iftar program\u0131 d\u00fczenledi. Waldborn Eventlocation\u2019da ger\u00e7ekle\u015fen etkinlik, sadece bir iftar bulu\u015fmas\u0131 olman\u0131n \u00f6tesinde siyaset, ekonomi ve sivil toplum temsilcilerini ayn\u0131 sofrada bir araya getiren \u00f6nemli bir platforma d\u00f6n\u00fc\u015ft\u00fc. Programda toplumsal birlik, kar\u015f\u0131l\u0131kl\u0131 sayg\u0131 ve diyalog mesajlar\u0131 \u00f6n plana \u00e7\u0131kt\u0131.<\/p>\n<figure class=\"wp-block-gallery has-nested-images columns-default is-cropped wp-block-gallery-1 is-layout-flex wp-block-gallery-is-layout-flex\">\n<figure class=\"wp-block-image size-large\"><img loading=\"lazy\" decoding=\"async\" class=\"wp-image-51324 alignleft\" src=\"https:\/\/lokaleblicke.com\/wp-content\/uploads\/2026\/03\/61-1024x571.jpg\" sizes=\"auto, (max-width: 1024px) 100vw, 1024px\" srcset=\"https:\/\/lokaleblicke.com\/wp-content\/uploads\/2026\/03\/61-1024x571.jpg 1024w, https:\/\/lokaleblicke.com\/wp-content\/uploads\/2026\/03\/61-300x167.jpg 300w, https:\/\/lokaleblicke.com\/wp-content\/uploads\/2026\/03\/61-768x429.jpg 768w, https:\/\/lokaleblicke.com\/wp-content\/uploads\/2026\/03\/61-1536x857.jpg 1536w, https:\/\/lokaleblicke.com\/wp-content\/uploads\/2026\/03\/61-2048x1143.jpg 2048w, https:\/\/lokaleblicke.com\/wp-content\/uploads\/2026\/03\/61-1320x737.jpg 1320w\" alt=\"\" width=\"1116\" height=\"622\" data-id=\"51324\" \/><\/figure>\n<figure class=\"wp-block-image size-large\"><\/figure>\n<\/figure>\n<p>\u0130ftar program\u0131na T\u00fcrkiye Cumhuriyeti D\u00fcsseldorf Ba\u015fkonsolosu <strong data-start=\"736\" data-end=\"755\">Ali \u0130hsan \u0130zbul<\/strong>, SPD Federal Meclis Milletvekili <strong data-start=\"789\" data-end=\"807\">Mahmut \u00d6zdemir<\/strong>, Die Linke Federal Meclis Milletvekili <strong data-start=\"847\" data-end=\"861\">Mirze Edis<\/strong> ve Duisburg B\u00fcy\u00fck\u015fehir Belediye Ba\u015fkan\u0131 <strong data-start=\"902\" data-end=\"916\">S\u00f6ren Link<\/strong> kat\u0131ld\u0131. Program\u0131n sunuculu\u011funu <strong data-start=\"949\" data-end=\"963\">Elif A\u015fk\u0131n<\/strong> ger\u00e7ekle\u015ftirdi.<\/p>\n<figure class=\"wp-block-image size-large\"><img loading=\"lazy\" decoding=\"async\" class=\"wp-image-51322\" src=\"https:\/\/lokaleblicke.com\/wp-content\/uploads\/2026\/03\/36-1024x566.jpg\" sizes=\"auto, (max-width: 1024px) 100vw, 1024px\" srcset=\"https:\/\/lokaleblicke.com\/wp-content\/uploads\/2026\/03\/36-1024x566.jpg 1024w, https:\/\/lokaleblicke.com\/wp-content\/uploads\/2026\/03\/36-300x166.jpg 300w, https:\/\/lokaleblicke.com\/wp-content\/uploads\/2026\/03\/36-768x424.jpg 768w, https:\/\/lokaleblicke.com\/wp-content\/uploads\/2026\/03\/36-1536x849.jpg 1536w, https:\/\/lokaleblicke.com\/wp-content\/uploads\/2026\/03\/36-2048x1131.jpg 2048w, https:\/\/lokaleblicke.com\/wp-content\/uploads\/2026\/03\/36-1320x729.jpg 1320w\" alt=\"\" width=\"1024\" height=\"566\" \/><\/figure>\n<h2 data-section-id=\"jk9ssh\" data-start=\"981\" data-end=\"1043\">T\u0130AD: Duisburg\u2019da Toplumsal Dayan\u0131\u015fman\u0131n \u00d6nemli Bir Par\u00e7as\u0131<\/h2>\n<p data-start=\"1045\" data-end=\"1431\">Program\u0131n a\u00e7\u0131l\u0131\u015f konu\u015fmas\u0131n\u0131 yapan <strong data-start=\"1080\" data-end=\"1108\">T\u0130AD Ba\u015fkan\u0131 \u0130smail \u00dcnal<\/strong>, iftar sofralar\u0131n\u0131n insanlar\u0131 bir araya getiren ve toplumlar aras\u0131 diyalo\u011fu g\u00fc\u00e7lendiren \u00f6nemli bulu\u015fmalar oldu\u011funu ifade etti. \u00dcnal, T\u0130AD\u2019\u0131n 30 y\u0131ld\u0131r yaln\u0131zca i\u015f d\u00fcnyas\u0131n\u0131 bir araya getiren bir dernek olmad\u0131\u011f\u0131n\u0131, ayn\u0131 zamanda Duisburg\u2019un sosyal ya\u015fam\u0131na katk\u0131 sa\u011flayan \u00f6nemli bir sivil toplum kurulu\u015fu oldu\u011funu vurgulad\u0131.<\/p>\n<p>&nbsp;<\/p>\n<figure class=\"wp-block-image size-large\"><img loading=\"lazy\" decoding=\"async\" class=\"wp-image-51325\" src=\"https:\/\/lokaleblicke.com\/wp-content\/uploads\/2026\/03\/Baskan-Ismail-Uenal-1024x576.jpg\" sizes=\"auto, (max-width: 1024px) 100vw, 1024px\" srcset=\"https:\/\/lokaleblicke.com\/wp-content\/uploads\/2026\/03\/Baskan-Ismail-Uenal-1024x576.jpg 1024w, https:\/\/lokaleblicke.com\/wp-content\/uploads\/2026\/03\/Baskan-Ismail-Uenal-300x169.jpg 300w, https:\/\/lokaleblicke.com\/wp-content\/uploads\/2026\/03\/Baskan-Ismail-Uenal-768x432.jpg 768w, https:\/\/lokaleblicke.com\/wp-content\/uploads\/2026\/03\/Baskan-Ismail-Uenal-1536x864.jpg 1536w, https:\/\/lokaleblicke.com\/wp-content\/uploads\/2026\/03\/Baskan-Ismail-Uenal-390x220.jpg 390w, https:\/\/lokaleblicke.com\/wp-content\/uploads\/2026\/03\/Baskan-Ismail-Uenal-1320x743.jpg 1320w, https:\/\/lokaleblicke.com\/wp-content\/uploads\/2026\/03\/Baskan-Ismail-Uenal.jpg 2048w\" alt=\"\" width=\"1024\" height=\"576\" \/><\/figure>\n<p>Derne\u011fin y\u0131l boyunca d\u00fczenledi\u011fi etkinliklerle \u015fehirdeki toplumsal birlikteli\u011fe katk\u0131 sundu\u011funu belirten \u00dcnal, farkl\u0131 k\u00fclt\u00fcrlerin birlikte ya\u015fama k\u00fclt\u00fcr\u00fcn\u00fcn g\u00fc\u00e7lendirilmesinin b\u00fcy\u00fck \u00f6nem ta\u015f\u0131d\u0131\u011f\u0131n\u0131 dile getirdi.<\/p>\n<p>&nbsp;<\/p>\n<p><strong>Video!<\/strong><\/p>\n<p><iframe loading=\"lazy\" title=\"30 Y\u0131l TIAD \u2013 Duisburg\u2019da \u0130ftar Bulu\u015fmas\u0131\" width=\"800\" height=\"450\" src=\"https:\/\/www.youtube.com\/embed\/Wa3Kkjt4P7c?start=70&#038;feature=oembed\" frameborder=\"0\" allow=\"accelerometer; autoplay; clipboard-write; encrypted-media; gyroscope; picture-in-picture; web-share\" referrerpolicy=\"strict-origin-when-cross-origin\" allowfullscreen><\/iframe><\/p>\n<p>&nbsp;<\/p>\n<p><img loading=\"lazy\" decoding=\"async\" class=\"alignnone wp-image-1645\" src=\"https:\/\/lokalbakis.de\/wp-content\/uploads\/2026\/03\/639919470_1699800097645741_2221915750505664518_n-300x169.jpg\" alt=\"\" width=\"1177\" height=\"663\" srcset=\"https:\/\/lokalbakis.de\/wp-content\/uploads\/2026\/03\/639919470_1699800097645741_2221915750505664518_n-300x169.jpg 300w, https:\/\/lokalbakis.de\/wp-content\/uploads\/2026\/03\/639919470_1699800097645741_2221915750505664518_n-1024x576.jpg 1024w, https:\/\/lokalbakis.de\/wp-content\/uploads\/2026\/03\/639919470_1699800097645741_2221915750505664518_n-768x432.jpg 768w, https:\/\/lokalbakis.de\/wp-content\/uploads\/2026\/03\/639919470_1699800097645741_2221915750505664518_n-1536x864.jpg 1536w, https:\/\/lokalbakis.de\/wp-content\/uploads\/2026\/03\/639919470_1699800097645741_2221915750505664518_n.jpg 2048w\" sizes=\"auto, (max-width: 1177px) 100vw, 1177px\" \/><\/p>\n<h2 data-section-id=\"2ox1pl\" data-start=\"1646\" data-end=\"1692\">Mahmut \u00d6zdemir: \u201cToplumda Dayan\u0131\u015fmaya \u0130htiya\u00e7 Var\u201d<\/h2>\n<p data-start=\"1694\" data-end=\"2049\">SPD Milletvekili <strong data-start=\"1711\" data-end=\"1729\">Mahmut \u00d6zdemir<\/strong>, konu\u015fmas\u0131nda \u201ca\u00e7l\u0131k\u201d kavram\u0131n\u0131 bar\u0131\u015fa, adalete ve toplumsal uyuma duyulan \u00f6zlemi anlatan bir metafor olarak kulland\u0131. Duisburg\u2019un farkl\u0131 din ve k\u00fclt\u00fcrlerin bir arada ya\u015fayabildi\u011fi \u00f6rnek \u015fehirlerden biri oldu\u011funu belirten \u00d6zdemir, g\u00f6\u00e7men k\u00f6kenli insanlar\u0131n art\u0131k toplumun bir\u00e7ok alan\u0131nda aktif rol \u00fcstlendi\u011fini s\u00f6yledi.<\/p>\n<figure class=\"wp-block-image size-large\"><img loading=\"lazy\" decoding=\"async\" class=\"wp-image-51304\" src=\"https:\/\/lokaleblicke.com\/wp-content\/uploads\/2026\/03\/Mahmut-Oezdemir-Sahne-1024x566.jpg\" sizes=\"auto, (max-width: 1024px) 100vw, 1024px\" srcset=\"https:\/\/lokaleblicke.com\/wp-content\/uploads\/2026\/03\/Mahmut-Oezdemir-Sahne-1024x566.jpg 1024w, https:\/\/lokaleblicke.com\/wp-content\/uploads\/2026\/03\/Mahmut-Oezdemir-Sahne-300x166.jpg 300w, https:\/\/lokaleblicke.com\/wp-content\/uploads\/2026\/03\/Mahmut-Oezdemir-Sahne-768x425.jpg 768w, https:\/\/lokaleblicke.com\/wp-content\/uploads\/2026\/03\/Mahmut-Oezdemir-Sahne-1536x850.jpg 1536w, https:\/\/lokaleblicke.com\/wp-content\/uploads\/2026\/03\/Mahmut-Oezdemir-Sahne-2048x1133.jpg 2048w, https:\/\/lokaleblicke.com\/wp-content\/uploads\/2026\/03\/Mahmut-Oezdemir-Sahne-1320x730.jpg 1320w\" alt=\"\" width=\"1024\" height=\"566\" \/><\/figure>\n<p>\u00d6zdemir ayr\u0131ca artan \u0131rk\u00e7\u0131l\u0131k ve ayr\u0131mc\u0131l\u0131\u011fa kar\u015f\u0131 g\u00fc\u00e7l\u00fc bir duru\u015f sergilenmesi gerekti\u011fini belirterek, toplumun t\u00fcm kesimlerinin birlikte hareket etmesinin \u00f6nemine dikkat \u00e7ekti.<\/p>\n<p><img loading=\"lazy\" decoding=\"async\" class=\"alignnone wp-image-1647\" src=\"https:\/\/lokalbakis.de\/wp-content\/uploads\/2026\/03\/DSC03435-300x169.jpg\" alt=\"\" width=\"1196\" height=\"674\" srcset=\"https:\/\/lokalbakis.de\/wp-content\/uploads\/2026\/03\/DSC03435-300x169.jpg 300w, https:\/\/lokalbakis.de\/wp-content\/uploads\/2026\/03\/DSC03435-1024x576.jpg 1024w, https:\/\/lokalbakis.de\/wp-content\/uploads\/2026\/03\/DSC03435-768x432.jpg 768w, https:\/\/lokalbakis.de\/wp-content\/uploads\/2026\/03\/DSC03435-1536x864.jpg 1536w, https:\/\/lokalbakis.de\/wp-content\/uploads\/2026\/03\/DSC03435-2048x1152.jpg 2048w\" sizes=\"auto, (max-width: 1196px) 100vw, 1196px\" \/><\/p>\n<figure class=\"wp-block-image size-large\"><img loading=\"lazy\" decoding=\"async\" class=\"wp-image-51303 alignleft\" src=\"https:\/\/lokaleblicke.com\/wp-content\/uploads\/2026\/03\/Mahmut-Oezdemir--1024x557.jpg\" sizes=\"auto, (max-width: 1024px) 100vw, 1024px\" srcset=\"https:\/\/lokaleblicke.com\/wp-content\/uploads\/2026\/03\/Mahmut-Oezdemir--1024x557.jpg 1024w, https:\/\/lokaleblicke.com\/wp-content\/uploads\/2026\/03\/Mahmut-Oezdemir--300x163.jpg 300w, https:\/\/lokaleblicke.com\/wp-content\/uploads\/2026\/03\/Mahmut-Oezdemir--768x418.jpg 768w, https:\/\/lokaleblicke.com\/wp-content\/uploads\/2026\/03\/Mahmut-Oezdemir--1536x836.jpg 1536w, https:\/\/lokaleblicke.com\/wp-content\/uploads\/2026\/03\/Mahmut-Oezdemir--2048x1114.jpg 2048w, https:\/\/lokaleblicke.com\/wp-content\/uploads\/2026\/03\/Mahmut-Oezdemir--1320x718.jpg 1320w\" alt=\"\" width=\"1147\" height=\"624\" \/><\/figure>\n<h2 data-section-id=\"1e7hixs\" data-start=\"2231\" data-end=\"2273\"><\/h2>\n<p>&nbsp;<\/p>\n<h2 data-section-id=\"1e7hixs\" data-start=\"2231\" data-end=\"2273\"><\/h2>\n<h2 data-section-id=\"1e7hixs\" data-start=\"2231\" data-end=\"2273\"><\/h2>\n<h2 data-section-id=\"1e7hixs\" data-start=\"2231\" data-end=\"2273\"><\/h2>\n<h2 data-section-id=\"1e7hixs\" data-start=\"2231\" data-end=\"2273\">S\u00f6ren Link: \u201cDuisburg Hepimizin Ortak Yuvas\u0131\u201d<\/h2>\n<p data-start=\"2275\" data-end=\"2571\">Duisburg B\u00fcy\u00fck\u015fehir Belediye Ba\u015fkan\u0131 <strong data-start=\"2312\" data-end=\"2326\">S\u00f6ren Link<\/strong>, konu\u015fmas\u0131na davetlileri T\u00fcrk\u00e7e \u201cHo\u015f geldiniz\u201d diyerek selamlad\u0131. Link, \u201cHeimat\u201d kavram\u0131n\u0131n yaln\u0131zca do\u011fulan yer anlam\u0131na gelmedi\u011fini, ayn\u0131 zamanda emek verilerek ve birlikte \u00e7al\u0131\u015f\u0131larak olu\u015fturulan bir aidiyet duygusunu ifade etti\u011fini s\u00f6yledi.<\/p>\n<figure class=\"wp-block-image size-large\"><img loading=\"lazy\" decoding=\"async\" class=\"wp-image-51326\" src=\"https:\/\/lokaleblicke.com\/wp-content\/uploads\/2026\/03\/59-1024x651.jpg\" sizes=\"auto, (max-width: 1024px) 100vw, 1024px\" srcset=\"https:\/\/lokaleblicke.com\/wp-content\/uploads\/2026\/03\/59-1024x651.jpg 1024w, https:\/\/lokaleblicke.com\/wp-content\/uploads\/2026\/03\/59-300x191.jpg 300w, https:\/\/lokaleblicke.com\/wp-content\/uploads\/2026\/03\/59-768x488.jpg 768w, https:\/\/lokaleblicke.com\/wp-content\/uploads\/2026\/03\/59-1536x976.jpg 1536w, https:\/\/lokaleblicke.com\/wp-content\/uploads\/2026\/03\/59-2048x1301.jpg 2048w, https:\/\/lokaleblicke.com\/wp-content\/uploads\/2026\/03\/59-1320x839.jpg 1320w\" alt=\"\" width=\"1024\" height=\"651\" \/><\/figure>\n<p>G\u00f6\u00e7men k\u00f6kenli vatanda\u015flar\u0131n Duisburg\u2019un geli\u015fiminde \u00f6nemli rol oynad\u0131\u011f\u0131n\u0131 belirten Link, T\u0130AD\u2019\u0131n 30 y\u0131ld\u0131r \u015fehirde toplumsal kat\u0131l\u0131m\u0131 g\u00fc\u00e7lendiren \u00f6nemli kurulu\u015flardan biri oldu\u011funu ifade etti.<\/p>\n<p><img loading=\"lazy\" decoding=\"async\" class=\"alignnone wp-image-1646\" src=\"https:\/\/lokalbakis.de\/wp-content\/uploads\/2026\/03\/DSC03433-300x169.jpg\" alt=\"\" width=\"1227\" height=\"691\" srcset=\"https:\/\/lokalbakis.de\/wp-content\/uploads\/2026\/03\/DSC03433-300x169.jpg 300w, https:\/\/lokalbakis.de\/wp-content\/uploads\/2026\/03\/DSC03433-1024x576.jpg 1024w, https:\/\/lokalbakis.de\/wp-content\/uploads\/2026\/03\/DSC03433-768x432.jpg 768w, https:\/\/lokalbakis.de\/wp-content\/uploads\/2026\/03\/DSC03433-1536x864.jpg 1536w, https:\/\/lokalbakis.de\/wp-content\/uploads\/2026\/03\/DSC03433-2048x1152.jpg 2048w\" sizes=\"auto, (max-width: 1227px) 100vw, 1227px\" \/><\/p>\n<figure class=\"wp-block-gallery has-nested-images columns-default is-cropped wp-block-gallery-3 is-layout-flex wp-block-gallery-is-layout-flex\">\n<figure class=\"wp-block-image size-large\"><\/figure>\n<figure class=\"wp-block-image size-large\"><img loading=\"lazy\" decoding=\"async\" class=\"wp-image-51316\" src=\"https:\/\/lokaleblicke.com\/wp-content\/uploads\/2026\/03\/1-1024x565.jpg\" sizes=\"auto, (max-width: 1024px) 100vw, 1024px\" srcset=\"https:\/\/lokaleblicke.com\/wp-content\/uploads\/2026\/03\/1-1024x565.jpg 1024w, https:\/\/lokaleblicke.com\/wp-content\/uploads\/2026\/03\/1-300x166.jpg 300w, https:\/\/lokaleblicke.com\/wp-content\/uploads\/2026\/03\/1-768x424.jpg 768w, https:\/\/lokaleblicke.com\/wp-content\/uploads\/2026\/03\/1-1536x847.jpg 1536w, https:\/\/lokaleblicke.com\/wp-content\/uploads\/2026\/03\/1-2048x1130.jpg 2048w, https:\/\/lokaleblicke.com\/wp-content\/uploads\/2026\/03\/1-1320x728.jpg 1320w\" alt=\"\" width=\"1024\" height=\"565\" data-id=\"51316\" \/><\/figure>\n<\/figure>\n<h2 data-section-id=\"1m2e6dn\" data-start=\"2768\" data-end=\"2816\">Mirze Edis: Ekonomik G\u00fc\u00e7 Toplumsal Bar\u0131\u015f\u0131 Destekler<\/h2>\n<p data-start=\"2818\" data-end=\"3108\">Die Linke Milletvekili <strong data-start=\"2841\" data-end=\"2855\">Mirze Edis<\/strong>, konu\u015fmas\u0131nda T\u00fcrk k\u00f6kenli giri\u015fimcilerin ve akademisyenlerin Almanya\u2019n\u0131n ekonomik ve sosyal yap\u0131s\u0131na \u00f6nemli katk\u0131lar sundu\u011funu dile getirdi. Edis, ekonomik istikrar\u0131n ve istihdam\u0131n korunmas\u0131n\u0131n toplumsal bar\u0131\u015f a\u00e7\u0131s\u0131ndan b\u00fcy\u00fck \u00f6nem ta\u015f\u0131d\u0131\u011f\u0131n\u0131 belirtti.<\/p>\n<p>&nbsp;<\/p>\n<figure class=\"wp-block-image size-large\"><img loading=\"lazy\" decoding=\"async\" class=\"wp-image-51327\" src=\"https:\/\/lokaleblicke.com\/wp-content\/uploads\/2026\/03\/Mirze-Edis-1024x577.jpg\" sizes=\"auto, (max-width: 1024px) 100vw, 1024px\" srcset=\"https:\/\/lokaleblicke.com\/wp-content\/uploads\/2026\/03\/Mirze-Edis-1024x577.jpg 1024w, https:\/\/lokaleblicke.com\/wp-content\/uploads\/2026\/03\/Mirze-Edis-300x169.jpg 300w, https:\/\/lokaleblicke.com\/wp-content\/uploads\/2026\/03\/Mirze-Edis-768x433.jpg 768w, https:\/\/lokaleblicke.com\/wp-content\/uploads\/2026\/03\/Mirze-Edis-1536x866.jpg 1536w, https:\/\/lokaleblicke.com\/wp-content\/uploads\/2026\/03\/Mirze-Edis-2048x1154.jpg 2048w, https:\/\/lokaleblicke.com\/wp-content\/uploads\/2026\/03\/Mirze-Edis-390x220.jpg 390w, https:\/\/lokaleblicke.com\/wp-content\/uploads\/2026\/03\/Mirze-Edis-1320x744.jpg 1320w\" alt=\"\" width=\"1024\" height=\"577\" \/><\/figure>\n<figure class=\"wp-block-image size-large\"><img loading=\"lazy\" decoding=\"async\" class=\"wp-image-51332\" src=\"https:\/\/lokaleblicke.com\/wp-content\/uploads\/2026\/03\/DSC03442-1024x576.jpg\" sizes=\"auto, (max-width: 1024px) 100vw, 1024px\" srcset=\"https:\/\/lokaleblicke.com\/wp-content\/uploads\/2026\/03\/DSC03442-1024x576.jpg 1024w, https:\/\/lokaleblicke.com\/wp-content\/uploads\/2026\/03\/DSC03442-300x169.jpg 300w, https:\/\/lokaleblicke.com\/wp-content\/uploads\/2026\/03\/DSC03442-768x432.jpg 768w, https:\/\/lokaleblicke.com\/wp-content\/uploads\/2026\/03\/DSC03442-1536x864.jpg 1536w, https:\/\/lokaleblicke.com\/wp-content\/uploads\/2026\/03\/DSC03442-2048x1152.jpg 2048w, https:\/\/lokaleblicke.com\/wp-content\/uploads\/2026\/03\/DSC03442-390x220.jpg 390w, https:\/\/lokaleblicke.com\/wp-content\/uploads\/2026\/03\/DSC03442-1320x742.jpg 1320w\" alt=\"\" width=\"1024\" height=\"576\" \/><\/figure>\n<h2 data-section-id=\"1e5p9og\" data-start=\"3110\" data-end=\"3165\">Ba\u015fkonsolos \u0130zbul\u2019dan Dijitalle\u015fme ve E\u011fitim Vurgusu<\/h2>\n<p data-start=\"3167\" data-end=\"3556\">T\u00fcrkiye Cumhuriyeti D\u00fcsseldorf Ba\u015fkonsolosu <strong data-start=\"3211\" data-end=\"3230\">Ali \u0130hsan \u0130zbul<\/strong>, T\u00fcrk-Alman ili\u015fkilerinin \u00f6nemine de\u011finerek konsolosluk hizmetlerinde dijitalle\u015fmenin giderek yayg\u0131nla\u015ft\u0131\u011f\u0131n\u0131 ifade etti. Bir\u00e7ok i\u015flemin art\u0131k <strong data-start=\"3374\" data-end=\"3443\">e-Devlet sistemi \u00fczerinden h\u0131zl\u0131 ve kolay \u015fekilde yap\u0131labildi\u011fini<\/strong> belirten \u0130zbul, T\u00fcrk\u00e7e e\u011fitiminin gen\u00e7 nesillerin k\u00fclt\u00fcrel ba\u011flar\u0131n\u0131 korumas\u0131 a\u00e7\u0131s\u0131ndan \u00f6nemli oldu\u011funu s\u00f6yledi.<\/p>\n<p>&nbsp;<\/p>\n<figure class=\"wp-block-image size-large\"><img loading=\"lazy\" decoding=\"async\" class=\"wp-image-51300\" src=\"https:\/\/lokaleblicke.com\/wp-content\/uploads\/2026\/03\/Ali-Ihsan-Izbul-1024x576.jpg\" sizes=\"auto, (max-width: 1024px) 100vw, 1024px\" srcset=\"https:\/\/lokaleblicke.com\/wp-content\/uploads\/2026\/03\/Ali-Ihsan-Izbul-1024x576.jpg 1024w, https:\/\/lokaleblicke.com\/wp-content\/uploads\/2026\/03\/Ali-Ihsan-Izbul-300x169.jpg 300w, https:\/\/lokaleblicke.com\/wp-content\/uploads\/2026\/03\/Ali-Ihsan-Izbul-768x432.jpg 768w, https:\/\/lokaleblicke.com\/wp-content\/uploads\/2026\/03\/Ali-Ihsan-Izbul-1536x864.jpg 1536w, https:\/\/lokaleblicke.com\/wp-content\/uploads\/2026\/03\/Ali-Ihsan-Izbul-2048x1152.jpg 2048w, https:\/\/lokaleblicke.com\/wp-content\/uploads\/2026\/03\/Ali-Ihsan-Izbul-390x220.jpg 390w, https:\/\/lokaleblicke.com\/wp-content\/uploads\/2026\/03\/Ali-Ihsan-Izbul-1320x742.jpg 1320w\" alt=\"\" width=\"1024\" height=\"576\" \/><\/figure>\n<p>&nbsp;<\/p>\n<figure class=\"wp-block-image size-large\"><img loading=\"lazy\" decoding=\"async\" class=\"wp-image-51333\" src=\"https:\/\/lokaleblicke.com\/wp-content\/uploads\/2026\/03\/DSC03446-1024x576.jpg\" sizes=\"auto, (max-width: 1024px) 100vw, 1024px\" srcset=\"https:\/\/lokaleblicke.com\/wp-content\/uploads\/2026\/03\/DSC03446-1024x576.jpg 1024w, https:\/\/lokaleblicke.com\/wp-content\/uploads\/2026\/03\/DSC03446-300x169.jpg 300w, https:\/\/lokaleblicke.com\/wp-content\/uploads\/2026\/03\/DSC03446-768x432.jpg 768w, https:\/\/lokaleblicke.com\/wp-content\/uploads\/2026\/03\/DSC03446-1536x864.jpg 1536w, https:\/\/lokaleblicke.com\/wp-content\/uploads\/2026\/03\/DSC03446-2048x1152.jpg 2048w, https:\/\/lokaleblicke.com\/wp-content\/uploads\/2026\/03\/DSC03446-390x220.jpg 390w, https:\/\/lokaleblicke.com\/wp-content\/uploads\/2026\/03\/DSC03446-1320x742.jpg 1320w\" alt=\"\" width=\"1024\" height=\"576\" \/><\/figure>\n<h2 data-section-id=\"d0ag6a\" data-start=\"3558\" data-end=\"3591\">\u0130ftar Sofras\u0131nda Birlik Mesaj\u0131<\/h2>\n<p data-start=\"3593\" data-end=\"3855\">Program\u0131n sonunda davetliler iftar\u0131n ard\u0131ndan uzun s\u00fcre sohbet ederek fikir al\u0131\u015fveri\u015finde bulundu. Siyaset, i\u015f d\u00fcnyas\u0131 ve sivil toplum temsilcilerinin bir araya geldi\u011fi bulu\u015fma, toplumsal dayan\u0131\u015fma ve birlikte ya\u015fama k\u00fclt\u00fcr\u00fcn\u00fcn \u00f6nemini bir kez daha ortaya koydu.<\/p>\n<p>&nbsp;<\/p>\n<figure class=\"wp-block-gallery has-nested-images columns-default is-cropped wp-block-gallery-4 is-layout-flex wp-block-gallery-is-layout-flex\">\n<figure class=\"wp-block-image size-large\"><img loading=\"lazy\" decoding=\"async\" class=\"wp-image-51318\" src=\"https:\/\/lokaleblicke.com\/wp-content\/uploads\/2026\/03\/9-1024x600.jpg\" sizes=\"auto, (max-width: 1024px) 100vw, 1024px\" srcset=\"https:\/\/lokaleblicke.com\/wp-content\/uploads\/2026\/03\/9-1024x600.jpg 1024w, https:\/\/lokaleblicke.com\/wp-content\/uploads\/2026\/03\/9-300x176.jpg 300w, https:\/\/lokaleblicke.com\/wp-content\/uploads\/2026\/03\/9-768x450.jpg 768w, https:\/\/lokaleblicke.com\/wp-content\/uploads\/2026\/03\/9-1536x899.jpg 1536w, https:\/\/lokaleblicke.com\/wp-content\/uploads\/2026\/03\/9-2048x1199.jpg 2048w, https:\/\/lokaleblicke.com\/wp-content\/uploads\/2026\/03\/9-1320x773.jpg 1320w\" alt=\"\" width=\"1024\" height=\"600\" data-id=\"51318\" \/><\/figure>\n<figure class=\"wp-block-image size-large\"><img loading=\"lazy\" decoding=\"async\" class=\"wp-image-51323\" src=\"https:\/\/lokaleblicke.com\/wp-content\/uploads\/2026\/03\/37-1024x557.jpg\" sizes=\"auto, (max-width: 1024px) 100vw, 1024px\" srcset=\"https:\/\/lokaleblicke.com\/wp-content\/uploads\/2026\/03\/37-1024x557.jpg 1024w, https:\/\/lokaleblicke.com\/wp-content\/uploads\/2026\/03\/37-300x163.jpg 300w, https:\/\/lokaleblicke.com\/wp-content\/uploads\/2026\/03\/37-768x418.jpg 768w, https:\/\/lokaleblicke.com\/wp-content\/uploads\/2026\/03\/37-1536x836.jpg 1536w, https:\/\/lokaleblicke.com\/wp-content\/uploads\/2026\/03\/37-2048x1114.jpg 2048w, https:\/\/lokaleblicke.com\/wp-content\/uploads\/2026\/03\/37-1320x718.jpg 1320w\" alt=\"\" width=\"1024\" height=\"557\" data-id=\"51323\" \/><\/figure>\n<figure class=\"wp-block-image size-large\"><\/figure>\n<figure class=\"wp-block-image size-large\"><img loading=\"lazy\" decoding=\"async\" class=\"wp-image-51309\" src=\"https:\/\/lokaleblicke.com\/wp-content\/uploads\/2026\/03\/DSC03479-1-1024x576.jpg\" sizes=\"auto, (max-width: 1024px) 100vw, 1024px\" srcset=\"https:\/\/lokaleblicke.com\/wp-content\/uploads\/2026\/03\/DSC03479-1-1024x576.jpg 1024w, https:\/\/lokaleblicke.com\/wp-content\/uploads\/2026\/03\/DSC03479-1-300x169.jpg 300w, https:\/\/lokaleblicke.com\/wp-content\/uploads\/2026\/03\/DSC03479-1-768x432.jpg 768w, https:\/\/lokaleblicke.com\/wp-content\/uploads\/2026\/03\/DSC03479-1-1536x864.jpg 1536w, https:\/\/lokaleblicke.com\/wp-content\/uploads\/2026\/03\/DSC03479-1-2048x1152.jpg 2048w, https:\/\/lokaleblicke.com\/wp-content\/uploads\/2026\/03\/DSC03479-1-390x220.jpg 390w, https:\/\/lokaleblicke.com\/wp-content\/uploads\/2026\/03\/DSC03479-1-1320x742.jpg 1320w\" alt=\"\" width=\"1024\" height=\"576\" data-id=\"51309\" \/><\/figure>\n<\/figure>\n<p>&nbsp;<\/p>\n<figure class=\"wp-block-gallery has-nested-images columns-default is-cropped wp-block-gallery-5 is-layout-flex wp-block-gallery-is-layout-flex\">\n<figure class=\"wp-block-image size-large\"><img loading=\"lazy\" decoding=\"async\" class=\"wp-image-51363\" src=\"https:\/\/lokaleblicke.com\/wp-content\/uploads\/2026\/03\/55-1024x546.jpg\" sizes=\"auto, (max-width: 1024px) 100vw, 1024px\" srcset=\"https:\/\/lokaleblicke.com\/wp-content\/uploads\/2026\/03\/55-1024x546.jpg 1024w, https:\/\/lokaleblicke.com\/wp-content\/uploads\/2026\/03\/55-300x160.jpg 300w, https:\/\/lokaleblicke.com\/wp-content\/uploads\/2026\/03\/55-768x410.jpg 768w, https:\/\/lokaleblicke.com\/wp-content\/uploads\/2026\/03\/55-1536x820.jpg 1536w, https:\/\/lokaleblicke.com\/wp-content\/uploads\/2026\/03\/55-2048x1093.jpg 2048w, https:\/\/lokaleblicke.com\/wp-content\/uploads\/2026\/03\/55-1320x704.jpg 1320w\" alt=\"\" width=\"1024\" height=\"546\" data-id=\"51363\" \/><\/figure>\n<figure class=\"wp-block-image size-large\"><\/figure>\n<\/figure>\n<figure class=\"wp-block-image size-large\"><\/figure>\n<figure class=\"wp-block-gallery has-nested-images columns-default is-cropped wp-block-gallery-6 is-layout-flex wp-block-gallery-is-layout-flex\">\n<figure class=\"wp-block-image size-large\"><\/figure>\n<figure class=\"wp-block-image size-large\"><\/figure>\n<\/figure>\n<h1 data-section-id=\"1nw3nx3\" data-start=\"168\" data-end=\"231\"><img loading=\"lazy\" decoding=\"async\" class=\"alignnone wp-image-1648\" src=\"https:\/\/lokalbakis.de\/wp-content\/uploads\/2026\/03\/639084937_1699799374312480_3791041673847860336_n-300x169.jpg\" alt=\"\" width=\"1225\" height=\"690\" srcset=\"https:\/\/lokalbakis.de\/wp-content\/uploads\/2026\/03\/639084937_1699799374312480_3791041673847860336_n-300x169.jpg 300w, https:\/\/lokalbakis.de\/wp-content\/uploads\/2026\/03\/639084937_1699799374312480_3791041673847860336_n-1024x576.jpg 1024w, https:\/\/lokalbakis.de\/wp-content\/uploads\/2026\/03\/639084937_1699799374312480_3791041673847860336_n-768x432.jpg 768w, https:\/\/lokalbakis.de\/wp-content\/uploads\/2026\/03\/639084937_1699799374312480_3791041673847860336_n-1536x864.jpg 1536w, https:\/\/lokalbakis.de\/wp-content\/uploads\/2026\/03\/639084937_1699799374312480_3791041673847860336_n.jpg 2048w\" sizes=\"auto, (max-width: 1225px) 100vw, 1225px\" \/><\/h1>\n<h1 data-section-id=\"1nw3nx3\" data-start=\"168\" data-end=\"231\"><\/h1>\n<h1 data-section-id=\"1nw3nx3\" data-start=\"168\" data-end=\"231\"><\/h1>\n<p>&nbsp;<\/p>\n<hr data-start=\"3857\" data-end=\"3860\" \/>\n","protected":false},"excerpt":{"rendered":"<p>Duisburg. T\u00fcrk-Alman \u0130\u015f \u0130nsanlar\u0131 ve Akademisyenler Derne\u011fi (T\u0130AD e.V.), kurulu\u015funun 30. y\u0131l\u0131 vesilesiyle Duisburg\u2019da geni\u015f kat\u0131l\u0131ml\u0131 bir iftar program\u0131 d\u00fczenledi. Waldborn Eventlocation\u2019da ger\u00e7ekle\u015fen etkinlik, sadece bir iftar bulu\u015fmas\u0131 olman\u0131n \u00f6tesinde siyaset, ekonomi ve sivil toplum temsilcilerini ayn\u0131 sofrada bir araya getiren \u00f6nemli bir platforma d\u00f6n\u00fc\u015ft\u00fc. Programda toplumsal birlik, kar\u015f\u0131l\u0131kl\u0131 sayg\u0131 ve diyalog mesajlar\u0131 \u00f6n plana [&hellip;]<\/p>\n","protected":false},"author":2,"featured_media":1640,"comment_status":"open","ping_status":"open","sticky":false,"template":"","format":"standard","meta":{"_crdt_document":"","_jetpack_memberships_contains_paid_content":false,"footnotes":""},"categories":[13,7],"tags":[],"class_list":["post-1634","post","type-post","status-publish","format-standard","has-post-thumbnail","hentry","category-goeruentuelue-haber","category-guencel"],"jetpack_featured_media_url":"https:\/\/lokalbakis.de\/wp-content\/uploads\/2026\/03\/20-1-2048x1119-1.jpg","jetpack_sharing_enabled":true,"_links":{"self":[{"href":"https:\/\/lokalbakis.de\/index.php?rest_route=\/wp\/v2\/posts\/1634","targetHints":{"allow":["GET"]}}],"collection":[{"href":"https:\/\/lokalbakis.de\/index.php?rest_route=\/wp\/v2\/posts"}],"about":[{"href":"https:\/\/lokalbakis.de\/index.php?rest_route=\/wp\/v2\/types\/post"}],"author":[{"embeddable":true,"href":"https:\/\/lokalbakis.de\/index.php?rest_route=\/wp\/v2\/users\/2"}],"replies":[{"embeddable":true,"href":"https:\/\/lokalbakis.de\/index.php?rest_route=%2Fwp%2Fv2%2Fcomments&post=1634"}],"version-history":[{"count":8,"href":"https:\/\/lokalbakis.de\/index.php?rest_route=\/wp\/v2\/posts\/1634\/revisions"}],"predecessor-version":[{"id":1652,"href":"https:\/\/lokalbakis.de\/index.php?rest_route=\/wp\/v2\/posts\/1634\/revisions\/1652"}],"wp:featuredmedia":[{"embeddable":true,"href":"https:\/\/lokalbakis.de\/index.php?rest_route=\/wp\/v2\/media\/1640"}],"wp:attachment":[{"href":"https:\/\/lokalbakis.de\/index.php?rest_route=%2Fwp%2Fv2%2Fmedia&parent=1634"}],"wp:term":[{"taxonomy":"category","embeddable":true,"href":"https:\/\/lokalbakis.de\/index.php?rest_route=%2Fwp%2Fv2%2Fcategories&post=1634"},{"taxonomy":"post_tag","embeddable":true,"href":"https:\/\/lokalbakis.de\/index.php?rest_route=%2Fwp%2Fv2%2Ftags&post=1634"}],"curies":[{"name":"wp","href":"https:\/\/api.w.org\/{rel}","templated":true}]}}