{"id":1665,"date":"2026-03-15T15:14:08","date_gmt":"2026-03-15T14:14:08","guid":{"rendered":"https:\/\/lokalbakis.de\/?p=1665"},"modified":"2026-03-15T15:25:34","modified_gmt":"2026-03-15T14:25:34","slug":"atikin-duezenledigi-iftar-programinda-is-duenyasi-bulustu","status":"publish","type":"post","link":"https:\/\/lokalbakis.de\/?p=1665","title":{"rendered":"AT\u0130K\u2019\u0130N D\u00dcZENLED\u0130\u011e\u0130 \u0130FTAR PROGRAMINDA \u0130\u015e D\u00dcNYASI BULU\u015eTU"},"content":{"rendered":"<div class=\"detay\">\n<p>T\u0130K Uluslararas\u0131 \u0130\u015fbirli\u011fi Konseyi taraf\u0131ndan d\u00fczenlenen Y\u00fcksek \u0130sti\u015fare ve Dayan\u0131\u015fma \u0130ftar Program\u0131, kamu temsilcileri, i\u015f d\u00fcnyas\u0131 ve sivil toplum kurulu\u015flar\u0131n\u0131n yo\u011fun kat\u0131l\u0131m\u0131yla ger\u00e7ekle\u015fti. Programda i\u015f d\u00fcnyas\u0131n\u0131n \u00f6nemli isimleri ile kamu temsilcileri ayn\u0131 sofrada bir araya gelerek isti\u015farelerde bulundu.<\/p>\n<p>&nbsp;<\/p>\n<p><img decoding=\"async\" src=\"https:\/\/www.lokalbakis.com\/images\/1b93d9db2fb29ca555eb5246efb94c06.jpeg\" alt=\"\" \/><\/p>\n<p>Program\u0131n a\u00e7\u0131l\u0131\u015f konu\u015fmas\u0131n\u0131 AT\u0130K Genel Ba\u015fkan\u0131 Aziz \u015eahin yapt\u0131. Konu\u015fmas\u0131nda AT\u0130K\u2019in uluslararas\u0131 \u00e7al\u0131\u015fmalar\u0131 hakk\u0131nda bilgi veren \u015eahin, T\u00fcrk i\u015f d\u00fcnyas\u0131n\u0131n k\u00fcresel \u00f6l\u00e7ekte daha g\u00fc\u00e7l\u00fc temsil edilmesi i\u00e7in y\u00fcr\u00fct\u00fclen faaliyetlere dikkat \u00e7ekti. Aziz \u015eahin ayr\u0131ca HAXSA Uluslararas\u0131 G\u00fcven Akreditasyon Sistemi ve AWorldPress Uluslararas\u0131 Medya A\u011f\u0131 hakk\u0131nda kat\u0131l\u0131mc\u0131lara bilgiler vererek, bu yap\u0131lar\u0131n uluslararas\u0131 ticaret ve medya alan\u0131nda \u00f6nemli bir g\u00fcven ve ileti\u015fim a\u011f\u0131 olu\u015fturdu\u011funu ifade etti.<\/p>\n<p><img decoding=\"async\" src=\"https:\/\/www.lokalbakis.com\/images\/d5e04de1836d2911026ac3590d532748.jpeg\" alt=\"\" \/><\/p>\n<p>Programda ayr\u0131ca \u0130stanbul Vali Yard\u0131mc\u0131s\u0131, Alt\u0131nba\u015f Holding Y\u00f6netim Kurulu Ba\u015fkan\u0131 Vakkas Alt\u0131nba\u015f, Gold Master Group Y\u00f6netim Kurulu Ba\u015fkan\u0131 Cenk Bora, \u00c7ekirdek\u00e7iler Otomotiv A.\u015e. Y\u00f6netim Kurulu Ba\u015fkan\u0131 Ahmet Kaya ve Ekonomi Ticaret Derne\u011fi Kurucu Ba\u015fkan\u0131 Fatih Karayel de birer konu\u015fma ger\u00e7ekle\u015ftirerek i\u015f d\u00fcnyas\u0131, kamu i\u015f birli\u011fi ve uluslararas\u0131 ekonomik ili\u015fkilerin g\u00fc\u00e7lendirilmesi gerekti\u011fine dikkat \u00e7ektiler.<\/p>\n<p><img decoding=\"async\" src=\"https:\/\/www.lokalbakis.com\/images\/48d644a8f7dfc82f92acf24d22e247b3.jpeg\" alt=\"\" \/><\/p>\n<p>Kat\u0131l\u0131mc\u0131lar, AT\u0130K\u2019in y\u00fcr\u00fctt\u00fc\u011f\u00fc uluslararas\u0131 faaliyetlerin ve i\u015f d\u00fcnyas\u0131 ile kurdu\u011fu g\u00fc\u00e7l\u00fc network yap\u0131s\u0131n\u0131n \u00f6nemine vurgu yaparak bu t\u00fcr organizasyonlar\u0131n birlik ve dayan\u0131\u015fmay\u0131 g\u00fc\u00e7lendirdi\u011fini ifade etti.<\/p>\n<p><img decoding=\"async\" src=\"https:\/\/www.lokalbakis.com\/images\/db5ab7cc779c32a3e901b48d979a217c.jpeg\" alt=\"\" \/><\/p>\n<p>Samimi bir atmosferde ger\u00e7ekle\u015fen iftar program\u0131, yap\u0131lan isti\u015fareler ve hat\u0131ra foto\u011fraflar\u0131 ile sona erdi. Program, AT\u0130K\u2019in uluslararas\u0131 i\u015f d\u00fcnyas\u0131, kamu kurumlar\u0131 ve sivil toplum kurulu\u015flar\u0131n\u0131 bir araya getiren \u00f6nemli bir platform oldu\u011funu bir kez daha ortaya koydu.<\/p>\n<p><img decoding=\"async\" src=\"https:\/\/www.lokalbakis.com\/images\/02afe649b93077425c6a39409999a3f2.jpeg\" alt=\"\" \/><\/p>\n<p>Ba\u015fkan\u0131m, listeyi imla hatalar\u0131n\u0131 d\u00fczelterek, ayn\u0131 formatta ve daha temiz protokol d\u00fczeninde haz\u0131rlad\u0131m. WhatsApp veya bas\u0131n duyurusunda direkt kullan\u0131labilir.<\/p>\n<p><img decoding=\"async\" src=\"https:\/\/www.lokalbakis.com\/images\/1b5d5cc8b7b94864fe2da57170291b95.jpeg\" alt=\"\" \/><\/p>\n<p><strong>AT\u0130K Y\u00fcksek \u0130sti\u015fare ve Dayan\u0131\u015fma \u0130ftar Program\u0131<\/strong><\/p>\n<p><strong>Kat\u0131l\u0131mc\u0131 Listesi<\/strong><\/p>\n<p>1. Aziz \u015eahin \u2013 AT\u0130K Genel Ba\u015fkan\u0131<\/p>\n<p>2. Cafer \u015eahinta\u015f \u2013 AT\u0130K Y\u00f6netim Kurulu \u00dcyesi \/ Te\u015fkilat Ba\u015fkan\u0131<\/p>\n<p>3. Dr. Hasan H\u00fcseyin Can \u2013 Emekli Vali<\/p>\n<p>4. Vakkas Alt\u0131nba\u015f \u2013 Alt\u0131nba\u015f Holding Y\u00f6netim Kurulu Ba\u015fkan\u0131<\/p>\n<p>5. Cenk Bora \u2013 Gold Master Group Y\u00f6netim Kurulu Ba\u015fkan\u0131<\/p>\n<p>6. Mehmet Arat \u2013 AT\u0130K Genel Ba\u015fkan Yard\u0131mc\u0131s\u0131 (T\u00fcrkiye Sorumlusu)<\/p>\n<p>7. Murat \u015eahin \u2013 Step Group Y\u00f6netim Kurulu Ba\u015fkan\u0131<\/p>\n<p>8. Sinan Y\u0131ld\u0131r\u0131m \u2013 Macro Makine ve Kal\u0131p Sanayi Tic. Ltd. \u015eti. Y\u00f6netim Kurulu Ba\u015fkan Vekili<\/p>\n<p>9. Figen Yurtsever \u2013 AT\u0130K \u0130stanbul Ba\u015fkan\u0131<\/p>\n<p>10. Fatih Vahdi G\u00fcnda\u011f \u2013 AT\u0130K T\u00fcrkiye Te\u015fkilat Ba\u015fkan\u0131<\/p>\n<p>11. Selen Zaral\u0131 \u2013 AT\u0130K T\u00fcrkiye \u0130novasyon Ba\u015fkan Yard\u0131mc\u0131s\u0131<\/p>\n<p>12. Turgay Demirg\u00f6vde \u2013 AT\u0130K Sakarya \u0130l Ba\u015fkan\u0131<\/p>\n<p>13. Sinan Cino\u011flu \u2013 AT\u0130K Sakarya \u0130l Ba\u015fkan Yard\u0131mc\u0131s\u0131<\/p>\n<p>14. Do\u011fan Tan \u2013 AT\u0130K Sakarya \u0130l Y\u00f6netim Kurulu \u00dcyesi<\/p>\n<p>15. Nesrin G\u00f6l \u2013 AT\u0130K \u0130stanbul D\u0131\u015f \u0130li\u015fkiler Ba\u015fkan\u0131<\/p>\n<p>16. Derya \u0130lteke \u2013 AT\u0130K \u0130stanbul 1. B\u00f6lge Ba\u015fkan\u0131<\/p>\n<p>17. Fatih Karayel \u2013 Ekonomi Ticaret Derne\u011fi Kurucu Ba\u015fkan\u0131<\/p>\n<p>18. Ercan Y\u0131ld\u0131z \u2013 Albaraka T\u00fcrk Kat\u0131l\u0131m Bankas\u0131 \u015eube M\u00fcd\u00fcr\u00fc<\/p>\n<p>19. Akif A\u011f\u0131rba\u015fl\u0131 \u2013 Anadolu T\u00fcketici ve \u00dcretici De\u011ferleme Merkezi Genel Ba\u015fkan\u0131<\/p>\n<p>20. H\u00fcnkar Eray \u015eahin \u2013 Giri\u015fimci \u0130\u015f \u0130nsan\u0131<\/p>\n<p>21. \u0130sa \u00c7ift\u00e7i \u2013 AT\u0130K \u0130stanbul 1. B\u00f6lge Y\u00f6netim Kurulu \u00dcyesi<\/p>\n<p>22. Elif Alg\u00fcn \u2013 \u0130\u015f Kad\u0131n\u0131<\/p>\n<p>23. Mehmet \u00d6zel \u2013 \u0130\u015f \u0130nsan\u0131<\/p>\n<p>24. Selda Zaral\u0131 \u2013 AT\u0130K \u0130stanbul E\u011fitim Komisyonu Ba\u015fkan Yard\u0131mc\u0131s\u0131<\/p>\n<p>25. Ahmet Kaya \u2013 AT\u0130K \u0130stanbul Y\u00f6netim Kurulu \u00dcyesi<\/p>\n<p>26. Faz\u0131l \u00c7ekirdek\u00e7i \u2013 Y\u00f6netim Kurulu \u00dcyesi, \u00c7ekirdek\u00e7iler Otomotiv A.\u015e.<\/p>\n<p>27. Ya\u015far Ero\u011flu \u2013 Y\u00f6netim Kurulu Ba\u015fkan\u0131, Ermetal A.\u015e. \/ Ero\u011flu Grup \u015eirketleri<\/p>\n<p>28. \u015eerif G\u00fcl\u00e7i\u00e7ek \u2013 Ba\u015fkanl\u0131k Dan\u0131\u015fman\u0131, \u0130\u015f \u0130nsan\u0131<\/p>\n<p>29. Ali Bozkurt \u2013 Y\u00f6netici, G\u00fcmr\u00fck M\u00fc\u015favirli\u011fi<\/p>\n<p>30. Erhan Bayram \u2013 \u0130\u015f \u0130nsan\u0131<\/p>\n<p>31. Mecit Uysal \u2013 \u0130\u015f \u0130nsan\u0131<\/p>\n<p>32. Nevzat Duru \u2013 \u0130\u015f \u0130nsan\u0131<\/p>\n<p>33. Cengiz K\u00f6ksal \u2013 \u0130\u015f \u0130nsan\u0131<\/p>\n<p>34. Fatih K\u00f6ro\u011flu \u2013 \u0130\u015f \u0130nsan\u0131<\/p>\n<p>35. \u00d6mer \u00c7etin \u2013 \u0130\u015f \u0130nsan\u0131<\/p>\n<p><img decoding=\"async\" src=\"https:\/\/www.lokalbakis.com\/images\/15fb8a006e4b7e1ff3b206907fde54c8.jpeg\" alt=\"\" \/><\/p>\n<p>&nbsp;<\/p>\n<p><img decoding=\"async\" src=\"https:\/\/www.lokalbakis.com\/images\/b8589d8cd30e41cec40dd3654ac89de4.jpeg\" alt=\"\" \/><\/p>\n<p>&nbsp;<\/p>\n<p><img decoding=\"async\" src=\"https:\/\/www.lokalbakis.com\/images\/d442d6f0b548189de89a029bf01b45fa.jpeg\" alt=\"\" \/><\/p>\n<p>&nbsp;<\/p>\n<p><img decoding=\"async\" src=\"https:\/\/www.lokalbakis.com\/images\/c55217521fdc89f4b79cf3abf5eb38ee.jpeg\" alt=\"\" \/><\/p>\n<p>&nbsp;<\/p>\n<p><img decoding=\"async\" src=\"https:\/\/www.lokalbakis.com\/images\/f500418ccd34004e7157c5f916f74ce6.jpeg\" alt=\"\" \/><\/p>\n<\/div>\n","protected":false},"excerpt":{"rendered":"<p>T\u0130K Uluslararas\u0131 \u0130\u015fbirli\u011fi Konseyi taraf\u0131ndan d\u00fczenlenen Y\u00fcksek \u0130sti\u015fare ve Dayan\u0131\u015fma \u0130ftar Program\u0131, kamu temsilcileri, i\u015f d\u00fcnyas\u0131 ve sivil toplum kurulu\u015flar\u0131n\u0131n yo\u011fun kat\u0131l\u0131m\u0131yla ger\u00e7ekle\u015fti. Programda i\u015f d\u00fcnyas\u0131n\u0131n \u00f6nemli isimleri ile kamu temsilcileri ayn\u0131 sofrada bir araya gelerek isti\u015farelerde bulundu. &nbsp; Program\u0131n a\u00e7\u0131l\u0131\u015f konu\u015fmas\u0131n\u0131 AT\u0130K Genel Ba\u015fkan\u0131 Aziz \u015eahin yapt\u0131. Konu\u015fmas\u0131nda AT\u0130K\u2019in uluslararas\u0131 \u00e7al\u0131\u015fmalar\u0131 hakk\u0131nda bilgi veren [&hellip;]<\/p>\n","protected":false},"author":2,"featured_media":1666,"comment_status":"open","ping_status":"open","sticky":false,"template":"","format":"standard","meta":{"_crdt_document":"","_jetpack_memberships_contains_paid_content":false,"footnotes":""},"categories":[7],"tags":[],"class_list":["post-1665","post","type-post","status-publish","format-standard","has-post-thumbnail","hentry","category-guencel"],"jetpack_featured_media_url":"https:\/\/lokalbakis.de\/wp-content\/uploads\/2026\/03\/56136a61decffd191669615780160be2.jpeg","jetpack_sharing_enabled":true,"_links":{"self":[{"href":"https:\/\/lokalbakis.de\/index.php?rest_route=\/wp\/v2\/posts\/1665","targetHints":{"allow":["GET"]}}],"collection":[{"href":"https:\/\/lokalbakis.de\/index.php?rest_route=\/wp\/v2\/posts"}],"about":[{"href":"https:\/\/lokalbakis.de\/index.php?rest_route=\/wp\/v2\/types\/post"}],"author":[{"embeddable":true,"href":"https:\/\/lokalbakis.de\/index.php?rest_route=\/wp\/v2\/users\/2"}],"replies":[{"embeddable":true,"href":"https:\/\/lokalbakis.de\/index.php?rest_route=%2Fwp%2Fv2%2Fcomments&post=1665"}],"version-history":[{"count":2,"href":"https:\/\/lokalbakis.de\/index.php?rest_route=\/wp\/v2\/posts\/1665\/revisions"}],"predecessor-version":[{"id":1668,"href":"https:\/\/lokalbakis.de\/index.php?rest_route=\/wp\/v2\/posts\/1665\/revisions\/1668"}],"wp:featuredmedia":[{"embeddable":true,"href":"https:\/\/lokalbakis.de\/index.php?rest_route=\/wp\/v2\/media\/1666"}],"wp:attachment":[{"href":"https:\/\/lokalbakis.de\/index.php?rest_route=%2Fwp%2Fv2%2Fmedia&parent=1665"}],"wp:term":[{"taxonomy":"category","embeddable":true,"href":"https:\/\/lokalbakis.de\/index.php?rest_route=%2Fwp%2Fv2%2Fcategories&post=1665"},{"taxonomy":"post_tag","embeddable":true,"href":"https:\/\/lokalbakis.de\/index.php?rest_route=%2Fwp%2Fv2%2Ftags&post=1665"}],"curies":[{"name":"wp","href":"https:\/\/api.w.org\/{rel}","templated":true}]}}