{"id":1865,"date":"2026-04-29T18:36:35","date_gmt":"2026-04-29T16:36:35","guid":{"rendered":"https:\/\/lokalbakis.de\/?p=1865"},"modified":"2026-04-29T18:36:35","modified_gmt":"2026-04-29T16:36:35","slug":"gaziantepteki-cocuklara-umut-ses-ol-projesi-basladi","status":"publish","type":"post","link":"https:\/\/lokalbakis.de\/?p=1865","title":{"rendered":"Gaziantep\u2019teki \u00c7ocuklara Umut: \u201cSes Ol\u201d Projesi Ba\u015flad\u0131"},"content":{"rendered":"<p>Almanya\u2019da faaliyet g\u00f6steren Ruhr H\u00f6rakustik ortaklar\u0131 Senem ve Selim Samanc\u0131, Krefelder H\u00f6rmanufaktur ile Kulak Burun Bo\u011faz Uzman\u0131 Alparslan Ko\u00e7\u2019un i\u015f birli\u011finde y\u00fcr\u00fct\u00fclen sosyal sorumluluk giri\u015fimi, bu y\u0131l y\u00f6n\u00fcn\u00fc Gaziantep\u2019e \u00e7evirdi. Daha \u00f6nce Sivas\u2019ta 50 \u00e7ocu\u011fun hayat\u0131na dokunan proje, g\u00f6n\u00fcll\u00fc \u00e7al\u0131\u015fmalar\u0131n ard\u0131ndan kurumsal bir yap\u0131ya kavu\u015farak \u201cDuy Beni\u201d derne\u011fi \u00e7at\u0131s\u0131 alt\u0131nda s\u00fcrd\u00fcr\u00fclebilir hale getirildi. Derne\u011fin ba\u015fkanl\u0131\u011f\u0131n\u0131 Krefelder H\u00f6rmanufaktur\u2019un sahibi Emel Boz\u00e7elik \u00fcstleniyor.<\/p>\n<div class=\"detay\">\n<p><img decoding=\"async\" src=\"https:\/\/www.lokalbakis.com\/images\/82717deb2d6c3349ea79d05ac30943fd.jpeg\" alt=\"\" \/><\/p>\n<p>&nbsp;<\/p>\n<p>Ama\u00e7: \u00c7ocuklar\u0131n Hayata Daha G\u00fc\u00e7l\u00fc Kat\u0131lmas\u0131<\/p>\n<p>Projenin temel hedefi, i\u015fitme sorunu ya\u015fayan \u00e7ocuklara gerekli cihazlar\u0131 sa\u011flayarak onlar\u0131n hem e\u011fitim hayat\u0131nda hem de sosyal \u00e7evrelerinde daha aktif rol alabilmelerini sa\u011flamak. \u00d6zellikle depremden etkilenen b\u00f6lgelerde ya\u015fayan \u00e7ocuklara ula\u015fmay\u0131 ama\u00e7layan ekip, bu alanda fark yaratmay\u0131 hedefliyor. Giri\u015fim, toplumsal dayan\u0131\u015fman\u0131n somut bir \u00f6rne\u011fi olarak dikkat \u00e7ekiyor.<\/p>\n<p><img decoding=\"async\" src=\"https:\/\/www.lokalbakis.com\/images\/64679127f8e8a50ef4cfc19c4eed5adb.jpeg\" alt=\"\" \/><\/p>\n<p>Lansman Gecesi Almanya\u2019da Yap\u0131ld\u0131<\/p>\n<p>Projenin Gaziantep aya\u011f\u0131, Almanya\u2019n\u0131n Gelsenkirchen kentinde d\u00fczenlenen \u00f6zel bir etkinlikle kamuoyuna tan\u0131t\u0131ld\u0131. Gelsenkirchen Fenerbah\u00e7eliler Derne\u011fi\u2019nin ev sahipli\u011fi yapt\u0131\u011f\u0131 gecede, davetliler hem proje hakk\u0131nda bilgilendirildi hem de ba\u011f\u0131\u015f kampanyas\u0131na katk\u0131 sundu.<\/p>\n<p>Konu\u015fmalarda, i\u015fitme engelli \u00e7ocuklar\u0131n ya\u015fam kalitesini art\u0131rman\u0131n \u00f6nemi vurgulan\u0131rken, destek \u00e7a\u011fr\u0131lar\u0131 \u00f6n plana \u00e7\u0131kt\u0131.<\/p>\n<p><img loading=\"lazy\" decoding=\"async\" class=\"\" src=\"https:\/\/www.lokalbakis.com\/images\/ee01a48542ba1f9afff9103e52cfecd4.jpeg\" alt=\"\" width=\"1173\" height=\"1132\" \/><\/p>\n<p><strong>Anlaml\u0131 Ba\u011f\u0131\u015f: Plaka Kodlar\u0131yla Destek<\/strong><\/p>\n<p>Gecede \u00f6ne \u00e7\u0131kan anlardan biri ise ba\u011f\u0131\u015flar\u0131n \u201cplaka kodlar\u0131\u201d \u00fczerinden yap\u0131lmas\u0131 oldu. Kat\u0131l\u0131mc\u0131lar, T\u00fcrkiye\u2019deki memleketlerinin plaka numaralar\u0131n\u0131 referans alarak sembolik ama dikkat \u00e7ekici katk\u0131larda bulundu. Bu yarat\u0131c\u0131 yakla\u015f\u0131m, salonda b\u00fcy\u00fck ilgi ve alk\u0131\u015f toplad\u0131.<\/p>\n<p><img decoding=\"async\" src=\"https:\/\/www.lokalbakis.com\/images\/dc19a1fadde96d35cbeb0613bd551117.jpeg\" alt=\"\" \/><\/p>\n<p><strong>Kampanya Devam Ediyor<\/strong><\/p>\n<p>Gaziantep ve \u00e7evresindeki i\u015fitme engelli \u00e7ocuklar i\u00e7in ba\u015flat\u0131lan yard\u0131m kampanyas\u0131 27 Haziran\u2019a kadar s\u00fcrecek. Proje ekibi, daha fazla \u00e7ocu\u011fa ula\u015fabilmek ad\u0131na hay\u0131rseverleri destek vermeye davet ediyor.<\/p>\n<p><img decoding=\"async\" src=\"https:\/\/www.lokalbakis.com\/images\/ff0d9f060e6392b4918d7e80f610c5be.jpeg\" alt=\"\" \/><\/p>\n<\/div>\n<p>&nbsp;<\/p>\n<p>&nbsp;<\/p>\n","protected":false},"excerpt":{"rendered":"<p>Almanya\u2019da faaliyet g\u00f6steren Ruhr H\u00f6rakustik ortaklar\u0131 Senem ve Selim Samanc\u0131, Krefelder H\u00f6rmanufaktur ile Kulak Burun Bo\u011faz Uzman\u0131 Alparslan Ko\u00e7\u2019un i\u015f birli\u011finde y\u00fcr\u00fct\u00fclen sosyal sorumluluk giri\u015fimi, bu y\u0131l y\u00f6n\u00fcn\u00fc Gaziantep\u2019e \u00e7evirdi. Daha \u00f6nce Sivas\u2019ta 50 \u00e7ocu\u011fun hayat\u0131na dokunan proje, g\u00f6n\u00fcll\u00fc \u00e7al\u0131\u015fmalar\u0131n ard\u0131ndan kurumsal bir yap\u0131ya kavu\u015farak \u201cDuy Beni\u201d derne\u011fi \u00e7at\u0131s\u0131 alt\u0131nda s\u00fcrd\u00fcr\u00fclebilir hale getirildi. Derne\u011fin ba\u015fkanl\u0131\u011f\u0131n\u0131 [&hellip;]<\/p>\n","protected":false},"author":2,"featured_media":1866,"comment_status":"closed","ping_status":"closed","sticky":false,"template":"","format":"standard","meta":{"_crdt_document":"","_jetpack_memberships_contains_paid_content":false,"footnotes":""},"categories":[7],"tags":[],"class_list":["post-1865","post","type-post","status-publish","format-standard","has-post-thumbnail","hentry","category-guencel"],"jetpack_featured_media_url":"https:\/\/lokalbakis.de\/wp-content\/uploads\/2026\/04\/WhatsApp-Image-20j26-04-29-at-11.43.45.jpeg","jetpack_sharing_enabled":true,"_links":{"self":[{"href":"https:\/\/lokalbakis.de\/index.php?rest_route=\/wp\/v2\/posts\/1865","targetHints":{"allow":["GET"]}}],"collection":[{"href":"https:\/\/lokalbakis.de\/index.php?rest_route=\/wp\/v2\/posts"}],"about":[{"href":"https:\/\/lokalbakis.de\/index.php?rest_route=\/wp\/v2\/types\/post"}],"author":[{"embeddable":true,"href":"https:\/\/lokalbakis.de\/index.php?rest_route=\/wp\/v2\/users\/2"}],"replies":[{"embeddable":true,"href":"https:\/\/lokalbakis.de\/index.php?rest_route=%2Fwp%2Fv2%2Fcomments&post=1865"}],"version-history":[{"count":1,"href":"https:\/\/lokalbakis.de\/index.php?rest_route=\/wp\/v2\/posts\/1865\/revisions"}],"predecessor-version":[{"id":1867,"href":"https:\/\/lokalbakis.de\/index.php?rest_route=\/wp\/v2\/posts\/1865\/revisions\/1867"}],"wp:featuredmedia":[{"embeddable":true,"href":"https:\/\/lokalbakis.de\/index.php?rest_route=\/wp\/v2\/media\/1866"}],"wp:attachment":[{"href":"https:\/\/lokalbakis.de\/index.php?rest_route=%2Fwp%2Fv2%2Fmedia&parent=1865"}],"wp:term":[{"taxonomy":"category","embeddable":true,"href":"https:\/\/lokalbakis.de\/index.php?rest_route=%2Fwp%2Fv2%2Fcategories&post=1865"},{"taxonomy":"post_tag","embeddable":true,"href":"https:\/\/lokalbakis.de\/index.php?rest_route=%2Fwp%2Fv2%2Ftags&post=1865"}],"curies":[{"name":"wp","href":"https:\/\/api.w.org\/{rel}","templated":true}]}}