{"id":1868,"date":"2026-04-29T19:38:56","date_gmt":"2026-04-29T17:38:56","guid":{"rendered":"https:\/\/lokalbakis.de\/?p=1868"},"modified":"2026-04-29T19:39:49","modified_gmt":"2026-04-29T17:39:49","slug":"mhr-gyoya-gyoder-zirvesinde-anlamli-oeduel","status":"publish","type":"post","link":"https:\/\/lokalbakis.de\/?p=1868","title":{"rendered":"MHR GYO\u2019ya GYODER Zirvesi\u2019nde anlaml\u0131 \u00f6d\u00fcl"},"content":{"rendered":"<p>T\u00fcrkiye gayrimenkul sekt\u00f6r\u00fcn\u00fcn \u00e7at\u0131 kurulu\u015fu GYODER taraf\u0131ndan bu y\u0131l 20\u2019ncisi d\u00fczenlenen Gayrimenkul Zirvesi, \u201cSoruyu De\u011fi\u015ftirmek\u201d temas\u0131yla Zorlu Performans Sanatlar\u0131 Merkezi\u2019nde ger\u00e7ekle\u015ftirildi.<\/p>\n<p>&nbsp;<\/p>\n<p>Sekt\u00f6r\u00fcn t\u00fcm payda\u015flar\u0131n\u0131 bir araya getiren zirveye; GYODER Y\u00f6netim Kurulu Ba\u015fkan\u0131 Ne\u015fecan \u00c7ekici, \u00c7evre, \u015eehircilik ve \u0130klim De\u011fi\u015fikli\u011fi Bakan Yard\u0131mc\u0131s\u0131 \u00d6mer Bulut, \u0130TO Ba\u015fkan\u0131 \u015eekib Avdagi\u00e7, T\u00fcrkiye Sigorta Birli\u011fi Ba\u015fkan\u0131 Ahmet Ya\u015far, S\u0131f\u0131r At\u0131k Vakf\u0131 Ba\u015fkan\u0131 ve COP31 Y\u00fcksek D\u00fczeyli \u0130klim \u015eampiyonu Samed A\u011f\u0131rba\u015f, SPK Ba\u015fkan Yard\u0131mc\u0131s\u0131 Ender Kurtulan ve Emlak Konut GYO Genel M\u00fcd\u00fcr\u00fc Yasir Y\u0131lmaz ba\u015fta olmak \u00fczere \u00e7ok say\u0131da kamu, \u00f6zel sekt\u00f6r ve sivil toplum kurulu\u015fu temsilcisi kat\u0131ld\u0131.<\/p>\n<p><img loading=\"lazy\" decoding=\"async\" class=\"alignnone wp-image-1869\" src=\"https:\/\/lokalbakis.de\/wp-content\/uploads\/2026\/04\/5-1-300x111.png\" alt=\"\" width=\"1203\" height=\"445\" srcset=\"https:\/\/lokalbakis.de\/wp-content\/uploads\/2026\/04\/5-1-300x111.png 300w, https:\/\/lokalbakis.de\/wp-content\/uploads\/2026\/04\/5-1-768x284.png 768w, https:\/\/lokalbakis.de\/wp-content\/uploads\/2026\/04\/5-1.png 851w\" sizes=\"auto, (max-width: 1203px) 100vw, 1203px\" \/><\/p>\n<p>Zirvenin sponsorlar\u0131 aras\u0131nda Garanti BBVA ve MHR GYO yer al\u0131rken, sigorta sponsorlu\u011fu Quick Sigorta taraf\u0131ndan \u00fcstlenildi.<\/p>\n<p>&nbsp;<\/p>\n<p>Zirvede, MHR GYO, **\u201cKurumsal Y\u00f6netim Derecelendirme Notunu En \u00c7ok Art\u0131ran GYO \u00d6d\u00fcl\u00fc (2025)\u201d**ne lay\u0131k g\u00f6r\u00fcld\u00fc.<\/p>\n<p>&nbsp;<\/p>\n<p>\u00d6d\u00fcl, MHR GYO Genel M\u00fcd\u00fcr\u00fc Nurkan Ka\u00e7maz taraf\u0131ndan teslim al\u0131nd\u0131.<\/p>\n<p>&nbsp;<\/p>\n<p>Bu \u00f6d\u00fcl, \u015firketin kurumsal y\u00f6netim alan\u0131nda g\u00f6sterdi\u011fi geli\u015fimi ve \u015feffafl\u0131k, s\u00fcrd\u00fcr\u00fclebilirlik ile yat\u0131r\u0131mc\u0131 g\u00fcveni konular\u0131ndaki g\u00fc\u00e7l\u00fc performans\u0131n\u0131 ortaya koydu.<\/p>\n<p><img loading=\"lazy\" decoding=\"async\" class=\"alignnone wp-image-1870\" src=\"https:\/\/lokalbakis.de\/wp-content\/uploads\/2026\/04\/6-1-300x111.png\" alt=\"\" width=\"1297\" height=\"480\" srcset=\"https:\/\/lokalbakis.de\/wp-content\/uploads\/2026\/04\/6-1-300x111.png 300w, https:\/\/lokalbakis.de\/wp-content\/uploads\/2026\/04\/6-1-768x284.png 768w, https:\/\/lokalbakis.de\/wp-content\/uploads\/2026\/04\/6-1.png 851w\" sizes=\"auto, (max-width: 1297px) 100vw, 1297px\" \/><\/p>\n<p>Zirve kapsam\u0131nda g\u00fcn boyunca;<br \/>\n\ud83d\udd39 Kentsel d\u00f6n\u00fc\u015f\u00fcm<br \/>\n\ud83d\udd39 Ekonomik d\u00f6ng\u00fcler<br \/>\n\ud83d\udd39 Yapay zek\u00e2 ve veri merkezleri<br \/>\n\ud83d\udd39 D\u00f6ng\u00fcsel ekonomi<br \/>\n\ud83d\udd39 Gelece\u011fin ya\u015fam alanlar\u0131<\/p>\n<p>&nbsp;<\/p>\n<p>gibi ba\u015fl\u0131klarda panel ve oturumlar ger\u00e7ekle\u015ftirildi.<\/p>\n<p>&nbsp;<\/p>\n<p><strong>MHR GYO\u2019nun ald\u0131\u011f\u0131 bu \u00f6d\u00fcl, sekt\u00f6rde g\u00fc\u00e7l\u00fc y\u00f6neti\u015fim anlay\u0131\u015f\u0131n\u0131n ve s\u00fcrd\u00fcr\u00fclebilir b\u00fcy\u00fcme vizyonunun somut bir g\u00f6stergesi oldu.<\/strong><\/p>\n<p>&nbsp;<\/p>\n","protected":false},"excerpt":{"rendered":"<p>T\u00fcrkiye gayrimenkul sekt\u00f6r\u00fcn\u00fcn \u00e7at\u0131 kurulu\u015fu GYODER taraf\u0131ndan bu y\u0131l 20\u2019ncisi d\u00fczenlenen Gayrimenkul Zirvesi, \u201cSoruyu De\u011fi\u015ftirmek\u201d temas\u0131yla Zorlu Performans Sanatlar\u0131 Merkezi\u2019nde ger\u00e7ekle\u015ftirildi. &nbsp; Sekt\u00f6r\u00fcn t\u00fcm payda\u015flar\u0131n\u0131 bir araya getiren zirveye; GYODER Y\u00f6netim Kurulu Ba\u015fkan\u0131 Ne\u015fecan \u00c7ekici, \u00c7evre, \u015eehircilik ve \u0130klim De\u011fi\u015fikli\u011fi Bakan Yard\u0131mc\u0131s\u0131 \u00d6mer Bulut, \u0130TO Ba\u015fkan\u0131 \u015eekib Avdagi\u00e7, T\u00fcrkiye Sigorta Birli\u011fi Ba\u015fkan\u0131 Ahmet Ya\u015far, S\u0131f\u0131r [&hellip;]<\/p>\n","protected":false},"author":2,"featured_media":1871,"comment_status":"closed","ping_status":"closed","sticky":false,"template":"","format":"standard","meta":{"_crdt_document":"","_jetpack_memberships_contains_paid_content":false,"footnotes":""},"categories":[1],"tags":[],"class_list":["post-1868","post","type-post","status-publish","format-standard","has-post-thumbnail","hentry","category-uncategorized"],"jetpack_featured_media_url":"https:\/\/lokalbakis.de\/wp-content\/uploads\/2026\/04\/DSC3412.JPG-scaled.jpeg","jetpack_sharing_enabled":true,"_links":{"self":[{"href":"https:\/\/lokalbakis.de\/index.php?rest_route=\/wp\/v2\/posts\/1868","targetHints":{"allow":["GET"]}}],"collection":[{"href":"https:\/\/lokalbakis.de\/index.php?rest_route=\/wp\/v2\/posts"}],"about":[{"href":"https:\/\/lokalbakis.de\/index.php?rest_route=\/wp\/v2\/types\/post"}],"author":[{"embeddable":true,"href":"https:\/\/lokalbakis.de\/index.php?rest_route=\/wp\/v2\/users\/2"}],"replies":[{"embeddable":true,"href":"https:\/\/lokalbakis.de\/index.php?rest_route=%2Fwp%2Fv2%2Fcomments&post=1868"}],"version-history":[{"count":1,"href":"https:\/\/lokalbakis.de\/index.php?rest_route=\/wp\/v2\/posts\/1868\/revisions"}],"predecessor-version":[{"id":1872,"href":"https:\/\/lokalbakis.de\/index.php?rest_route=\/wp\/v2\/posts\/1868\/revisions\/1872"}],"wp:featuredmedia":[{"embeddable":true,"href":"https:\/\/lokalbakis.de\/index.php?rest_route=\/wp\/v2\/media\/1871"}],"wp:attachment":[{"href":"https:\/\/lokalbakis.de\/index.php?rest_route=%2Fwp%2Fv2%2Fmedia&parent=1868"}],"wp:term":[{"taxonomy":"category","embeddable":true,"href":"https:\/\/lokalbakis.de\/index.php?rest_route=%2Fwp%2Fv2%2Fcategories&post=1868"},{"taxonomy":"post_tag","embeddable":true,"href":"https:\/\/lokalbakis.de\/index.php?rest_route=%2Fwp%2Fv2%2Ftags&post=1868"}],"curies":[{"name":"wp","href":"https:\/\/api.w.org\/{rel}","templated":true}]}}