{"id":255,"date":"2025-04-05T01:57:28","date_gmt":"2025-04-04T23:57:28","guid":{"rendered":"https:\/\/lokalbakis.de\/?p=255"},"modified":"2025-04-05T01:57:28","modified_gmt":"2025-04-04T23:57:28","slug":"loehnede-tuerk-girisimcileri-bulustu-is-duenyasinda-yeni-adimlar-ve-oenemli-konular-ele-alindi","status":"publish","type":"post","link":"https:\/\/lokalbakis.de\/?p=255","title":{"rendered":"L\u00f6hne\u2019de T\u00fcrk Giri\u015fimcileri Bulu\u015ftu: \u0130\u015f D\u00fcnyas\u0131nda Yeni Ad\u0131mlar ve \u00d6nemli Konular Ele Al\u0131nd\u0131"},"content":{"rendered":"<blockquote><p>Ge\u00e7ti\u011fimiz g\u00fcnlerde, L\u00f6hne kentinde D\u0130T\u0130B Hac\u0131 Bayram Camii Derne\u011fi\u2019nin evsahipli\u011finde ger\u00e7ekle\u015fen i\u015finsanlar\u0131 bulu\u015fmas\u0131, b\u00f6lgedeki T\u00fcrk giri\u015fimciler i\u00e7in \u00f6nemli bir etkinlik olarak \u00f6ne \u00e7\u0131kt\u0131. Dernek \u00fcyeleri ve yerel giri\u015fimcilerin kat\u0131l\u0131m\u0131 ile d\u00fczenlenen bu \u00f6zel toplant\u0131ya, T\u00fcrkiye\u2019nin M\u00fcnster Ba\u015fkonsolosu Arif Hakan Yeter de kat\u0131larak etkinli\u011fi onurland\u0131rd\u0131. T\u00fcrk i\u015f d\u00fcnyas\u0131n\u0131n g\u00fcc\u00fcn\u00fc bir araya getiren bu bulu\u015fma, ortak sorunlar ve f\u0131rsatlar hakk\u0131nda fikir al\u0131\u015fveri\u015finde bulunmalar\u0131na olanak sa\u011flad\u0131.<\/p><\/blockquote>\n<div class=\"detay\">\n<p>&nbsp;<\/p>\n<p>L\u00d6HNE- Toplant\u0131n\u0131n ilk b\u00f6l\u00fcm\u00fcnde, g\u00fcndemdeki \u00f6nemli konular ele al\u0131nd\u0131. Kat\u0131l\u0131mc\u0131lar, T\u00fcrk\u00e7e anadilinin korunmas\u0131 ve gelecek nesillere aktar\u0131lmas\u0131n\u0131n \u00f6nemini vurgulad\u0131lar. T\u00fcrk\u00e7e\u2019nin, sadece dilsel bir ba\u011f de\u011fil, ayn\u0131 zamanda k\u00fclt\u00fcrel bir miras olarak nesiller boyu ya\u015fat\u0131lmas\u0131 gerekti\u011fi ifade edildi. Bu ba\u011flamda, e\u011fitim ve dil konusunda yap\u0131lacak \u00e7al\u0131\u015fmalar\u0131n b\u00fcy\u00fck \u00f6nemi tart\u0131\u015f\u0131ld\u0131.<\/p>\n<p>Bir di\u011fer \u00f6nemli g\u00fcndem maddesi ise \u00e7ifte vatanda\u015fl\u0131k ba\u015fvurular\u0131yd\u0131. Almanya\u2019da ya\u015fayan T\u00fcrk vatanda\u015flar\u0131n\u0131n \u00e7ifte vatanda\u015fl\u0131k hakk\u0131ndan nas\u0131l faydalanabilecekleri, bu s\u00fcre\u00e7te kar\u015f\u0131la\u015f\u0131lan engeller ve \u00e7\u00f6z\u00fcm \u00f6nerileri \u00fczerinde duruldu. Bu konuda kat\u0131l\u0131mc\u0131lar\u0131n tecr\u00fcbelerini payla\u015fmas\u0131, kar\u015f\u0131la\u015f\u0131lan zorluklar hakk\u0131nda fark\u0131ndal\u0131k yarat\u0131lmas\u0131na yard\u0131mc\u0131 oldu.<\/p>\n<p><img decoding=\"async\" class=\"wp-image-3137\" src=\"https:\/\/nrwstar.com\/wp-content\/uploads\/2025\/03\/e24ad3ff-bac1-493a-96b3-ca1fc8300f12.jpg\" alt=\"\" \/><\/p>\n<p>Toplant\u0131ya kat\u0131lan T\u00fcrkiye\u2019nin M\u00fcnster Ba\u015fkonsolosu Arif Hakan Yeter, T\u00fcrk i\u015f d\u00fcnyas\u0131n\u0131n yurt d\u0131\u015f\u0131nda g\u00fc\u00e7l\u00fc bir \u015fekilde temsil edilmesinin b\u00fcy\u00fck \u00f6nem ta\u015f\u0131d\u0131\u011f\u0131n\u0131 belirtti. Yeter, \u00e7ifte vatanda\u015fl\u0131k ba\u015fvurular\u0131 gibi konularda devletin \u00fczerine d\u00fc\u015feni yapmaya devam edece\u011fini vurgulad\u0131 ve T\u00fcrk giri\u015fimcilerinin desteklenmesinin, hem i\u015f d\u00fcnyas\u0131nda hem de toplumsal entegrasyonda \u00f6nemli bir rol oynayaca\u011f\u0131n\u0131 ifade etti.<\/p>\n<p><img decoding=\"async\" class=\"wp-image-3128\" src=\"https:\/\/nrwstar.com\/wp-content\/uploads\/2025\/03\/1b63503d-d2c7-4cd9-986c-b5ed1104ce06-1024x768.jpg\" alt=\"\" \/><\/p>\n<p>Toplant\u0131n\u0131n d\u00fczenlenmesinde b\u00fcy\u00fck emek harcayan D\u0130T\u0130B Hac\u0131 Bayram Camii Derne\u011fi Ba\u015fkan\u0131 Mehmet \u00d6zkan ve dernek y\u00f6neticilerine te\u015fekk\u00fcr eden kat\u0131l\u0131mc\u0131lar, organizasyonun her a\u00e7\u0131dan ba\u015far\u0131l\u0131 ve faydal\u0131 oldu\u011funu belirttiler. Giri\u015fimciler, benzer toplant\u0131lar\u0131n d\u00fczenli aral\u0131klarla ger\u00e7ekle\u015ftirilmesinin \u00f6nemine dikkat \u00e7ekerek, bu t\u00fcr bulu\u015fmalar\u0131n i\u015f d\u00fcnyas\u0131nda sinerji yarataca\u011f\u0131na inand\u0131klar\u0131n\u0131 ifade ettiler.<\/p>\n<p>Etkinlik, b\u00f6lgede faaliyet g\u00f6steren T\u00fcrk giri\u015fimcilerin birlikteli\u011fini peki\u015ftirdi\u011fi gibi, i\u015f d\u00fcnyas\u0131nda daha g\u00fc\u00e7l\u00fc bir T\u00fcrk giri\u015fimci a\u011f\u0131 olu\u015fturma y\u00f6n\u00fcnde \u00f6nemli bir ad\u0131m oldu. Kat\u0131l\u0131mc\u0131lar, bu t\u00fcr organizasyonlar\u0131n hem ticari hem de k\u00fclt\u00fcrel ba\u011flar\u0131 g\u00fc\u00e7lendirece\u011fini vurgulayarak, gelecek bulu\u015fmalar\u0131na y\u00f6nelik umutlar\u0131n\u0131 dile getirdiler.<\/p>\n<p>Son olarak, L\u00f6hne\u2019deki bu ilk i\u015finsanlar\u0131 bulu\u015fmas\u0131n\u0131n, b\u00f6lgede yeni i\u015f f\u0131rsatlar\u0131n\u0131n do\u011fmas\u0131na ve T\u00fcrk i\u015f d\u00fcnyas\u0131n\u0131n daha da g\u00fc\u00e7lenmesine katk\u0131 sa\u011flamas\u0131 bekleniyor. Bu t\u00fcr etkinliklerin hem T\u00fcrk toplumu hem de yerel toplumla entegrasyon s\u00fcrecini h\u0131zland\u0131raca\u011f\u0131 \u00f6ng\u00f6r\u00fcl\u00fcyor.<\/p>\n<p><strong>Haber:<\/strong> Mustafa T\u0131\u011fl\u0131.<\/p>\n<p><strong>\u00a0<\/strong><\/p>\n<p><img decoding=\"async\" class=\"wp-image-3132\" src=\"https:\/\/nrwstar.com\/wp-content\/uploads\/2025\/03\/2d4e5fc4-f217-4042-a2d2-63b8ee564d17-1-1024x768.jpg\" alt=\"\" \/><\/p>\n<p><img decoding=\"async\" class=\"wp-image-3133\" src=\"https:\/\/nrwstar.com\/wp-content\/uploads\/2025\/03\/137c1849-64cd-46ad-9455-c870348ae911.jpg\" alt=\"\" \/><\/p>\n<p>&nbsp;<\/p>\n<\/div>\n<div class=\"row border border-light mt-4 editor-bilgileri\">\n<div class=\"col p-4\">\n<div class=\"row align-items-center\">\n<div class=\"col-2 mr-4 kullanici\">\n<div class=\"yuvarlak overflow-hidden p-0\"><\/div>\n<\/div>\n<\/div>\n<\/div>\n<\/div>\n","protected":false},"excerpt":{"rendered":"<p>Ge\u00e7ti\u011fimiz g\u00fcnlerde, L\u00f6hne kentinde D\u0130T\u0130B Hac\u0131 Bayram Camii Derne\u011fi\u2019nin evsahipli\u011finde ger\u00e7ekle\u015fen i\u015finsanlar\u0131 bulu\u015fmas\u0131, b\u00f6lgedeki T\u00fcrk giri\u015fimciler i\u00e7in \u00f6nemli bir etkinlik olarak \u00f6ne \u00e7\u0131kt\u0131. Dernek \u00fcyeleri ve yerel giri\u015fimcilerin kat\u0131l\u0131m\u0131 ile d\u00fczenlenen bu \u00f6zel toplant\u0131ya, T\u00fcrkiye\u2019nin M\u00fcnster Ba\u015fkonsolosu Arif Hakan Yeter de kat\u0131larak etkinli\u011fi onurland\u0131rd\u0131. T\u00fcrk i\u015f d\u00fcnyas\u0131n\u0131n g\u00fcc\u00fcn\u00fc bir araya getiren bu bulu\u015fma, ortak sorunlar [&hellip;]<\/p>\n","protected":false},"author":2,"featured_media":256,"comment_status":"open","ping_status":"open","sticky":false,"template":"","format":"standard","meta":{"_crdt_document":"","_jetpack_memberships_contains_paid_content":false,"footnotes":""},"categories":[3],"tags":[],"class_list":["post-255","post","type-post","status-publish","format-standard","has-post-thumbnail","hentry","category-dernekler"],"jetpack_featured_media_url":"https:\/\/lokalbakis.de\/wp-content\/uploads\/2025\/04\/56f3c9b7-507c-49b7-827c-692c785521fd-1024x768-1.jpg","jetpack_sharing_enabled":true,"_links":{"self":[{"href":"https:\/\/lokalbakis.de\/index.php?rest_route=\/wp\/v2\/posts\/255","targetHints":{"allow":["GET"]}}],"collection":[{"href":"https:\/\/lokalbakis.de\/index.php?rest_route=\/wp\/v2\/posts"}],"about":[{"href":"https:\/\/lokalbakis.de\/index.php?rest_route=\/wp\/v2\/types\/post"}],"author":[{"embeddable":true,"href":"https:\/\/lokalbakis.de\/index.php?rest_route=\/wp\/v2\/users\/2"}],"replies":[{"embeddable":true,"href":"https:\/\/lokalbakis.de\/index.php?rest_route=%2Fwp%2Fv2%2Fcomments&post=255"}],"version-history":[{"count":1,"href":"https:\/\/lokalbakis.de\/index.php?rest_route=\/wp\/v2\/posts\/255\/revisions"}],"predecessor-version":[{"id":257,"href":"https:\/\/lokalbakis.de\/index.php?rest_route=\/wp\/v2\/posts\/255\/revisions\/257"}],"wp:featuredmedia":[{"embeddable":true,"href":"https:\/\/lokalbakis.de\/index.php?rest_route=\/wp\/v2\/media\/256"}],"wp:attachment":[{"href":"https:\/\/lokalbakis.de\/index.php?rest_route=%2Fwp%2Fv2%2Fmedia&parent=255"}],"wp:term":[{"taxonomy":"category","embeddable":true,"href":"https:\/\/lokalbakis.de\/index.php?rest_route=%2Fwp%2Fv2%2Fcategories&post=255"},{"taxonomy":"post_tag","embeddable":true,"href":"https:\/\/lokalbakis.de\/index.php?rest_route=%2Fwp%2Fv2%2Ftags&post=255"}],"curies":[{"name":"wp","href":"https:\/\/api.w.org\/{rel}","templated":true}]}}