{"id":271,"date":"2025-04-05T02:08:24","date_gmt":"2025-04-05T00:08:24","guid":{"rendered":"https:\/\/lokalbakis.de\/?p=271"},"modified":"2025-04-05T02:08:37","modified_gmt":"2025-04-05T00:08:37","slug":"ramazan-bulusmasi-ve-toplumsal-dayanisma","status":"publish","type":"post","link":"https:\/\/lokalbakis.de\/?p=271","title":{"rendered":"Ramazan Bulu\u015fmas\u0131 ve Toplumsal Dayan\u0131\u015fma"},"content":{"rendered":"<blockquote><p>Akyol: \u201cG\u00f6\u00e7menler Olarak Siyasette Daha Aktif Olmal\u0131y\u0131z\u201d<\/p><\/blockquote>\n<div class=\"detay\">\n<p>GELSENK\u0130RCHEN- WIN (W\u00e4hler Initiative NRW), Gelsenkirchen\u2019deki Schloss Berge\u2019de d\u00fczenlenen iftar program\u0131nda halkla bir araya geldi. WIN Gelsenkirchen Grup Ba\u015fkan\u0131 Ali R\u0131za Akyol, Ramazan ay\u0131n\u0131n birle\u015ftirici g\u00fcc\u00fcne vurgu yaparak, iftar programlar\u0131n\u0131n toplumsal dayan\u0131\u015fma a\u00e7\u0131s\u0131ndan b\u00fcy\u00fck \u00f6nem ta\u015f\u0131d\u0131\u011f\u0131n\u0131 belirtti.<\/p>\n<p>Program, parti temsilcilerinin konu\u015fmas\u0131yla ba\u015flad\u0131. Daha sonra, WIN Gelsenkirchen Grup Ba\u015fkan\u0131 Ali R\u0131za Akyol bir konu\u015fma yapt\u0131. Konu\u015fmalar\u0131n ard\u0131ndan okunan Kur\u2019an-\u0131 Kerim tilaveti ve ezan ile oru\u00e7 a\u00e7\u0131ld\u0131.<\/p>\n<p><img decoding=\"async\" src=\"https:\/\/www.lokalbakis.com\/images\/722b50014b27795c0270779746e40bb4.png\" alt=\"\" \/><\/p>\n<p>\u201cBu t\u00fcr programlar, insanlarla do\u011frudan ileti\u015fim kurmam\u0131za, onlar\u0131n isteklerini ve s\u0131k\u0131nt\u0131lar\u0131n\u0131 dinlememize olanak sa\u011fl\u0131yor. Hem orucumuzu birlikte a\u00e7\u0131yoruz hem de dertle\u015fip \u00e7\u00f6z\u00fcm yollar\u0131 ar\u0131yoruz. \u0130ftar, dini bir ibadet olman\u0131n yan\u0131 s\u0131ra toplumsal bir etkinli\u011fe de d\u00f6n\u00fc\u015fm\u00fc\u015f durumda. M\u00fcsl\u00fcman olmayan ki\u015filer bile iftar organizasyonlar\u0131 d\u00fczenleyerek bu birlikteli\u011fe tan\u0131kl\u0131k ediyor,\u201d dedi.<\/p>\n<p>Siyasi bir olu\u015fum olarak bu t\u00fcr etkinliklere \u00f6nem verdiklerini vurgulayan Akyol, \u201c\u0130slam inanc\u0131m\u0131z\u0131n gere\u011fi olarak dini ve toplumsal de\u011ferlere sahip \u00e7\u0131k\u0131yoruz. \u0130ftar programlar\u0131, toplumu bir araya getirmek ve birlikteli\u011fi g\u00fc\u00e7lendirmek ad\u0131na k\u0131ymetli etkinlikler aras\u0131nda yer al\u0131yor,\u201d ifadelerini kulland\u0131.<\/p>\n<p><strong>\u201cGen\u00e7lerimiz Siyasete Daha Fazla \u0130lgi G\u00f6steriyor\u201d<\/strong><\/p>\n<p>Akyol, partisinin siyaset sahnesindeki konumunu ve g\u00f6\u00e7men toplumunun siyasete kat\u0131l\u0131m\u0131n\u0131n \u00f6nemini de vurgulad\u0131. Gelsenkirchen Meclisi\u2019nde \u00fc\u00e7 ki\u015filik bir fraksiyon olu\u015fturduklar\u0131n\u0131 belirten Akyol, WIN Partisi\u2019nin 20 y\u0131ld\u0131r aktif siyasi \u00e7al\u0131\u015fmalar y\u00fcr\u00fctt\u00fc\u011f\u00fcn\u00fc ifade etti.<\/p>\n<p>\u201cGen\u00e7 ve e\u011fitimli bir kadromuz var. \u015eu anda 17-18 komisyonumuz bulunuyor ve yakla\u015f\u0131k 15 komisyonda g\u00f6rev alan arkada\u015flar\u0131m\u0131z\u0131n ya\u015f ortalamas\u0131 25-26. Kad\u0131n temsil oran\u0131m\u0131z y\u00fczde 50 ve bu durumu \u00e7ok \u00f6nemsiyoruz. Bir k\u0131z babas\u0131 olarak da gen\u00e7lere e\u015fit f\u0131rsatlar sunulmas\u0131na hassasiyet g\u00f6steriyorum,\u201d dedi.<\/p>\n<p>Siyasete olan ilginin ge\u00e7mi\u015fe k\u0131yasla artt\u0131\u011f\u0131n\u0131 belirten Akyol, \u00f6zellikle \u00e7ifte vatanda\u015fl\u0131k hakk\u0131n\u0131n kazan\u0131lmas\u0131yla g\u00f6\u00e7menlerin siyasi alanda daha etkin rol oynayabilece\u011fini s\u00f6yledi.<\/p>\n<p><strong>\u201cKendi Partinizi Kurun veya Temsil Edenleri Destekleyin\u201d<\/strong><\/p>\n<p>Mevcut partilerin g\u00f6\u00e7menleri yeterince temsil etmedi\u011fini d\u00fc\u015f\u00fcnenler i\u00e7in en iyi \u00e7\u00f6z\u00fcm\u00fcn, yerel d\u00fczeyde se\u00e7men gruplar\u0131 olu\u015fturarak belediye se\u00e7imlerine kat\u0131lmak oldu\u011funu belirten Akyol, \u201cBelediye d\u00fczeyinde kazan\u0131lacak deneyim, gelecekte eyalet veya federal d\u00fczeyde bir parti kurman\u0131n temelini olu\u015fturabilir,\u201d dedi.<\/p>\n<p>Akyol, g\u00f6\u00e7men toplumunun siyasette daha aktif rol almas\u0131 gerekti\u011fini belirterek, \u201cYa kendi olu\u015fumunuzu kurarak siyasete girin ya da sizi temsil eden siyaset\u00e7ileri destekleyin,\u201d \u00e7a\u011fr\u0131s\u0131nda bulundu.<\/p>\n<p><strong>Haber: Mustafa T\u0131\u011fl\u0131<\/strong>.<\/p>\n<div>\n<p><img decoding=\"async\" class=\"wp-image-3396\" src=\"https:\/\/nrwstar.com\/wp-content\/uploads\/2025\/03\/DSC_0539.jpg\" alt=\"\" \/><\/p>\n<\/div>\n<\/div>\n<div class=\"row border-top border-light mt-4 haber-yorum\">\n<div class=\"col m-3 pt-3 pb-2\">\n<div class=\"row\">\n<div class=\"col pb-3 baslik\"><i class=\"fa fa-comment-o\"><\/i> Okuyucu Yorumlar\u0131 <span class=\"font-weight-normal text-muted\">(0)<\/span><\/div>\n<\/div>\n<\/div>\n<\/div>\n","protected":false},"excerpt":{"rendered":"<p>Akyol: \u201cG\u00f6\u00e7menler Olarak Siyasette Daha Aktif Olmal\u0131y\u0131z\u201d GELSENK\u0130RCHEN- WIN (W\u00e4hler Initiative NRW), Gelsenkirchen\u2019deki Schloss Berge\u2019de d\u00fczenlenen iftar program\u0131nda halkla bir araya geldi. WIN Gelsenkirchen Grup Ba\u015fkan\u0131 Ali R\u0131za Akyol, Ramazan ay\u0131n\u0131n birle\u015ftirici g\u00fcc\u00fcne vurgu yaparak, iftar programlar\u0131n\u0131n toplumsal dayan\u0131\u015fma a\u00e7\u0131s\u0131ndan b\u00fcy\u00fck \u00f6nem ta\u015f\u0131d\u0131\u011f\u0131n\u0131 belirtti. Program, parti temsilcilerinin konu\u015fmas\u0131yla ba\u015flad\u0131. Daha sonra, WIN Gelsenkirchen Grup Ba\u015fkan\u0131 [&hellip;]<\/p>\n","protected":false},"author":2,"featured_media":272,"comment_status":"open","ping_status":"open","sticky":false,"template":"","format":"standard","meta":{"_crdt_document":"","_jetpack_memberships_contains_paid_content":false,"footnotes":""},"categories":[14],"tags":[],"class_list":["post-271","post","type-post","status-publish","format-standard","has-post-thumbnail","hentry","category-siyaset"],"jetpack_featured_media_url":"https:\/\/lokalbakis.de\/wp-content\/uploads\/2025\/04\/ramazan-bulusmasi-ve-toplumsal-dayanisma-003008-20250326.png","jetpack_sharing_enabled":true,"_links":{"self":[{"href":"https:\/\/lokalbakis.de\/index.php?rest_route=\/wp\/v2\/posts\/271","targetHints":{"allow":["GET"]}}],"collection":[{"href":"https:\/\/lokalbakis.de\/index.php?rest_route=\/wp\/v2\/posts"}],"about":[{"href":"https:\/\/lokalbakis.de\/index.php?rest_route=\/wp\/v2\/types\/post"}],"author":[{"embeddable":true,"href":"https:\/\/lokalbakis.de\/index.php?rest_route=\/wp\/v2\/users\/2"}],"replies":[{"embeddable":true,"href":"https:\/\/lokalbakis.de\/index.php?rest_route=%2Fwp%2Fv2%2Fcomments&post=271"}],"version-history":[{"count":1,"href":"https:\/\/lokalbakis.de\/index.php?rest_route=\/wp\/v2\/posts\/271\/revisions"}],"predecessor-version":[{"id":273,"href":"https:\/\/lokalbakis.de\/index.php?rest_route=\/wp\/v2\/posts\/271\/revisions\/273"}],"wp:featuredmedia":[{"embeddable":true,"href":"https:\/\/lokalbakis.de\/index.php?rest_route=\/wp\/v2\/media\/272"}],"wp:attachment":[{"href":"https:\/\/lokalbakis.de\/index.php?rest_route=%2Fwp%2Fv2%2Fmedia&parent=271"}],"wp:term":[{"taxonomy":"category","embeddable":true,"href":"https:\/\/lokalbakis.de\/index.php?rest_route=%2Fwp%2Fv2%2Fcategories&post=271"},{"taxonomy":"post_tag","embeddable":true,"href":"https:\/\/lokalbakis.de\/index.php?rest_route=%2Fwp%2Fv2%2Ftags&post=271"}],"curies":[{"name":"wp","href":"https:\/\/api.w.org\/{rel}","templated":true}]}}