{"id":274,"date":"2025-04-05T02:09:36","date_gmt":"2025-04-05T00:09:36","guid":{"rendered":"https:\/\/lokalbakis.de\/?p=274"},"modified":"2025-04-05T02:09:48","modified_gmt":"2025-04-05T00:09:48","slug":"duesseldorfta-tuerkce-ve-tuerk-kueltuerue-dersleri-uezerine-egitim-calistayi-duezenlendi","status":"publish","type":"post","link":"https:\/\/lokalbakis.de\/?p=274","title":{"rendered":"D\u00fcsseldorf&#8217;ta T\u00fcrk\u00e7e ve T\u00fcrk K\u00fclt\u00fcr\u00fc dersleri \u00fczerine e\u011fitim \u00e7al\u0131\u015ftay\u0131 d\u00fczenlendi"},"content":{"rendered":"<blockquote><p>Genel M\u00fcd\u00fcr Yard\u0131mc\u0131m\u0131z Say\u0131n Eyyup TANYILDIZ ve Berlin E\u011fitim M\u00fc\u015favirimiz Say\u0131n Prof. Dr. Metin Aksoy, Eyalet E\u011fitim Ata\u015feleri ile birlikte Ba\u015fkonsolosumuzu ziyaret ederek, b\u00f6lgedeki e\u011fitim faaliyetleri \u00fczerine verimli bir toplant\u0131 ger\u00e7ekle\u015ftirdi.<\/p><\/blockquote>\n<div class=\"detay\">\n<p>Toplant\u0131 kapsam\u0131nda, T\u00fcrk\u00e7e ve T\u00fcrk K\u00fclt\u00fcr\u00fc derslerine odaklanarak bir e\u011fitim \u00e7al\u0131\u015ftay\u0131 d\u00fczenlendi. \u00c7al\u0131\u015ftayda, Almanya&#8217;daki T\u00fcrk \u00e7ocuklar\u0131n\u0131n ana dillerini ve k\u00fclt\u00fcrlerini ya\u015fatmalar\u0131 \u00fczerine detayl\u0131 de\u011ferlendirmeler yap\u0131ld\u0131. Kat\u0131l\u0131mc\u0131lar, e\u011fitimde kar\u015f\u0131la\u015f\u0131lan f\u0131rsatlar ve zorluklar\u0131 ele alarak, derslerin daha verimli hale getirilmesi i\u00e7in yeni stratejiler \u00fczerinde g\u00f6r\u00fc\u015f al\u0131\u015fveri\u015finde bulundu.<\/p>\n<p>Toplant\u0131 ve \u00e7al\u0131\u015ftay s\u00fcresince \u00f6\u011frenci ve velilere y\u00f6nelik mevcut \u00e7al\u0131\u015fmalar g\u00f6zden ge\u00e7irildi ve e\u011fitim faaliyetlerinin geli\u015ftirilmesine y\u00f6nelik \u00f6neriler de\u011ferlendirildi. T\u00fcrkiye ve Almanya aras\u0131ndaki e\u011fitim i\u015f birliklerinin g\u00fc\u00e7lendirilmesi amac\u0131yla gen\u00e7lerin gelece\u011fine katk\u0131 sa\u011flayacak projeler ele al\u0131nd\u0131.<\/p>\n<p>Yap\u0131lan toplant\u0131 ve \u00e7al\u0131\u015ftay, e\u011fitim alan\u0131ndaki i\u015f birliklerini g\u00fc\u00e7lendirme ve T\u00fcrk dili ile k\u00fclt\u00fcr\u00fcn\u00fcn Almanya&#8217;daki gen\u00e7 nesillere aktar\u0131lmas\u0131 konusunda \u00f6nemli ad\u0131mlar\u0131n at\u0131lmas\u0131na zemin haz\u0131rlad\u0131. E\u011fitim yetkilileri, &#8222;Dilimiz kimli\u011fimizdir&#8220; anlay\u0131\u015f\u0131yla, gelecek nesillere g\u00fc\u00e7l\u00fc bir k\u00fclt\u00fcrel miras b\u0131rakmak i\u00e7in \u00e7al\u0131\u015fmalar\u0131n\u0131 s\u00fcrd\u00fcreceklerini vurgulad\u0131.<\/p>\n<p>&nbsp;<\/p>\n<p><a href=\"https:\/\/dusseldorf.meb.gov.tr\/meb_iys_dosyalar\/2025_03\/13111715_1.jpg\" target=\"_blank\" rel=\"noopener\"><img decoding=\"async\" src=\"https:\/\/dusseldorf.meb.gov.tr\/meb_iys_dosyalar\/2025_03\/k_13111715_1.jpg\" alt=\"13-03-2025\" \/><\/a><a href=\"https:\/\/dusseldorf.meb.gov.tr\/meb_iys_dosyalar\/2025_03\/13111947_3.jpg\" target=\"_blank\" rel=\"noopener\"> <img decoding=\"async\" src=\"https:\/\/dusseldorf.meb.gov.tr\/meb_iys_dosyalar\/2025_03\/k_13111947_3.jpg\" alt=\"13-03-2025\" \/> <\/a><a href=\"https:\/\/dusseldorf.meb.gov.tr\/meb_iys_dosyalar\/2025_03\/13111958_2.jpg\" target=\"_blank\" rel=\"noopener\"><img decoding=\"async\" src=\"https:\/\/dusseldorf.meb.gov.tr\/meb_iys_dosyalar\/2025_03\/k_13111958_2.jpg\" alt=\"13-03-2025\" \/><\/a><\/p>\n<\/div>\n","protected":false},"excerpt":{"rendered":"<p>Genel M\u00fcd\u00fcr Yard\u0131mc\u0131m\u0131z Say\u0131n Eyyup TANYILDIZ ve Berlin E\u011fitim M\u00fc\u015favirimiz Say\u0131n Prof. Dr. Metin Aksoy, Eyalet E\u011fitim Ata\u015feleri ile birlikte Ba\u015fkonsolosumuzu ziyaret ederek, b\u00f6lgedeki e\u011fitim faaliyetleri \u00fczerine verimli bir toplant\u0131 ger\u00e7ekle\u015ftirdi. Toplant\u0131 kapsam\u0131nda, T\u00fcrk\u00e7e ve T\u00fcrk K\u00fclt\u00fcr\u00fc derslerine odaklanarak bir e\u011fitim \u00e7al\u0131\u015ftay\u0131 d\u00fczenlendi. \u00c7al\u0131\u015ftayda, Almanya&#8217;daki T\u00fcrk \u00e7ocuklar\u0131n\u0131n ana dillerini ve k\u00fclt\u00fcrlerini ya\u015fatmalar\u0131 \u00fczerine detayl\u0131 de\u011ferlendirmeler [&hellip;]<\/p>\n","protected":false},"author":2,"featured_media":276,"comment_status":"open","ping_status":"open","sticky":false,"template":"","format":"standard","meta":{"_crdt_document":"","_jetpack_memberships_contains_paid_content":false,"footnotes":""},"categories":[7],"tags":[],"class_list":["post-274","post","type-post","status-publish","format-standard","has-post-thumbnail","hentry","category-guencel"],"jetpack_featured_media_url":"https:\/\/lokalbakis.de\/wp-content\/uploads\/2025\/04\/dusseldorfta-turkce-ve-turk-kulturu-dersleri-uzerine-egitim-calistayi-duzenlendi-160102-20250327.jpg","jetpack_sharing_enabled":true,"_links":{"self":[{"href":"https:\/\/lokalbakis.de\/index.php?rest_route=\/wp\/v2\/posts\/274","targetHints":{"allow":["GET"]}}],"collection":[{"href":"https:\/\/lokalbakis.de\/index.php?rest_route=\/wp\/v2\/posts"}],"about":[{"href":"https:\/\/lokalbakis.de\/index.php?rest_route=\/wp\/v2\/types\/post"}],"author":[{"embeddable":true,"href":"https:\/\/lokalbakis.de\/index.php?rest_route=\/wp\/v2\/users\/2"}],"replies":[{"embeddable":true,"href":"https:\/\/lokalbakis.de\/index.php?rest_route=%2Fwp%2Fv2%2Fcomments&post=274"}],"version-history":[{"count":1,"href":"https:\/\/lokalbakis.de\/index.php?rest_route=\/wp\/v2\/posts\/274\/revisions"}],"predecessor-version":[{"id":275,"href":"https:\/\/lokalbakis.de\/index.php?rest_route=\/wp\/v2\/posts\/274\/revisions\/275"}],"wp:featuredmedia":[{"embeddable":true,"href":"https:\/\/lokalbakis.de\/index.php?rest_route=\/wp\/v2\/media\/276"}],"wp:attachment":[{"href":"https:\/\/lokalbakis.de\/index.php?rest_route=%2Fwp%2Fv2%2Fmedia&parent=274"}],"wp:term":[{"taxonomy":"category","embeddable":true,"href":"https:\/\/lokalbakis.de\/index.php?rest_route=%2Fwp%2Fv2%2Fcategories&post=274"},{"taxonomy":"post_tag","embeddable":true,"href":"https:\/\/lokalbakis.de\/index.php?rest_route=%2Fwp%2Fv2%2Ftags&post=274"}],"curies":[{"name":"wp","href":"https:\/\/api.w.org\/{rel}","templated":true}]}}