{"id":427,"date":"2025-04-07T16:55:40","date_gmt":"2025-04-07T14:55:40","guid":{"rendered":"https:\/\/lokalbakis.de\/?p=427"},"modified":"2025-04-07T16:55:40","modified_gmt":"2025-04-07T14:55:40","slug":"47-yil-sonra-bir-araya-geldiler","status":"publish","type":"post","link":"https:\/\/lokalbakis.de\/?p=427","title":{"rendered":"47 Y\u0131l Sonra Bir Araya Geldiler."},"content":{"rendered":"<div class=\"entry-content\">\n<p>1978 y\u0131l\u0131nda Hauptschule an der Goethestrasse, Marl\u2019da ortaokul diplomas\u0131n\u0131 alan ve \u201cKlasse 5a \u2013 9a\u201d olarak an\u0131lan s\u0131n\u0131f arkada\u015fl\u0131klar\u0131, 47 y\u0131l sonra yeniden bir araya geldi. Eski \u00f6\u011frenciler, ge\u00e7mi\u015fteki samimi ili\u015fkilerin ve unutulmaz an\u0131lar\u0131n izlerini ta\u015f\u0131rken, bu bulu\u015fma onlara ge\u00e7mi\u015fi yad etme f\u0131rsat\u0131 sundu.<\/p>\n<p><strong>Eski Dostluklar\u0131n ve Gelece\u011fe Umudun Simgesi<\/strong><br \/>\nBu anlaml\u0131 bulu\u015fman\u0131n ard\u0131ndan, dostluklar\u0131n\u0131 tazelemi\u015f olan grup, gelecek i\u00e7in yeni bir ad\u0131m at\u0131yor. Rasim Saka ve di\u011fer eski \u00f6\u011frenciler, 3 y\u0131l sonra d\u00fczenlenecek olan 50. y\u0131l kutlamas\u0131yla, y\u0131llar\u0131n getirdi\u011fi dostlu\u011fu daha da per\u00e7inlemeyi hedefliyor.<\/p>\n<p><strong>Saka: Ba\u011flar\u0131m\u0131z G\u00fc\u00e7lenecek<\/strong><br \/>\nEski \u00f6\u011frenciler aras\u0131nda sayg\u0131n bir konuma sahip olan Rasim Saka, bulu\u015fma ve yakla\u015fan kutlama hakk\u0131nda duygular\u0131n\u0131 \u015fu \u015fekilde ifade etti: \u201c47 y\u0131l sonra yeniden bir araya gelmek, ge\u00e7mi\u015fteki samimiyetimizi ve dostlu\u011fumuzu g\u00f6zler \u00f6n\u00fcne serdi. 3 y\u0131l sonra ger\u00e7ekle\u015fecek 50. y\u0131l kutlamas\u0131 ise, hem an\u0131lar\u0131m\u0131z\u0131 tazeleyecek hem de gelece\u011fe dair umutlar\u0131m\u0131z\u0131 g\u00fc\u00e7lendirecek. Bu kutlama, eskisi gibi de\u011fi\u015fmeyen ba\u011flar\u0131m\u0131z\u0131n ve yeni ba\u015flang\u0131\u00e7lar\u0131n simgesi olacak.\u201d<\/p>\n<p>Rasim Saka\u2019n\u0131n s\u00f6zleri, y\u0131llar\u0131n getirdi\u011fi deneyimin ve dostluklar\u0131n \u00f6l\u00fcms\u00fczl\u00fc\u011f\u00fcn\u00fcn alt\u0131n\u0131 \u00e7iziyor. Bu bulu\u015fma ve yakla\u015fan kutlama, eski dostluklar\u0131n yeniden canlanmas\u0131 ile gelece\u011fe dair umut dolu ad\u0131mlar\u0131n at\u0131lmas\u0131n\u0131n \u00f6nemini vurguluyor.<\/p>\n<p><strong>Gelece\u011fe Umutla Bak\u0131\u015f<\/strong><br \/>\n47 y\u0131l sonra ger\u00e7ekle\u015fen bu anlaml\u0131 bulu\u015fma, eski \u00f6\u011frencilerin ge\u00e7mi\u015fin de\u011ferlerini ya\u015fat\u0131rken, 3 y\u0131l sonra d\u00fczenlenecek 50. y\u0131l kutlamas\u0131yla yeni ba\u015flang\u0131\u00e7lara kap\u0131 aralayaca\u011f\u0131n\u0131 g\u00f6steriyor. Rasim Saka\u2019n\u0131n da belirtti\u011fi gibi, bu organizasyon, nesiller boyu devam eden dostluklar\u0131n ve samimiyetin en g\u00fczel g\u00f6stergesi olarak haf\u0131zalara kaz\u0131nacak.<\/p>\n<p>Bu \u00f6zel g\u00fcn, Goethestrasse Hauptschule\u2019n\u0131n duvarlar\u0131nda sakl\u0131 an\u0131lar\u0131n modern bir yorumla yeniden canlanmas\u0131n\u0131 sa\u011flayarak, t\u00fcm kat\u0131l\u0131mc\u0131lar i\u00e7in unutulmaz bir deneyime d\u00f6n\u00fc\u015fecektir.<\/p>\n<p>\u00d6\u011fretmenler ise tatilde oldukla\u0131\u0131 i\u00e7in bulu\u015fmaya kat\u0131lamad\u0131lar.<\/p>\n<div class=\"wp-block-image\">\n<figure class=\"aligncenter size-full\"><img loading=\"lazy\" decoding=\"async\" class=\"wp-image-3670\" src=\"https:\/\/nrwstar.com\/wp-content\/uploads\/2025\/04\/image-20.png\" alt=\"\" width=\"1600\" height=\"1200\" \/><\/figure>\n<\/div>\n<figure class=\"wp-block-image size-full\"><\/figure>\n<\/div>\n<footer class=\"entry-footer\"><\/footer>\n<nav class=\"navigation post-navigation\" aria-label=\"Yaz\u0131lar\">\n<h2 class=\"screen-reader-text\">Yaz\u0131 gezinmesi<\/h2>\n<div class=\"nav-links\">\n<div class=\"nav-previous\"><\/div>\n<\/div>\n<\/nav>\n","protected":false},"excerpt":{"rendered":"<p>1978 y\u0131l\u0131nda Hauptschule an der Goethestrasse, Marl\u2019da ortaokul diplomas\u0131n\u0131 alan ve \u201cKlasse 5a \u2013 9a\u201d olarak an\u0131lan s\u0131n\u0131f arkada\u015fl\u0131klar\u0131, 47 y\u0131l sonra yeniden bir araya geldi. Eski \u00f6\u011frenciler, ge\u00e7mi\u015fteki samimi ili\u015fkilerin ve unutulmaz an\u0131lar\u0131n izlerini ta\u015f\u0131rken, bu bulu\u015fma onlara ge\u00e7mi\u015fi yad etme f\u0131rsat\u0131 sundu. Eski Dostluklar\u0131n ve Gelece\u011fe Umudun Simgesi Bu anlaml\u0131 bulu\u015fman\u0131n ard\u0131ndan, dostluklar\u0131n\u0131 [&hellip;]<\/p>\n","protected":false},"author":2,"featured_media":428,"comment_status":"open","ping_status":"open","sticky":false,"template":"","format":"standard","meta":{"_crdt_document":"","_jetpack_memberships_contains_paid_content":false,"footnotes":""},"categories":[7],"tags":[],"class_list":["post-427","post","type-post","status-publish","format-standard","has-post-thumbnail","hentry","category-guencel"],"jetpack_featured_media_url":"https:\/\/lokalbakis.de\/wp-content\/uploads\/2025\/04\/image-20-e1744037721949.png","jetpack_sharing_enabled":true,"_links":{"self":[{"href":"https:\/\/lokalbakis.de\/index.php?rest_route=\/wp\/v2\/posts\/427","targetHints":{"allow":["GET"]}}],"collection":[{"href":"https:\/\/lokalbakis.de\/index.php?rest_route=\/wp\/v2\/posts"}],"about":[{"href":"https:\/\/lokalbakis.de\/index.php?rest_route=\/wp\/v2\/types\/post"}],"author":[{"embeddable":true,"href":"https:\/\/lokalbakis.de\/index.php?rest_route=\/wp\/v2\/users\/2"}],"replies":[{"embeddable":true,"href":"https:\/\/lokalbakis.de\/index.php?rest_route=%2Fwp%2Fv2%2Fcomments&post=427"}],"version-history":[{"count":1,"href":"https:\/\/lokalbakis.de\/index.php?rest_route=\/wp\/v2\/posts\/427\/revisions"}],"predecessor-version":[{"id":429,"href":"https:\/\/lokalbakis.de\/index.php?rest_route=\/wp\/v2\/posts\/427\/revisions\/429"}],"wp:featuredmedia":[{"embeddable":true,"href":"https:\/\/lokalbakis.de\/index.php?rest_route=\/wp\/v2\/media\/428"}],"wp:attachment":[{"href":"https:\/\/lokalbakis.de\/index.php?rest_route=%2Fwp%2Fv2%2Fmedia&parent=427"}],"wp:term":[{"taxonomy":"category","embeddable":true,"href":"https:\/\/lokalbakis.de\/index.php?rest_route=%2Fwp%2Fv2%2Fcategories&post=427"},{"taxonomy":"post_tag","embeddable":true,"href":"https:\/\/lokalbakis.de\/index.php?rest_route=%2Fwp%2Fv2%2Ftags&post=427"}],"curies":[{"name":"wp","href":"https:\/\/api.w.org\/{rel}","templated":true}]}}