{"id":58,"date":"2024-12-31T00:43:26","date_gmt":"2024-12-30T23:43:26","guid":{"rendered":"https:\/\/lokalbakis.de\/?p=58"},"modified":"2024-12-31T00:43:26","modified_gmt":"2024-12-30T23:43:26","slug":"essende-silahla-yaralanmis-40-yasindaki-bir-kisi-bulundu-suepheli-goezaltina-alindi","status":"publish","type":"post","link":"https:\/\/lokalbakis.de\/?p=58","title":{"rendered":"Essen\u2019de Silahla Yaralanm\u0131\u015f 40 Ya\u015f\u0131ndaki Bir Ki\u015fi Bulundu &#8211; \u015e\u00fcpheli G\u00f6zalt\u0131na Al\u0131nd\u0131"},"content":{"rendered":"\n<blockquote class=\"wp-block-quote is-layout-flow wp-block-quote-is-layout-flow\">\n<p class=\"wp-block-paragraph\">Essen (ots) \u2013 45133 E.-Bredeney: Bug\u00fcn sabah saatlerinde (30 Aral\u0131k), Wiedfeldstra\u00dfe\u2019de silahla yaralanm\u0131\u015f bir erkek bulundu. Hayati tehlikesi bulunan 40 ya\u015f\u0131ndaki Essenli, h\u0131zla hastaneye kald\u0131r\u0131ld\u0131. Olay yerinin yak\u0131n\u0131nda polis ekipleri bir \u015f\u00fcpheliyi g\u00f6zalt\u0131na ald\u0131.<\/p>\n<\/blockquote>\n\n\n\n<p class=\"wp-block-paragraph\">Essen Polisi olayla ilgili bir cinayet masas\u0131 kurdu.<\/p>\n\n\n\n<p class=\"wp-block-paragraph\">Saat 03:30 sular\u0131nda Essen Polisi \u00e7a\u011fr\u0131 merkezine, Wiedfeldstra\u00dfe\u2019de yaral\u0131 bir ki\u015fi oldu\u011fu bilgisi ula\u015ft\u0131. Olay yerine gelen ekipler, bir garaj giri\u015finde, ate\u015fli silahla a\u011f\u0131r yaralanm\u0131\u015f 40 ya\u015f\u0131ndaki bir ki\u015fiyi buldu. Yaral\u0131, olay yerinde sa\u011fl\u0131k ekiplerince ilk m\u00fcdahale yap\u0131ld\u0131ktan sonra h\u0131zla hastaneye sevk edildi.<\/p>\n\n\n\n<p class=\"wp-block-paragraph\">Olay yeri \u00e7evresinde yap\u0131lan arama \u00e7al\u0131\u015fmalar\u0131 s\u0131ras\u0131nda polis, \u00e7al\u0131l\u0131klar\u0131n aras\u0131nda saklanan bir \u015f\u00fcpheliyi g\u00f6zalt\u0131na ald\u0131. \u015e\u00fcphelinin, Bocholt\u2019ta ya\u015fayan 26 ya\u015f\u0131ndaki T\u00fcrk vatanda\u015f\u0131 oldu\u011fu \u00f6\u011frenildi. \u015e\u00fcpheli, Essen Savc\u0131l\u0131\u011f\u0131\u2019n\u0131n talebi \u00fczerine bug\u00fcn h\u00e2kim kar\u015f\u0131s\u0131na \u00e7\u0131kar\u0131lacak.<\/p>\n\n\n\n<p class=\"wp-block-paragraph\">Essen Polisi taraf\u0131ndan bir cinayet masas\u0131 kuruldu. Olay\u0131n arka plan\u0131 hen\u00fcz netle\u015fmi\u015f de\u011fil ve soru\u015fturma devam ediyor.<\/p>\n\n\n\n<p class=\"wp-block-paragraph\"><strong>Foto\u011fraf:<\/strong> Temsili G\u00f6rsel<\/p>\n","protected":false},"excerpt":{"rendered":"<p>Essen (ots) \u2013 45133 E.-Bredeney: Bug\u00fcn sabah saatlerinde (30 Aral\u0131k), Wiedfeldstra\u00dfe\u2019de silahla yaralanm\u0131\u015f bir erkek bulundu. Hayati tehlikesi bulunan 40 ya\u015f\u0131ndaki Essenli, h\u0131zla hastaneye kald\u0131r\u0131ld\u0131. Olay yerinin yak\u0131n\u0131nda polis ekipleri bir \u015f\u00fcpheliyi g\u00f6zalt\u0131na ald\u0131. Essen Polisi olayla ilgili bir cinayet masas\u0131 kurdu. Saat 03:30 sular\u0131nda Essen Polisi \u00e7a\u011fr\u0131 merkezine, Wiedfeldstra\u00dfe\u2019de yaral\u0131 bir ki\u015fi oldu\u011fu bilgisi [&hellip;]<\/p>\n","protected":false},"author":2,"featured_media":59,"comment_status":"open","ping_status":"open","sticky":false,"template":"","format":"standard","meta":{"_crdt_document":"","_jetpack_memberships_contains_paid_content":false,"footnotes":""},"categories":[5],"tags":[],"class_list":["post-58","post","type-post","status-publish","format-standard","has-post-thumbnail","hentry","category-polis"],"jetpack_featured_media_url":"https:\/\/lokalbakis.de\/wp-content\/uploads\/2024\/12\/essende-silahla-yaralanmis-40-yasindaki-bir-kisi-bulundu-supheli-gozaltina-alindi-cinayet-masasi-kuruldu-153319-20241230.jpg","jetpack_sharing_enabled":true,"_links":{"self":[{"href":"https:\/\/lokalbakis.de\/index.php?rest_route=\/wp\/v2\/posts\/58","targetHints":{"allow":["GET"]}}],"collection":[{"href":"https:\/\/lokalbakis.de\/index.php?rest_route=\/wp\/v2\/posts"}],"about":[{"href":"https:\/\/lokalbakis.de\/index.php?rest_route=\/wp\/v2\/types\/post"}],"author":[{"embeddable":true,"href":"https:\/\/lokalbakis.de\/index.php?rest_route=\/wp\/v2\/users\/2"}],"replies":[{"embeddable":true,"href":"https:\/\/lokalbakis.de\/index.php?rest_route=%2Fwp%2Fv2%2Fcomments&post=58"}],"version-history":[{"count":1,"href":"https:\/\/lokalbakis.de\/index.php?rest_route=\/wp\/v2\/posts\/58\/revisions"}],"predecessor-version":[{"id":60,"href":"https:\/\/lokalbakis.de\/index.php?rest_route=\/wp\/v2\/posts\/58\/revisions\/60"}],"wp:featuredmedia":[{"embeddable":true,"href":"https:\/\/lokalbakis.de\/index.php?rest_route=\/wp\/v2\/media\/59"}],"wp:attachment":[{"href":"https:\/\/lokalbakis.de\/index.php?rest_route=%2Fwp%2Fv2%2Fmedia&parent=58"}],"wp:term":[{"taxonomy":"category","embeddable":true,"href":"https:\/\/lokalbakis.de\/index.php?rest_route=%2Fwp%2Fv2%2Fcategories&post=58"},{"taxonomy":"post_tag","embeddable":true,"href":"https:\/\/lokalbakis.de\/index.php?rest_route=%2Fwp%2Fv2%2Ftags&post=58"}],"curies":[{"name":"wp","href":"https:\/\/api.w.org\/{rel}","templated":true}]}}