{"id":595,"date":"2025-05-02T16:35:26","date_gmt":"2025-05-02T14:35:26","guid":{"rendered":"https:\/\/lokalbakis.de\/?p=595"},"modified":"2025-05-02T16:37:14","modified_gmt":"2025-05-02T14:37:14","slug":"spdli-vekil-karaahmetoglu-afdye-karsi-yasaklama-suereci-goezden-gecirilmeli","status":"publish","type":"post","link":"https:\/\/lokalbakis.de\/?p=595","title":{"rendered":"SPD&#8217;li Vekil Karaahmeto\u011flu: &#8222;AfD&#8217;ye Kar\u015f\u0131 Yasaklama S\u00fcreci G\u00f6zden Ge\u00e7irilmeli&#8220;"},"content":{"rendered":"<div class=\"flex shrink basis-auto flex-col overflow-hidden -mb-(--composer-overlap-px) [--composer-overlap-px:24px] grow\">\n<div class=\"relative h-full\">\n<div class=\"flex h-full flex-col overflow-y-auto [scrollbar-gutter:stable] @[84rem]\/thread:pt-(--header-height)\">\n<div class=\"@thread-xl\/thread:pt-header-height mt-1.5 flex flex-col text-sm pb-25\">\n<article class=\"text-token-text-primary w-full\" dir=\"auto\" data-testid=\"conversation-turn-2\" data-scroll-anchor=\"true\">\n<div class=\"text-base my-auto mx-auto py-5 [--thread-content-margin:--spacing(4)] @[37rem]:[--thread-content-margin:--spacing(6)] @[72rem]:[--thread-content-margin:--spacing(16)] px-(--thread-content-margin)\">\n<div class=\"[--thread-content-max-width:32rem] @[34rem]:[--thread-content-max-width:40rem] @[64rem]:[--thread-content-max-width:48rem] mx-auto flex max-w-(--thread-content-max-width) flex-1 text-base gap-4 md:gap-5 lg:gap-6 group\/turn-messages focus-visible:outline-hidden\" tabindex=\"-1\">\n<div class=\"group\/conversation-turn relative flex w-full min-w-0 flex-col agent-turn\">\n<div class=\"relative flex-col gap-1 md:gap-3\">\n<div class=\"flex max-w-full flex-col grow\">\n<div class=\"min-h-8 text-message relative flex w-full flex-col items-end gap-2 text-start break-words whitespace-normal [.text-message+&amp;]:mt-5\" dir=\"auto\" data-message-author-role=\"assistant\" data-message-id=\"163c9551-7924-4719-861a-25dbcb243151\" data-message-model-slug=\"gpt-4o\">\n<div class=\"flex w-full flex-col gap-1 empty:hidden first:pt-[3px]\">\n<div class=\"markdown prose dark:prose-invert w-full break-words light\">\n<p class=\"\" data-start=\"213\" data-end=\"536\">Federal Meclis SPD Milletvekili Macit Karaahmeto\u011flu, Almanya i\u00e7in Alternatif (AfD) partisinin tamam\u0131n\u0131n Anayasay\u0131 Koruma Te\u015fkilat\u0131 (Verfassungsschutz) taraf\u0131ndan a\u015f\u0131r\u0131 sa\u011fc\u0131 olarak s\u0131n\u0131fland\u0131r\u0131lmas\u0131n\u0131n ard\u0131ndan \u00f6nemli a\u00e7\u0131klamalarda bulundu. Karaahmeto\u011flu, art\u0131k bir yasaklama s\u00fcrecinin g\u00fcndeme gelmesi gerekti\u011fini belirtti.<\/p>\n<blockquote data-start=\"538\" data-end=\"774\">\n<p class=\"\" data-start=\"540\" data-end=\"774\">\u201cPartinin (AfD\u2019nin) tamam\u0131n\u0131n g\u00fcvenilir bi\u00e7imde a\u015f\u0131r\u0131 sa\u011fc\u0131 olarak s\u0131n\u0131fland\u0131r\u0131lmas\u0131na dayanarak, art\u0131k bir yasaklama s\u00fcrecinin g\u00f6zden ge\u00e7irilmesi i\u00e7in acil ve zorunlu ad\u0131mlar at\u0131lmal\u0131d\u0131r. G\u00f6r\u00fcn\u00fc\u015fe g\u00f6re art\u0131k yeterli kan\u0131t mevcuttur.\u201d<\/p>\n<\/blockquote>\n<p class=\"\" data-start=\"776\" data-end=\"883\">Karaahmeto\u011flu, bu geli\u015fmenin hukuk devleti a\u00e7\u0131s\u0131ndan hem olumlu hem de olumsuz y\u00f6nleri oldu\u011funu ifade etti:<\/p>\n<blockquote data-start=\"885\" data-end=\"1210\">\n<p class=\"\" data-start=\"887\" data-end=\"1210\">\u201cAfD&#8217;nin kesinle\u015fmi\u015f \u015fekilde a\u015f\u0131r\u0131 sa\u011fc\u0131 bir parti olarak s\u0131n\u0131fland\u0131r\u0131lmas\u0131, hukuk devletimiz a\u00e7\u0131s\u0131ndan hem iyi hem de k\u00f6t\u00fc bir haberdir. \u0130yi olan, d\u0131\u015far\u0131dan gelen \u2018\u015funu yap\u0131n, bunu yap\u0131n\u2019 seslerinden ba\u011f\u0131ms\u0131z olarak tehlikeleri tan\u0131yan, dikkatlice inceleyen ve de\u011ferlendiren bir Anayasay\u0131 Koruma Te\u015fkilat\u0131m\u0131z\u0131n olmas\u0131d\u0131r.\u201d<\/p>\n<\/blockquote>\n<p class=\"\" data-start=\"1212\" data-end=\"1360\">Ancak Karaahmeto\u011flu, AfD\u2019nin anayasa d\u00fc\u015fman\u0131 g\u00f6r\u00fc\u015fleriyle toplumun merkezine kadar s\u0131zabilmi\u015f olmas\u0131n\u0131n b\u00fcy\u00fck bir tehlike arz etti\u011fini de vurgulad\u0131:<\/p>\n<blockquote data-start=\"1362\" data-end=\"1645\">\n<p class=\"\" data-start=\"1364\" data-end=\"1645\">\u201cBug\u00fcnk\u00fc net a\u00e7\u0131klaman\u0131n olumsuz taraf\u0131 ise, yalanlara, insan d\u00fc\u015fman\u0131 g\u00f6r\u00fc\u015flere ve devlete d\u00fc\u015fman bir anlat\u0131ya dayanarak bunu yapan anayasaya d\u00fc\u015fmanl\u0131\u011f\u0131 kesinle\u015fmi\u015f bir \u00f6rg\u00fct\u00fcn, k\u0131\u015fk\u0131rt\u0131c\u0131 politikalar\u0131yla toplumumuzun ve se\u00e7men kitlesinin merkezine kadar ilerleyebilmi\u015f olmas\u0131d\u0131r.\u201d<\/p>\n<\/blockquote>\n<p class=\"\" data-start=\"1647\" data-end=\"1829\">Son olarak Karaahmeto\u011flu, gerekli delillerin toplanmas\u0131n\u0131n \u00f6nemli oldu\u011funu, ancak art\u0131k bu demokrasi kar\u015f\u0131t\u0131 partiye kar\u015f\u0131 hukuki yollar\u0131n devreye sokulmas\u0131 gerekti\u011fini dile getirdi:<\/p>\n<blockquote data-start=\"1831\" data-end=\"1999\">\n<p class=\"\" data-start=\"1833\" data-end=\"1999\">\u201cBu kan\u0131tlar\u0131n beklenmesi ve aceleci davran\u0131lmamas\u0131 \u00f6nemliydi. \u015eimdi bu demokrasi d\u00fc\u015fman\u0131 partiye kar\u015f\u0131 hukuki yollara ba\u015fvurulmas\u0131n\u0131 do\u011fru bir yol olarak g\u00f6r\u00fcyorum.\u201d<\/p>\n<\/blockquote>\n<hr class=\"\" data-start=\"2001\" data-end=\"2004\" \/>\n<p class=\"\" data-start=\"2006\" data-end=\"2074\">\n<\/div>\n<\/div>\n<\/div>\n<\/div>\n<div class=\"flex justify-start\">\n<div class=\"touch:-me-2 touch:-ms-3.5 -ms-2.5 -me-1 flex items-center p-1 select-none -mt-1 duration-[1.5s] focus-within:transition-none hover:transition-none pointer-events-none [mask-image:linear-gradient(to_right,black_33%,transparent_66%)] [mask-position:100%_0%] [mask-size:300%_100%] motion-safe:transition-[mask-position] group-hover\/turn-messages:pointer-events-auto group-hover\/turn-messages:[mask-position:0_0] group-focus-within\/turn-messages:pointer-events-auto group-focus-within\/turn-messages:[mask-position:0_0] has-data-[state=open]:pointer-events-auto has-data-[state=open]:[mask-position:0_0]\">\n<p>&nbsp;<\/p>\n<div class=\"flex items-center pb-0\"><span class=\"overflow-hidden text-sm text-clip whitespace-nowrap\">\u00a0<\/span><\/div>\n<\/div>\n<\/div>\n<div class=\"mt-3 w-full empty:hidden\">\n<div class=\"text-center\"><\/div>\n<\/div>\n<\/div>\n<\/div>\n<\/div>\n<\/div>\n<\/article>\n<div class=\"pointer-events-none h-px w-px\" aria-hidden=\"true\" data-edge=\"true\"><\/div>\n<div><\/div>\n<\/div>\n<\/div>\n<\/div>\n<\/div>\n<div id=\"thread-bottom-container\" class=\"isolate z-3 w-full basis-auto has-data-has-thread-error:pt-2 has-data-has-thread-error:[box-shadow:var(--sharp-edge-bottom-shadow)] md:border-transparent md:pt-0 dark:border-white\/20 md:dark:border-transparent flex flex-col\">\n<div id=\"thread-bottom\">\n<div class=\"text-base mx-auto [--thread-content-margin:--spacing(4)] @[37rem]:[--thread-content-margin:--spacing(6)] @[72rem]:[--thread-content-margin:--spacing(16)] px-(--thread-content-margin)\">\n<div class=\"[--thread-content-max-width:32rem] @[34rem]:[--thread-content-max-width:40rem] @[64rem]:[--thread-content-max-width:48rem] mx-auto flex max-w-(--thread-content-max-width) flex-1 text-base gap-4 md:gap-5 lg:gap-6\">\n<div class=\"flex justify-center empty:hidden\"><\/div>\n<div class=\"relative z-1 flex max-w-full flex-1 flex-col h-full max-xs:[--force-hide-label:none]\" aria-haspopup=\"dialog\" aria-expanded=\"false\" aria-controls=\"radix-\u00abrf\u00bb\" data-state=\"closed\">\n<div class=\"absolute start-0 end-0 bottom-full z-20\"><\/div>\n<form class=\"w-full [view-transition-name:var(--vt-composer)]\" data-type=\"unified-composer\">\n<div class=\"border-token-border-default flex w-full cursor-text flex-col items-center justify-center rounded-[28px] border bg-clip-padding contain-inline-size overflow-clip shadow-sm sm:shadow-lg dark:shadow-none! bg-token-main-surface-primary dark:bg-[#303030]\">\n<div class=\"relative flex w-full items-end px-3 py-3\">\n<div class=\"relative flex w-full flex-auto flex-col\">\n<div class=\"relative ms-1.5 grid grid-cols-[auto_minmax(0,1fr)]\">\n<div class=\"items-top flex justify-center\">\n<div><\/div>\n<\/div>\n<div class=\"relative flex-auto bg-transparent pt-0.5\">\n<div class=\"flex flex-col justify-start\">\n<div class=\"flex min-h-12 items-start\">\n<div class=\"max-w-full min-w-0 flex-1\">\n<div class=\"_prosemirror-parent_k4nam_2 text-token-text-primary max-h-[25dvh] max-h-52 overflow-auto [scrollbar-width:thin] firefox min-h-12 pe-3\">\n<p><textarea class=\"text-token-text-primary placeholder:text-token-text-tertiary block h-10 w-full resize-none border-0 bg-transparent px-0 py-2 ring-0 placeholder:ps-px\" placeholder=\"Stelle irgendeine Frage\" data-virtualkeyboard=\"true\"><\/textarea><\/p>\n<div id=\"prompt-textarea\" class=\"ProseMirror\" contenteditable=\"true\" translate=\"no\" data-virtualkeyboard=\"true\">\n<p class=\"placeholder\" data-placeholder=\"Stelle irgendeine Frage\">\n<\/div>\n<\/div>\n<\/div>\n<\/div>\n<\/div>\n<\/div>\n<\/div>\n<\/div>\n<\/div>\n<\/div>\n<\/form>\n<\/div>\n<\/div>\n<\/div>\n<\/div>\n<\/div>\n","protected":false},"excerpt":{"rendered":"<p>Federal Meclis SPD Milletvekili Macit Karaahmeto\u011flu, Almanya i\u00e7in Alternatif (AfD) partisinin tamam\u0131n\u0131n Anayasay\u0131 Koruma Te\u015fkilat\u0131 (Verfassungsschutz) taraf\u0131ndan a\u015f\u0131r\u0131 sa\u011fc\u0131 olarak s\u0131n\u0131fland\u0131r\u0131lmas\u0131n\u0131n ard\u0131ndan \u00f6nemli a\u00e7\u0131klamalarda bulundu. Karaahmeto\u011flu, art\u0131k bir yasaklama s\u00fcrecinin g\u00fcndeme gelmesi gerekti\u011fini belirtti. \u201cPartinin (AfD\u2019nin) tamam\u0131n\u0131n g\u00fcvenilir bi\u00e7imde a\u015f\u0131r\u0131 sa\u011fc\u0131 olarak s\u0131n\u0131fland\u0131r\u0131lmas\u0131na dayanarak, art\u0131k bir yasaklama s\u00fcrecinin g\u00f6zden ge\u00e7irilmesi i\u00e7in acil ve zorunlu ad\u0131mlar [&hellip;]<\/p>\n","protected":false},"author":2,"featured_media":596,"comment_status":"open","ping_status":"open","sticky":false,"template":"","format":"standard","meta":{"_crdt_document":"","_jetpack_memberships_contains_paid_content":false,"footnotes":""},"categories":[14],"tags":[],"class_list":["post-595","post","type-post","status-publish","format-standard","has-post-thumbnail","hentry","category-siyaset"],"jetpack_featured_media_url":"https:\/\/lokalbakis.de\/wp-content\/uploads\/2025\/05\/Macit-Karaahmetoglu.jpg","jetpack_sharing_enabled":true,"_links":{"self":[{"href":"https:\/\/lokalbakis.de\/index.php?rest_route=\/wp\/v2\/posts\/595","targetHints":{"allow":["GET"]}}],"collection":[{"href":"https:\/\/lokalbakis.de\/index.php?rest_route=\/wp\/v2\/posts"}],"about":[{"href":"https:\/\/lokalbakis.de\/index.php?rest_route=\/wp\/v2\/types\/post"}],"author":[{"embeddable":true,"href":"https:\/\/lokalbakis.de\/index.php?rest_route=\/wp\/v2\/users\/2"}],"replies":[{"embeddable":true,"href":"https:\/\/lokalbakis.de\/index.php?rest_route=%2Fwp%2Fv2%2Fcomments&post=595"}],"version-history":[{"count":3,"href":"https:\/\/lokalbakis.de\/index.php?rest_route=\/wp\/v2\/posts\/595\/revisions"}],"predecessor-version":[{"id":599,"href":"https:\/\/lokalbakis.de\/index.php?rest_route=\/wp\/v2\/posts\/595\/revisions\/599"}],"wp:featuredmedia":[{"embeddable":true,"href":"https:\/\/lokalbakis.de\/index.php?rest_route=\/wp\/v2\/media\/596"}],"wp:attachment":[{"href":"https:\/\/lokalbakis.de\/index.php?rest_route=%2Fwp%2Fv2%2Fmedia&parent=595"}],"wp:term":[{"taxonomy":"category","embeddable":true,"href":"https:\/\/lokalbakis.de\/index.php?rest_route=%2Fwp%2Fv2%2Fcategories&post=595"},{"taxonomy":"post_tag","embeddable":true,"href":"https:\/\/lokalbakis.de\/index.php?rest_route=%2Fwp%2Fv2%2Ftags&post=595"}],"curies":[{"name":"wp","href":"https:\/\/api.w.org\/{rel}","templated":true}]}}