{"id":600,"date":"2025-05-11T18:36:22","date_gmt":"2025-05-11T16:36:22","guid":{"rendered":"https:\/\/lokalbakis.de\/?p=600"},"modified":"2025-05-11T18:46:24","modified_gmt":"2025-05-11T16:46:24","slug":"kaisersaal-hernede-safiye-soyman-ve-faik-oeztuerk-coskusu-sanat-eglence-ve-toplumsal-bulusma-bir-aradaydi","status":"publish","type":"post","link":"https:\/\/lokalbakis.de\/?p=600","title":{"rendered":"Safiye Soyman ve Faik \u00d6zt\u00fcrk Co\u015fkusu"},"content":{"rendered":"<p>Kaisersaal Herne\u2019de Safiye Soyman ve Faik \u00d6zt\u00fcrk Co\u015fkusu \u2013 Sanat, E\u011flence ve Toplumsal Bulu\u015fma Bir Aradayd\u0131<\/p>\n<p>&nbsp;<\/p>\n<p><iframe loading=\"lazy\" title=\"Safiye Soyman ve Faik \u00d6zt\u00fcrk co\u015fkusu\" width=\"800\" height=\"450\" src=\"https:\/\/www.youtube.com\/embed\/dS-fw6rKNAo?feature=oembed\" frameborder=\"0\" allow=\"accelerometer; autoplay; clipboard-write; encrypted-media; gyroscope; picture-in-picture; web-share\" referrerpolicy=\"strict-origin-when-cross-origin\" allowfullscreen><\/iframe><\/p>\n<p data-start=\"256\" data-end=\"607\"><strong data-start=\"256\" data-end=\"265\">Herne<\/strong> \u2013 Almanya\u2019n\u0131n Herne kentinde bulunan tarihi <strong data-start=\"310\" data-end=\"324\">Kaisersaal<\/strong>, muhte\u015fem bir konsere ev sahipli\u011fi yapt\u0131. Gecenin y\u0131ld\u0131zlar\u0131 <strong data-start=\"386\" data-end=\"403\">Safiye Soyman<\/strong> ve <strong data-start=\"407\" data-end=\"422\">Faik \u00d6zt\u00fcrk<\/strong>, sahne performanslar\u0131yla izleyicilere unutulmaz anlar ya\u015fatt\u0131. Sanat, m\u00fczik ve e\u011flencenin bulu\u015ftu\u011fu bu \u00f6zel gece, yaln\u0131zca bir konser de\u011fil, ayn\u0131 zamanda toplumun kayna\u015fma gecesi oldu.<\/p>\n\n\t\t<style type=\"text\/css\">\n\t\t\t#gallery-1 {\n\t\t\t\tmargin: auto;\n\t\t\t}\n\t\t\t#gallery-1 .gallery-item {\n\t\t\t\tfloat: left;\n\t\t\t\tmargin-top: 10px;\n\t\t\t\ttext-align: center;\n\t\t\t\twidth: 33%;\n\t\t\t}\n\t\t\t#gallery-1 img {\n\t\t\t\tborder: 2px solid #cfcfcf;\n\t\t\t}\n\t\t\t#gallery-1 .gallery-caption {\n\t\t\t\tmargin-left: 0;\n\t\t\t}\n\t\t\t\/* see gallery_shortcode() in wp-includes\/media.php *\/\n\t\t<\/style>\n\t\t<div id='gallery-1' class='gallery galleryid-600 gallery-columns-3 gallery-size-thumbnail'><dl class='gallery-item'>\n\t\t\t<dt class='gallery-icon landscape'>\n\t\t\t\t<a href='https:\/\/lokalbakis.de\/?attachment_id=632'><img loading=\"lazy\" decoding=\"async\" width=\"150\" height=\"150\" src=\"https:\/\/lokalbakis.de\/wp-content\/uploads\/2025\/05\/Bildschirmfoto-2025-05-11-um-18.11.45-1-scaled-e1746980239570-150x150.png\" class=\"attachment-thumbnail size-thumbnail\" alt=\"\" \/><\/a>\n\t\t\t<\/dt><\/dl><dl class='gallery-item'>\n\t\t\t<dt class='gallery-icon landscape'>\n\t\t\t\t<a href='https:\/\/lokalbakis.de\/?attachment_id=631'><img loading=\"lazy\" decoding=\"async\" width=\"150\" height=\"150\" src=\"https:\/\/lokalbakis.de\/wp-content\/uploads\/2025\/05\/Bildschirmfoto-2025-05-11-um-18.09.19-1-scaled-e1746980214980-150x150.png\" class=\"attachment-thumbnail size-thumbnail\" alt=\"\" \/><\/a>\n\t\t\t<\/dt><\/dl>\n\t\t\t<br style='clear: both' \/>\n\t\t<\/div>\n\n<p data-start=\"609\" data-end=\"968\">Konserin a\u00e7\u0131l\u0131\u015f\u0131nda sahneye \u00e7\u0131kan <strong data-start=\"643\" data-end=\"658\">Hakan Balc\u0131<\/strong> ve <strong data-start=\"662\" data-end=\"678\">Deniz Gen\u00e7ay<\/strong>, T\u00fcrk sanat m\u00fczi\u011finden se\u00e7me eserlerle izleyicilere adeta bir m\u00fczik ziyafeti sundu. Usta yorumcular\u0131n g\u00fc\u00e7l\u00fc sesleri, salonu dolduran m\u00fczikseverlerden tam not ald\u0131. \u00d6zellikle Deniz Gen\u00e7ay\u2019\u0131n duygusal yorumu ve sahne h\u00e2kimiyeti, gecenin unutulmaz anlar\u0131ndan biri olarak haf\u0131zalarda yer etti.<\/p>\n<p data-start=\"970\" data-end=\"1374\">Sahne s\u0131ras\u0131 Safiye Soyman ve Faik \u00d6zt\u00fcrk\u2019e geldi\u011finde ise salonda adeta bir enerji patlamas\u0131 ya\u015fand\u0131. Safiye Soyman\u2019\u0131n zarafeti ve g\u00fc\u00e7l\u00fc sesiyle s\u00f6yledi\u011fi \u015fark\u0131lar, Faik \u00d6zt\u00fcrk\u2019\u00fcn esprili sunumu ve izleyicilerle kurdu\u011fu s\u0131cak diyaloglarla birle\u015fince, ortaya co\u015fku dolu bir atmosfer \u00e7\u0131kt\u0131. Sevilen oyun havalar\u0131 e\u015fli\u011finde <strong data-start=\"1292\" data-end=\"1312\">halaylar \u00e7ekildi<\/strong>, <strong data-start=\"1314\" data-end=\"1343\">danslarla salon renklendi<\/strong>, izleyiciler doyas\u0131ya e\u011flendi.<\/p>\n<p data-start=\"1376\" data-end=\"1662\">Etkinlik sadece m\u00fczikle s\u0131n\u0131rl\u0131 kalmad\u0131. Gecede sunulan <strong data-start=\"1432\" data-end=\"1468\">zengin yemek ve i\u00e7ecek ikramlar\u0131<\/strong>, konuklara lezzetli bir deneyim ya\u015fatt\u0131. Profesyonel bir organizasyon ekibi taraf\u0131ndan en ince ayr\u0131nt\u0131s\u0131na kadar planlanan gece, hem sahne d\u00fczeni hem de konuk a\u011f\u0131rlama a\u00e7\u0131s\u0131ndan takdir toplad\u0131.<\/p>\n\n\t\t<style type=\"text\/css\">\n\t\t\t#gallery-2 {\n\t\t\t\tmargin: auto;\n\t\t\t}\n\t\t\t#gallery-2 .gallery-item {\n\t\t\t\tfloat: left;\n\t\t\t\tmargin-top: 10px;\n\t\t\t\ttext-align: center;\n\t\t\t\twidth: 33%;\n\t\t\t}\n\t\t\t#gallery-2 img {\n\t\t\t\tborder: 2px solid #cfcfcf;\n\t\t\t}\n\t\t\t#gallery-2 .gallery-caption {\n\t\t\t\tmargin-left: 0;\n\t\t\t}\n\t\t\t\/* see gallery_shortcode() in wp-includes\/media.php *\/\n\t\t<\/style>\n\t\t<div id='gallery-2' class='gallery galleryid-600 gallery-columns-3 gallery-size-thumbnail'><dl class='gallery-item'>\n\t\t\t<dt class='gallery-icon landscape'>\n\t\t\t\t<a href='https:\/\/lokalbakis.de\/?attachment_id=624'><img loading=\"lazy\" decoding=\"async\" width=\"150\" height=\"150\" src=\"https:\/\/lokalbakis.de\/wp-content\/uploads\/2025\/05\/DSC03190-150x150.jpg\" class=\"attachment-thumbnail size-thumbnail\" alt=\"\" \/><\/a>\n\t\t\t<\/dt><\/dl><dl class='gallery-item'>\n\t\t\t<dt class='gallery-icon landscape'>\n\t\t\t\t<a href='https:\/\/lokalbakis.de\/?attachment_id=625'><img loading=\"lazy\" decoding=\"async\" width=\"150\" height=\"150\" src=\"https:\/\/lokalbakis.de\/wp-content\/uploads\/2025\/05\/DSC03200-150x150.jpg\" class=\"attachment-thumbnail size-thumbnail\" alt=\"\" \/><\/a>\n\t\t\t<\/dt><\/dl><dl class='gallery-item'>\n\t\t\t<dt class='gallery-icon landscape'>\n\t\t\t\t<a href='https:\/\/lokalbakis.de\/?attachment_id=623'><img loading=\"lazy\" decoding=\"async\" width=\"150\" height=\"150\" src=\"https:\/\/lokalbakis.de\/wp-content\/uploads\/2025\/05\/DSC03186-150x150.jpg\" class=\"attachment-thumbnail size-thumbnail\" alt=\"\" \/><\/a>\n\t\t\t<\/dt><\/dl><br style=\"clear: both\" \/>\n\t\t<\/div>\n\n<p data-start=\"1664\" data-end=\"2023\">Organizasyonun ba\u015far\u0131s\u0131nda <strong data-start=\"1691\" data-end=\"1709\">Laperi Wedding<\/strong> ve <strong data-start=\"1713\" data-end=\"1727\">VAVA Group<\/strong>\u2019un katk\u0131s\u0131 b\u00fcy\u00fck olurken, geceye <strong data-start=\"1761\" data-end=\"1863\">\u00e7evre \u015fehirlerden gelen \u00e7ok say\u0131da se\u00e7kin i\u015f insan\u0131, siyaset\u00e7i ve sivil toplum kurulu\u015fu temsilcisi<\/strong> de kat\u0131l\u0131m sa\u011flad\u0131. Bu y\u00f6n\u00fcyle konser, sadece k\u00fclt\u00fcrel bir etkinlik de\u011fil, ayn\u0131 zamanda toplumun farkl\u0131 kesimlerini bir araya getiren bir bulu\u015fma noktas\u0131 oldu.<\/p>\n<p data-start=\"1664\" data-end=\"2023\"><img loading=\"lazy\" decoding=\"async\" class=\" wp-image-617 aligncenter\" src=\"https:\/\/lokalbakis.de\/wp-content\/uploads\/2025\/05\/DSC03143-300x169.jpg\" alt=\"\" width=\"801\" height=\"451\" srcset=\"https:\/\/lokalbakis.de\/wp-content\/uploads\/2025\/05\/DSC03143-300x169.jpg 300w, https:\/\/lokalbakis.de\/wp-content\/uploads\/2025\/05\/DSC03143-1024x576.jpg 1024w, https:\/\/lokalbakis.de\/wp-content\/uploads\/2025\/05\/DSC03143-768x432.jpg 768w, https:\/\/lokalbakis.de\/wp-content\/uploads\/2025\/05\/DSC03143-1536x864.jpg 1536w, https:\/\/lokalbakis.de\/wp-content\/uploads\/2025\/05\/DSC03143-2048x1152.jpg 2048w\" sizes=\"auto, (max-width: 801px) 100vw, 801px\" \/><\/p>\n<p data-start=\"2025\" data-end=\"2320\">Her ya\u015ftan kat\u0131l\u0131mc\u0131n\u0131n yer ald\u0131\u011f\u0131 ve salonu tamamen doldurdu\u011fu bu \u00f6zel etkinlik, Herne\u2019de T\u00fcrk toplumunun k\u00fclt\u00fcrel zenginli\u011fini bir kez daha g\u00f6zler \u00f6n\u00fcne serdi. Kat\u0131l\u0131mc\u0131lar, gecenin sonunda b\u00fcy\u00fck bir memnuniyetle ayr\u0131l\u0131rken, organizasyona ev sahipli\u011fi yapan t\u00fcm isimlere te\u015fekk\u00fcrlerini iletti.<\/p>\n\n\t\t<style type=\"text\/css\">\n\t\t\t#gallery-3 {\n\t\t\t\tmargin: auto;\n\t\t\t}\n\t\t\t#gallery-3 .gallery-item {\n\t\t\t\tfloat: left;\n\t\t\t\tmargin-top: 10px;\n\t\t\t\ttext-align: center;\n\t\t\t\twidth: 33%;\n\t\t\t}\n\t\t\t#gallery-3 img {\n\t\t\t\tborder: 2px solid #cfcfcf;\n\t\t\t}\n\t\t\t#gallery-3 .gallery-caption {\n\t\t\t\tmargin-left: 0;\n\t\t\t}\n\t\t\t\/* see gallery_shortcode() in wp-includes\/media.php *\/\n\t\t<\/style>\n\t\t<div id='gallery-3' class='gallery galleryid-600 gallery-columns-3 gallery-size-thumbnail'><dl class='gallery-item'>\n\t\t\t<dt class='gallery-icon landscape'>\n\t\t\t\t<a href='https:\/\/lokalbakis.de\/?attachment_id=605'><img loading=\"lazy\" decoding=\"async\" width=\"150\" height=\"150\" src=\"https:\/\/lokalbakis.de\/wp-content\/uploads\/2025\/05\/DSC03047-150x150.jpg\" class=\"attachment-thumbnail size-thumbnail\" alt=\"\" \/><\/a>\n\t\t\t<\/dt><\/dl><dl class='gallery-item'>\n\t\t\t<dt class='gallery-icon landscape'>\n\t\t\t\t<a href='https:\/\/lokalbakis.de\/?attachment_id=607'><img loading=\"lazy\" decoding=\"async\" width=\"150\" height=\"150\" src=\"https:\/\/lokalbakis.de\/wp-content\/uploads\/2025\/05\/DSC03055-150x150.jpg\" class=\"attachment-thumbnail size-thumbnail\" alt=\"\" \/><\/a>\n\t\t\t<\/dt><\/dl><dl class='gallery-item'>\n\t\t\t<dt class='gallery-icon landscape'>\n\t\t\t\t<a href='https:\/\/lokalbakis.de\/?attachment_id=606'><img loading=\"lazy\" decoding=\"async\" width=\"150\" height=\"150\" src=\"https:\/\/lokalbakis.de\/wp-content\/uploads\/2025\/05\/DSC03049-150x150.jpg\" class=\"attachment-thumbnail size-thumbnail\" alt=\"\" \/><\/a>\n\t\t\t<\/dt><\/dl><br style=\"clear: both\" \/><dl class='gallery-item'>\n\t\t\t<dt class='gallery-icon landscape'>\n\t\t\t\t<a href='https:\/\/lokalbakis.de\/?attachment_id=610'><img loading=\"lazy\" decoding=\"async\" width=\"150\" height=\"150\" src=\"https:\/\/lokalbakis.de\/wp-content\/uploads\/2025\/05\/DSC03074-150x150.jpg\" class=\"attachment-thumbnail size-thumbnail\" alt=\"\" \/><\/a>\n\t\t\t<\/dt><\/dl><dl class='gallery-item'>\n\t\t\t<dt class='gallery-icon landscape'>\n\t\t\t\t<a href='https:\/\/lokalbakis.de\/?attachment_id=615'><img loading=\"lazy\" decoding=\"async\" width=\"150\" height=\"150\" src=\"https:\/\/lokalbakis.de\/wp-content\/uploads\/2025\/05\/DSC03110-150x150.jpg\" class=\"attachment-thumbnail size-thumbnail\" alt=\"\" \/><\/a>\n\t\t\t<\/dt><\/dl><dl class='gallery-item'>\n\t\t\t<dt class='gallery-icon landscape'>\n\t\t\t\t<a href='https:\/\/lokalbakis.de\/?attachment_id=612'><img loading=\"lazy\" decoding=\"async\" width=\"150\" height=\"150\" src=\"https:\/\/lokalbakis.de\/wp-content\/uploads\/2025\/05\/DSC03087-scaled-e1746981607945-150x150.jpg\" class=\"attachment-thumbnail size-thumbnail\" alt=\"\" \/><\/a>\n\t\t\t<\/dt><\/dl><br style=\"clear: both\" \/><dl class='gallery-item'>\n\t\t\t<dt class='gallery-icon landscape'>\n\t\t\t\t<a href='https:\/\/lokalbakis.de\/?attachment_id=608'><img loading=\"lazy\" decoding=\"async\" width=\"150\" height=\"150\" src=\"https:\/\/lokalbakis.de\/wp-content\/uploads\/2025\/05\/DSC03067-150x150.jpg\" class=\"attachment-thumbnail size-thumbnail\" alt=\"\" \/><\/a>\n\t\t\t<\/dt><\/dl><dl class='gallery-item'>\n\t\t\t<dt class='gallery-icon landscape'>\n\t\t\t\t<a href='https:\/\/lokalbakis.de\/?attachment_id=627'><img loading=\"lazy\" decoding=\"async\" width=\"150\" height=\"150\" src=\"https:\/\/lokalbakis.de\/wp-content\/uploads\/2025\/05\/DSC03205-150x150.jpg\" class=\"attachment-thumbnail size-thumbnail\" alt=\"\" \/><\/a>\n\t\t\t<\/dt><\/dl><dl class='gallery-item'>\n\t\t\t<dt class='gallery-icon landscape'>\n\t\t\t\t<a href='https:\/\/lokalbakis.de\/?attachment_id=616'><img loading=\"lazy\" decoding=\"async\" width=\"150\" height=\"150\" src=\"https:\/\/lokalbakis.de\/wp-content\/uploads\/2025\/05\/DSC03127-150x150.jpg\" class=\"attachment-thumbnail size-thumbnail\" alt=\"\" \/><\/a>\n\t\t\t<\/dt><\/dl><br style=\"clear: both\" \/>\n\t\t<\/div>\n\n","protected":false},"excerpt":{"rendered":"<p>Kaisersaal Herne\u2019de Safiye Soyman ve Faik \u00d6zt\u00fcrk Co\u015fkusu \u2013 Sanat, E\u011flence ve Toplumsal Bulu\u015fma Bir Aradayd\u0131 &nbsp; Herne \u2013 Almanya\u2019n\u0131n Herne kentinde bulunan tarihi Kaisersaal, muhte\u015fem bir konsere ev sahipli\u011fi yapt\u0131. Gecenin y\u0131ld\u0131zlar\u0131 Safiye Soyman ve Faik \u00d6zt\u00fcrk, sahne performanslar\u0131yla izleyicilere unutulmaz anlar ya\u015fatt\u0131. Sanat, m\u00fczik ve e\u011flencenin bulu\u015ftu\u011fu bu \u00f6zel gece, yaln\u0131zca bir konser [&hellip;]<\/p>\n","protected":false},"author":2,"featured_media":601,"comment_status":"open","ping_status":"open","sticky":false,"template":"","format":"standard","meta":{"_crdt_document":"","_jetpack_memberships_contains_paid_content":false,"footnotes":""},"categories":[6],"tags":[],"class_list":["post-600","post","type-post","status-publish","format-standard","has-post-thumbnail","hentry","category-magazin"],"jetpack_featured_media_url":"https:\/\/lokalbakis.de\/wp-content\/uploads\/2025\/05\/DSC03131-scaled.jpg","jetpack_sharing_enabled":true,"_links":{"self":[{"href":"https:\/\/lokalbakis.de\/index.php?rest_route=\/wp\/v2\/posts\/600","targetHints":{"allow":["GET"]}}],"collection":[{"href":"https:\/\/lokalbakis.de\/index.php?rest_route=\/wp\/v2\/posts"}],"about":[{"href":"https:\/\/lokalbakis.de\/index.php?rest_route=\/wp\/v2\/types\/post"}],"author":[{"embeddable":true,"href":"https:\/\/lokalbakis.de\/index.php?rest_route=\/wp\/v2\/users\/2"}],"replies":[{"embeddable":true,"href":"https:\/\/lokalbakis.de\/index.php?rest_route=%2Fwp%2Fv2%2Fcomments&post=600"}],"version-history":[{"count":5,"href":"https:\/\/lokalbakis.de\/index.php?rest_route=\/wp\/v2\/posts\/600\/revisions"}],"predecessor-version":[{"id":637,"href":"https:\/\/lokalbakis.de\/index.php?rest_route=\/wp\/v2\/posts\/600\/revisions\/637"}],"wp:featuredmedia":[{"embeddable":true,"href":"https:\/\/lokalbakis.de\/index.php?rest_route=\/wp\/v2\/media\/601"}],"wp:attachment":[{"href":"https:\/\/lokalbakis.de\/index.php?rest_route=%2Fwp%2Fv2%2Fmedia&parent=600"}],"wp:term":[{"taxonomy":"category","embeddable":true,"href":"https:\/\/lokalbakis.de\/index.php?rest_route=%2Fwp%2Fv2%2Fcategories&post=600"},{"taxonomy":"post_tag","embeddable":true,"href":"https:\/\/lokalbakis.de\/index.php?rest_route=%2Fwp%2Fv2%2Ftags&post=600"}],"curies":[{"name":"wp","href":"https:\/\/api.w.org\/{rel}","templated":true}]}}