{"id":681,"date":"2025-05-18T18:27:55","date_gmt":"2025-05-18T16:27:55","guid":{"rendered":"https:\/\/lokalbakis.de\/?p=681"},"modified":"2025-05-18T18:27:55","modified_gmt":"2025-05-18T16:27:55","slug":"eski-koeln-baskonsolosu-turhan-kayadan-hakkindaki-iddialara-yanit-asilsiz-ve-gercek-disi","status":"publish","type":"post","link":"https:\/\/lokalbakis.de\/?p=681","title":{"rendered":"Eski K\u00f6ln Ba\u015fkonsolosu Turhan Kaya\u2019dan Hakk\u0131ndaki \u0130ddialara Yan\u0131t: \u2018As\u0131ls\u0131z ve Ger\u00e7ek D\u0131\u015f\u0131"},"content":{"rendered":"<p>K\u00f6ln Ba\u015fkonsolosu olarak 2020\u20132024 y\u0131llar\u0131 aras\u0131nda g\u00f6rev yapan Turhan Kaya hakk\u0131nda baz\u0131 bas\u0131n organlar\u0131nda \u00e7\u0131kan, zimmetine para ge\u00e7irdi\u011fi ve bu nedenle memuriyetten \u00e7\u0131kar\u0131ld\u0131\u011f\u0131 y\u00f6n\u00fcndeki iddialara ili\u015fkin kamuoyuna bir a\u00e7\u0131klama yapt\u0131. Kaya, s\u00f6z konusu iddialar\u0131n tamamen as\u0131ls\u0131z ve ger\u00e7ek d\u0131\u015f\u0131 oldu\u011funu belirtti.<\/p>\n<div class=\"detay\">\n<p>G\u00f6rev s\u00fcresinin 2024 y\u0131l\u0131nda usul\u00fcne uygun bi\u00e7imde sona erdi\u011fini ifade eden Kaya, 20 y\u0131l\u0131 a\u015fk\u0131n s\u00fcredir \u00e7al\u0131\u015ft\u0131\u011f\u0131 D\u0131\u015fi\u015fleri Bakanl\u0131\u011f\u0131\u2019ndan Ankara\u2019da g\u00f6rev yaparken kendi iste\u011fiyle ayr\u0131ld\u0131\u011f\u0131n\u0131 vurgulad\u0131. Ayr\u0131ca, D\u0131\u015fi\u015fleri Bakanl\u0131\u011f\u0131\u2019n\u0131n da bu iddialar\u0131 yalanlad\u0131\u011f\u0131n\u0131 hat\u0131rlatt\u0131.<\/p>\n<p>Kaya, K\u00f6ln Ba\u015fkonsolosu olarak g\u00f6rev yapt\u0131\u011f\u0131 d\u00f6nemde herkesi kucaklayan, t\u00fcm kesimlere e\u015fit mesafede duran bir anlay\u0131\u015f benimsedi\u011fini ve yurtd\u0131\u015f\u0131ndaki vatanda\u015flar\u0131n sorunlar\u0131na ortak olmay\u0131, onlar\u0131n yan\u0131nda olmay\u0131 birincil g\u00f6revi sayd\u0131\u011f\u0131n\u0131 belirtti. Gen\u00e7lere g\u00fc\u00e7l\u00fc bir gelecek sunmak i\u00e7in b\u00fcy\u00fck bir gayretle \u00e7al\u0131\u015ft\u0131\u011f\u0131n\u0131 da s\u00f6zlerine ekledi.<\/p>\n<p>Hakk\u0131ndaki as\u0131ls\u0131z iddialar\u0131n ard\u0131ndan K\u00f6ln\u2019den pek \u00e7ok ki\u015finin kendisini arayarak destek verdi\u011fini dile getiren Kaya, bu t\u00fcr temelsiz s\u00f6ylentilerin yaln\u0131zca kendi \u015fahs\u0131na y\u00f6nelik bir sald\u0131r\u0131 olmad\u0131\u011f\u0131n\u0131, ayn\u0131 zamanda Almanya\u2019daki T\u00fcrk toplumunun T\u00fcrkiye\u2019ye olan inan\u00e7 ve umudunu da zedeledi\u011fini ifade etti. \u0130ddialar\u0131n, toplumsal birlikteli\u011fi hedef alan bir zihniyetin \u00fcr\u00fcn\u00fc oldu\u011funu s\u00f6yleyen Kaya, hukuki s\u00fcrecin ba\u015flat\u0131ld\u0131\u011f\u0131n\u0131 da a\u00e7\u0131klad\u0131.<\/p>\n<p>G\u00f6rev s\u00fcresi boyunca hem T\u00fcrk hem de Alman kamuoyunda takdir toplayan Kaya, T\u00fcrk ve Alman i\u015f d\u00fcnyas\u0131 aras\u0131ndaki ili\u015fkilerin geli\u015fmesine katk\u0131 sa\u011flam\u0131\u015f, T\u00fcrk gen\u00e7lerinin mesleki e\u011fitime y\u00f6nlendirilmesi i\u00e7in yo\u011fun \u00e7aba g\u00f6stermi\u015fti. \u00d6zellikle 23 Nisan\u2019da K\u00f6ln \u015fehir merkezinde ilk kez bir T\u00fcrk y\u00fcr\u00fcy\u00fc\u015f\u00fcn\u00fcn ger\u00e7ekle\u015ftirilmesine \u00f6nc\u00fcl\u00fck etmi\u015fti.<\/p>\n<p>Pandemi s\u00fcreci, 6 \u015eubat Kahramanmara\u015f depremi, Cumhurba\u015fkanl\u0131\u011f\u0131 ve milletvekilli\u011fi se\u00e7imleri, 7 Ekim sonras\u0131 geli\u015fmeler gibi zorlu bir d\u00f6nemde g\u00f6rev yapan Kaya, T\u00fcrk toplumunun t\u00fcm kesimlerinin g\u00fcvenini kazanm\u0131\u015ft\u0131.<\/p>\n<\/div>\n","protected":false},"excerpt":{"rendered":"<p>K\u00f6ln Ba\u015fkonsolosu olarak 2020\u20132024 y\u0131llar\u0131 aras\u0131nda g\u00f6rev yapan Turhan Kaya hakk\u0131nda baz\u0131 bas\u0131n organlar\u0131nda \u00e7\u0131kan, zimmetine para ge\u00e7irdi\u011fi ve bu nedenle memuriyetten \u00e7\u0131kar\u0131ld\u0131\u011f\u0131 y\u00f6n\u00fcndeki iddialara ili\u015fkin kamuoyuna bir a\u00e7\u0131klama yapt\u0131. Kaya, s\u00f6z konusu iddialar\u0131n tamamen as\u0131ls\u0131z ve ger\u00e7ek d\u0131\u015f\u0131 oldu\u011funu belirtti. G\u00f6rev s\u00fcresinin 2024 y\u0131l\u0131nda usul\u00fcne uygun bi\u00e7imde sona erdi\u011fini ifade eden Kaya, 20 y\u0131l\u0131 [&hellip;]<\/p>\n","protected":false},"author":2,"featured_media":682,"comment_status":"open","ping_status":"open","sticky":false,"template":"","format":"standard","meta":{"_crdt_document":"","_jetpack_memberships_contains_paid_content":false,"footnotes":""},"categories":[7],"tags":[],"class_list":["post-681","post","type-post","status-publish","format-standard","has-post-thumbnail","hentry","category-guencel"],"jetpack_featured_media_url":"https:\/\/lokalbakis.de\/wp-content\/uploads\/2025\/05\/Bildschirmfoto-2025-05-18-um-16.20.57-scaled-e1747585638210.png","jetpack_sharing_enabled":true,"_links":{"self":[{"href":"https:\/\/lokalbakis.de\/index.php?rest_route=\/wp\/v2\/posts\/681","targetHints":{"allow":["GET"]}}],"collection":[{"href":"https:\/\/lokalbakis.de\/index.php?rest_route=\/wp\/v2\/posts"}],"about":[{"href":"https:\/\/lokalbakis.de\/index.php?rest_route=\/wp\/v2\/types\/post"}],"author":[{"embeddable":true,"href":"https:\/\/lokalbakis.de\/index.php?rest_route=\/wp\/v2\/users\/2"}],"replies":[{"embeddable":true,"href":"https:\/\/lokalbakis.de\/index.php?rest_route=%2Fwp%2Fv2%2Fcomments&post=681"}],"version-history":[{"count":1,"href":"https:\/\/lokalbakis.de\/index.php?rest_route=\/wp\/v2\/posts\/681\/revisions"}],"predecessor-version":[{"id":683,"href":"https:\/\/lokalbakis.de\/index.php?rest_route=\/wp\/v2\/posts\/681\/revisions\/683"}],"wp:featuredmedia":[{"embeddable":true,"href":"https:\/\/lokalbakis.de\/index.php?rest_route=\/wp\/v2\/media\/682"}],"wp:attachment":[{"href":"https:\/\/lokalbakis.de\/index.php?rest_route=%2Fwp%2Fv2%2Fmedia&parent=681"}],"wp:term":[{"taxonomy":"category","embeddable":true,"href":"https:\/\/lokalbakis.de\/index.php?rest_route=%2Fwp%2Fv2%2Fcategories&post=681"},{"taxonomy":"post_tag","embeddable":true,"href":"https:\/\/lokalbakis.de\/index.php?rest_route=%2Fwp%2Fv2%2Ftags&post=681"}],"curies":[{"name":"wp","href":"https:\/\/api.w.org\/{rel}","templated":true}]}}