{"id":784,"date":"2025-06-10T20:17:57","date_gmt":"2025-06-10T18:17:57","guid":{"rendered":"https:\/\/lokalbakis.de\/?p=784"},"modified":"2025-06-10T20:17:57","modified_gmt":"2025-06-10T18:17:57","slug":"avrupali-lojistik-sirketinden-tuerkiyeye-yatirim","status":"publish","type":"post","link":"https:\/\/lokalbakis.de\/?p=784","title":{"rendered":"Avrupal\u0131 Lojistik \u015eirketinden T\u00fcrkiye&#8217;ye Yat\u0131r\u0131m"},"content":{"rendered":"<div class=\"detay\">\n<p>Avrupa\u2019n\u0131n k\u00f6kl\u00fc lojistik markalar\u0131ndan Raben Group, kesintisiz ve verimli lojistik \u00e7\u00f6z\u00fcmlerini T\u00fcrkiye\u2019de de sunmaya ba\u015flad\u0131. Raben Group B\u00f6lge Direkt\u00f6r\u00fc Bart\u0142omiej \u0141api\u0144ski, T\u00fcrkiye\u2019nin AB, BDT \u00fclkeleri, Orta Do\u011fu ve \u00c7in aras\u0131nda transit ta\u015f\u0131mac\u0131l\u0131k a\u00e7\u0131s\u0131ndan kilit bir lojistik merkezi oldu\u011funa dikkati \u00e7ekti. \u0141api\u0144ski,\u00a0\u201cT\u00fcrkiye\u2019deki varl\u0131\u011f\u0131m\u0131z Avrupal\u0131 m\u00fc\u015fterilerimizin ba\u011flant\u0131lar\u0131n\u0131 g\u00fc\u00e7lendirirken, T\u00fcrkiye\u2019deki m\u00fc\u015fterilerimize de AB s\u0131n\u0131rlar\u0131 d\u00e2hilinde kapsaml\u0131 lojistik hizmetleri sunmam\u0131za olanak sa\u011flayacak.\u201d\u00a0\u00a0dedi.<\/p>\n<p>Orta Koridor\u2019un k\u00fcresel lojistik rotalar\u0131ndaki \u00f6nemi artt\u0131k\u00e7a, d\u00fcnyan\u0131n en b\u00fcy\u00fck lojistik \u015firketlerinin T\u00fcrkiye\u2019ye ilgisi de s\u00fcr\u00fcyor. Avrupa\u2019daki geni\u015fleyen a\u011f\u0131na 17. \u00fclke olarak T\u00fcrkiye\u2019yi de ekleyen Raben Group, k\u0131ta genelinde g\u00fc\u00e7l\u00fc ve ba\u011f\u0131ms\u0131z bir parsiyel ta\u015f\u0131ma a\u011f\u0131 olu\u015fturma kararl\u0131l\u0131\u011f\u0131n\u0131 peki\u015ftirdi. Grup, bu at\u0131l\u0131m\u0131yla kesintisiz ve verimli lojistik \u00e7\u00f6z\u00fcmler sunma yetkinli\u011fini daha da ileri ta\u015f\u0131d\u0131.<\/p>\n<p>Faaliyetine ba\u015flayan \u201cRaben T\u00fcrkiye\u201d, Polonya, \u00c7ekya ve Slovakya\u2019n\u0131n yan\u0131 s\u0131ra Almanya, Hollanda, \u0130talya, Romanya ve Bulgaristan gibi Avrupa\u2019n\u0131n kilit noktalar\u0131na h\u0131zl\u0131 ve g\u00fcvenli hatlarla ula\u015f\u0131yor.<\/p>\n<p>Raben Group\u2019un, \u00f6zellikle T\u00fcrkiye\u2019nin birincil ihracat pazar\u0131 konumundaki Almanya\u2019da 33 noktadan olu\u015fan kendi parsiyel da\u011f\u0131t\u0131m a\u011f\u0131na sahip olmas\u0131, T\u00fcrkiye\u2019deki \u015firketler i\u00e7in b\u00fcy\u00fck \u00f6nem ta\u015f\u0131yor. \u015eirket bu sayede, ithalat ve ihracat\u00e7\u0131lar\u0131n uluslararas\u0131 eri\u015fimlerini geni\u015fletme konusunda \u00f6nemli f\u0131rsatlar sunuyor.<\/p>\n<p>\u201cT\u00fcrkiye \u00f6nemli bir k\u00fcresel lojistik merkez konumunda\u201d<\/p>\n<p>Raben Group B\u00f6lge Direkt\u00f6r\u00fc Bart\u0142omiej \u0141api\u0144ski, yapt\u0131\u011f\u0131 de\u011ferlendirmede, T\u00fcrkiye pazar\u0131na giri\u015flerinin, kendileri i\u00e7in \u00e7ok \u00f6nemli bir ad\u0131m oldu\u011funu vurgulad\u0131. T\u00fcrkiye\u2019nin, Avrupa Birli\u011fi, BDT \u00fclkeleri, Orta Do\u011fu ve \u00c7in aras\u0131nda transit ta\u015f\u0131mac\u0131l\u0131k a\u00e7\u0131s\u0131ndan kilit bir lojistik merkezi konumunda bulundu\u011funa dikkati \u00e7eken \u0141api\u0144ski,\u00a0\u201cT\u00fcrkiye yat\u0131r\u0131m\u0131m\u0131z, Avrupa ve \u00f6tesinde kapsaml\u0131 bir ta\u015f\u0131ma a\u011f\u0131 kurma ve \u00fcst d\u00fczey lojistik hizmetler sunma konusundaki kararl\u0131l\u0131\u011f\u0131m\u0131z\u0131n da g\u00f6stergesi. Bu yat\u0131r\u0131mla yaln\u0131zca a\u011f\u0131m\u0131z\u0131 g\u00fc\u00e7lendirmekle kalm\u0131yor, m\u00fc\u015fterilerimize benzersiz lojistik \u00e7\u00f6z\u00fcmler sunma kapasitemizi de art\u0131r\u0131yoruz. B\u00f6ylece Avrupal\u0131 m\u00fc\u015fterilerimizin ba\u011flant\u0131lar\u0131 g\u00fc\u00e7lenirken, T\u00fcrkiye\u2019deki m\u00fc\u015fterilerimiz de AB s\u0131n\u0131rlar\u0131 d\u00e2hilinde kapsaml\u0131 lojistik hizmetleri alabilecek.\u201d\u00a0 dedi.<\/p>\n<p>T\u00fcrk \u015firketlerine Avrupa\u2019da b\u00fcy\u00fcme imk\u00e2n\u0131 sunacak<\/p>\n<p>Raben T\u00fcrkiye Genel M\u00fcd\u00fcr\u00fc Selman \u00c7oban, Raben Group\u2019un k\u00f6kl\u00fc lojistik uzmanl\u0131\u011f\u0131n\u0131 T\u00fcrkiye\u2019ye ta\u015f\u0131maktan duyduklar\u0131 heyecan\u0131 dile getirdi. \u00c7oban,\u00a0\u201cT\u00fcrk \u015firketlerine Avrupa genelinde yayg\u0131n depolama ve ta\u015f\u0131ma hizmetleri sunarak, kesintisiz ba\u011flant\u0131 ve b\u00fcy\u00fcme f\u0131rsatlar\u0131 sa\u011flayaca\u011f\u0131z.\u201d\u00a0dedi.<\/p>\n<p>T\u00fcrkiye pazar\u0131nda g\u00fc\u00e7l\u00fc b\u00fcy\u00fcme hedefliyor<\/p>\n<p>Raben T\u00fcrkiye, Avrupa genelinde parsiyel ve komple kara yolu ta\u015f\u0131mac\u0131l\u0131\u011f\u0131, deniz ve hava yolu ta\u015f\u0131mac\u0131l\u0131\u011f\u0131 ile depolama \u00e7\u00f6z\u00fcmlerini de i\u00e7eren, kapsaml\u0131 bir yelpazede uluslararas\u0131 lojistik hizmetler veriyor. Ayn\u0131 zamanda m\u00fc\u015fterilerine, sorunsuz bir g\u00fcmr\u00fckleme s\u00fcreci konusunda da destek sa\u011fl\u0131yor.<\/p>\n<p>\u0130stanbul merkezli organizasyon, 20 \u00e7al\u0131\u015fan ve 1.500 palet kapasiteli 2.000 metrekarelik cross-dock deposu ile faaliyet g\u00f6stermeye ba\u015flad\u0131. G\u00fc\u00e7l\u00fc bir b\u00fcy\u00fcme hedefiyle yola \u00e7\u0131kan \u015firket, b\u00f6lge genelinde \u00fcst d\u00fczey lojistik \u00e7\u00f6z\u00fcmler sunma konusundaki kararl\u0131l\u0131\u011f\u0131 do\u011frultusunda, \u00f6n\u00fcm\u00fczdeki y\u0131llarda T\u00fcrkiye\u2019deki operasyonel kapasitesini ve lojistik a\u011f\u0131n\u0131 daha da geni\u015fletecek.<\/p>\n<p>Son teknolojiye sahip dijital \u00e7\u00f6z\u00fcmler<\/p>\n<p>Raben T\u00fcrkiye, ba\u015fta \u201cmyRaben\u201d platformu olmak \u00fczere Raben Group\u2019un en son teknolojiye sahip dijital \u00e7\u00f6z\u00fcmlerini kullan\u0131yor. Bu sistem; sevkiyat ak\u0131\u015flar\u0131n\u0131n tam \u015feffafl\u0131kla izlenebilmesi, ger\u00e7ek zamanl\u0131 g\u00f6nderi takibi, sorunsuz sipari\u015f y\u00f6netimi ve kolay fatura takibi gibi bir\u00e7ok \u00f6zelli\u011fi bar\u0131nd\u0131r\u0131yor. Bu \u00e7\u00f6z\u00fcmler; Raben\u2019in m\u00fc\u015fteri memnuniyetine verdi\u011fi \u00f6nem, finansal g\u00fcc\u00fc ve sa\u011flam kurumsal yap\u0131s\u0131 ile de destekleniyor. \u015eirket b\u00f6ylece m\u00fc\u015fterilerine verimlilik, kontrol ve g\u00fcvenli\u011fi bir arada sunuyor.<\/p>\n<p>Yakla\u015f\u0131k 100 y\u0131ll\u0131k tecr\u00fcbe, 2,2 milyar euroluk ciro<\/p>\n<p>Hollanda merkezli Raben Group, 95 y\u0131l\u0131 a\u015fk\u0131n tecr\u00fcbesiyle kontrat lojisti\u011fi, kara yolu ta\u015f\u0131mac\u0131l\u0131\u011f\u0131, \u0131s\u0131 hassasiyetli \u00fcr\u00fcn ta\u015f\u0131mac\u0131l\u0131\u011f\u0131, intermodal ta\u015f\u0131mac\u0131l\u0131k, deniz ve hava kargo ta\u015f\u0131mac\u0131l\u0131\u011f\u0131 alanlar\u0131nda hizmet veriyor.<\/p>\n<p>\u0130nsan odakl\u0131 ve d\u00fcr\u00fcstl\u00fck temelli i\u015f anlay\u0131\u015f\u0131n\u0131 ilke edinen Grup, 17 Avrupa \u00fclkesinde 170\u2019ten fazla noktada hizmet sunuyor. K\u00fc\u00e7\u00fck bir aile \u015firketi olarak temelleri at\u0131lan marka, 2024 y\u0131l\u0131nda 12.200\u2019\u00fc a\u015fan \u00e7al\u0131\u015fan\u0131yla yakla\u015f\u0131k 2,2 milyar Euro ciroya ula\u015ft\u0131.<\/p>\n<p>2 milyon metrekarelik depolama kapasitesi<\/p>\n<p>Grup, T\u00fcrkiye ile birlikte faaliyet g\u00f6sterdi\u011fi 17 Avrupa \u00fclkesine yay\u0131lm\u0131\u015f yakla\u015f\u0131k 2 milyon metrekarelik kapasitesiyle kapsaml\u0131 depolama hizmetleri de sunuyor.<\/p>\n<p>Raben Group, kapsaml\u0131 lojistik s\u00fcre\u00e7leri y\u00fcr\u00fctmenin yan\u0131nda daha ya\u015fanabilir ve daha ye\u015fil bir d\u00fcnya i\u00e7in de \u00e7ok y\u00f6nl\u00fc \u00e7al\u0131\u015fmalar yap\u0131yor. S\u00fcrd\u00fcr\u00fclebilirlik stratejisini ise sorumlu organizasyon, \u00e7evre koruma ve toplumsal etki olmak \u00fczere \u00fc\u00e7 temel \u00fczerinden y\u00fcr\u00fct\u00fcyor.<\/p>\n<p>&nbsp;<\/p>\n<p>&nbsp;<\/p>\n<p>&nbsp;<\/p>\n<p>Kaynak: (BYZHA) Beyaz Haber Ajans\u0131<\/p>\n<\/div>\n<div class=\"row border-top border-light mt-4 haber-yorum\">\n<div class=\"col m-3 pt-3 pb-2\">\n<div class=\"row\">\n<div class=\"col pb-3 baslik\"><\/div>\n<\/div>\n<\/div>\n<\/div>\n","protected":false},"excerpt":{"rendered":"<p>Avrupa\u2019n\u0131n k\u00f6kl\u00fc lojistik markalar\u0131ndan Raben Group, kesintisiz ve verimli lojistik \u00e7\u00f6z\u00fcmlerini T\u00fcrkiye\u2019de de sunmaya ba\u015flad\u0131. Raben Group B\u00f6lge Direkt\u00f6r\u00fc Bart\u0142omiej \u0141api\u0144ski, T\u00fcrkiye\u2019nin AB, BDT \u00fclkeleri, Orta Do\u011fu ve \u00c7in aras\u0131nda transit ta\u015f\u0131mac\u0131l\u0131k a\u00e7\u0131s\u0131ndan kilit bir lojistik merkezi oldu\u011funa dikkati \u00e7ekti. \u0141api\u0144ski,\u00a0\u201cT\u00fcrkiye\u2019deki varl\u0131\u011f\u0131m\u0131z Avrupal\u0131 m\u00fc\u015fterilerimizin ba\u011flant\u0131lar\u0131n\u0131 g\u00fc\u00e7lendirirken, T\u00fcrkiye\u2019deki m\u00fc\u015fterilerimize de AB s\u0131n\u0131rlar\u0131 d\u00e2hilinde kapsaml\u0131 lojistik hizmetleri [&hellip;]<\/p>\n","protected":false},"author":1,"featured_media":785,"comment_status":"open","ping_status":"open","sticky":false,"template":"","format":"standard","meta":{"_crdt_document":"","_jetpack_memberships_contains_paid_content":false,"footnotes":""},"categories":[17],"tags":[],"class_list":["post-784","post","type-post","status-publish","format-standard","has-post-thumbnail","hentry","category-is-duenyasi"],"jetpack_featured_media_url":"https:\/\/lokalbakis.de\/wp-content\/uploads\/2025\/06\/Raben.jpg","jetpack_sharing_enabled":true,"_links":{"self":[{"href":"https:\/\/lokalbakis.de\/index.php?rest_route=\/wp\/v2\/posts\/784","targetHints":{"allow":["GET"]}}],"collection":[{"href":"https:\/\/lokalbakis.de\/index.php?rest_route=\/wp\/v2\/posts"}],"about":[{"href":"https:\/\/lokalbakis.de\/index.php?rest_route=\/wp\/v2\/types\/post"}],"author":[{"embeddable":true,"href":"https:\/\/lokalbakis.de\/index.php?rest_route=\/wp\/v2\/users\/1"}],"replies":[{"embeddable":true,"href":"https:\/\/lokalbakis.de\/index.php?rest_route=%2Fwp%2Fv2%2Fcomments&post=784"}],"version-history":[{"count":1,"href":"https:\/\/lokalbakis.de\/index.php?rest_route=\/wp\/v2\/posts\/784\/revisions"}],"predecessor-version":[{"id":786,"href":"https:\/\/lokalbakis.de\/index.php?rest_route=\/wp\/v2\/posts\/784\/revisions\/786"}],"wp:featuredmedia":[{"embeddable":true,"href":"https:\/\/lokalbakis.de\/index.php?rest_route=\/wp\/v2\/media\/785"}],"wp:attachment":[{"href":"https:\/\/lokalbakis.de\/index.php?rest_route=%2Fwp%2Fv2%2Fmedia&parent=784"}],"wp:term":[{"taxonomy":"category","embeddable":true,"href":"https:\/\/lokalbakis.de\/index.php?rest_route=%2Fwp%2Fv2%2Fcategories&post=784"},{"taxonomy":"post_tag","embeddable":true,"href":"https:\/\/lokalbakis.de\/index.php?rest_route=%2Fwp%2Fv2%2Ftags&post=784"}],"curies":[{"name":"wp","href":"https:\/\/api.w.org\/{rel}","templated":true}]}}