{"id":840,"date":"2025-07-19T20:03:53","date_gmt":"2025-07-19T18:03:53","guid":{"rendered":"https:\/\/lokalbakis.de\/?p=840"},"modified":"2025-07-19T20:03:53","modified_gmt":"2025-07-19T18:03:53","slug":"kirklarelinin-helal-sofra-icecegi-rumeli-hardaliyesi-yeme-icme-mekanlarinda-ve-market-raflarinda","status":"publish","type":"post","link":"https:\/\/lokalbakis.de\/?p=840","title":{"rendered":"K\u0131rklareli\u2019nin helal sofra i\u00e7ece\u011fi \u2018Rumeli Hardaliyesi\u2019 yeme-i\u00e7me mekanlar\u0131nda ve market raflar\u0131nda"},"content":{"rendered":"<p>Osmanl\u0131&#8217;n\u0131n, 500 y\u0131ll\u0131k &#8222;Saltanat Sofralar\u0131 \u0130\u00e7ece\u011fi&#8220; RUMEL\u0130 HARDAL\u0130YE&#8217;sini tatmak ve geleneksel y\u00f6ntemlerle, bug\u00fcn nas\u0131l \u00fcretildi\u011fini g\u00f6rmek i\u00e7in: Ge\u00e7en hafta LEZZETHAN karde\u015fim Burak Duvak ile KIRKLAREL\u0130&#8217;ne konuk olduk. Tarihi yap\u0131lar\u0131n\u0131, ba\u011flar\u0131n\u0131, bah\u00e7elerini gezdik. \u00dcnl\u00fc K\u00f6fteci ve Kahvalt\u0131c\u0131lar\u0131nda; Enfes Et ve S\u00fct \u00dcr\u00fcnleri tatt\u0131k. &#8222;Lezzete Odakl\u0131&#8220; Yerel Y\u00f6neticiler ve E\u011fitimcilerle tan\u0131\u015ft\u0131k.<\/p>\n<p><img loading=\"lazy\" decoding=\"async\" class=\" wp-image-842 aligncenter\" src=\"https:\/\/lokalbakis.de\/wp-content\/uploads\/2025\/07\/m-a-n-4-300x196.jpg\" alt=\"\" width=\"853\" height=\"557\" srcset=\"https:\/\/lokalbakis.de\/wp-content\/uploads\/2025\/07\/m-a-n-4-300x196.jpg 300w, https:\/\/lokalbakis.de\/wp-content\/uploads\/2025\/07\/m-a-n-4-1024x669.jpg 1024w, https:\/\/lokalbakis.de\/wp-content\/uploads\/2025\/07\/m-a-n-4-768x501.jpg 768w, https:\/\/lokalbakis.de\/wp-content\/uploads\/2025\/07\/m-a-n-4.jpg 1357w\" sizes=\"auto, (max-width: 853px) 100vw, 853px\" \/><\/p>\n<div class=\"detay\">\n<p>RUMEL\u0130 HARDAL\u0130YES\u0130&#8217;nin Anadolu Distrib\u00fct\u00f6r\u00fc, LEZZETHAN karde\u015fim Burak Duvak ile Kartal Anadolu Adliyesi i\u00e7indeki &#8222;Lezzet Mekan\u0131nda&#8220; bulu\u015ftuk ve bu &#8222;Lezzet Yolculu\u011funa&#8220; \u00e7\u0131kt\u0131k.<br \/>\nK\u0131rklareli Ticaret Borsas\u0131 Ba\u015fkan\u0131 Turhan Alt\u0131ntel ile Ba\u015fkan Yard\u0131mc\u0131s\u0131 Hikmet Y\u0131ld\u0131r\u0131m taraf\u0131ndan kar\u015f\u0131land\u0131k ve a\u011f\u0131rland\u0131k.<br \/>\nKendilerine te\u015fekk\u00fcr ediyor, ba\u015far\u0131l\u0131 \u00e7al\u0131\u015fma ve hizmetlerinin devam\u0131n\u0131 diliyoruz.<\/p>\n<p><strong>RUMEL\u0130 HARDAL\u0130YES\u0130 KIRKLAREL\u0130 LEZZET MEKANLARININ SOFRA ve RAFLARINDA!<\/strong><\/p>\n<p>K\u0131rklareli&#8217;nde bu iki g\u00fcnde neler mi yapt\u0131k?<\/p>\n<p>\u0130lk olarak, hep birlikte; 1960&#8217;da Hac\u0131 Osman Ke\u00e7eli taraf\u0131ndan kurulan, bug\u00fcn o\u011flu \u0130smail Ke\u00e7eli ve e\u015fi taraf\u0131ndan i\u015fletilen K\u00d6FTEC\u0130 \u0130SMA\u0130L&#8217;de el yap\u0131m\u0131 Geleneksel K\u00f6fteleri, piyazlar\u0131 ve harika yo\u011furtlar\u0131 ile siftah\u0131 yapt\u0131k.<\/p>\n<p><img decoding=\"async\" src=\"https:\/\/ittifakgazetesicom.teimg.com\/ittifakgazetesi-com\/uploads\/2025\/07\/vasfi-hardaliye\/m-a-n-6.jpeg\" alt=\"M A N 6\" \/><\/p>\n<p>Sonras\u0131nda, Belediye Ba\u015fkan Yard\u0131mc\u0131s\u0131 K\u00fcr\u015fat Yamaner&#8217;in konu\u011fu olduk. K\u0131rklareli lezzetleri ve tan\u0131t\u0131m\u0131 konusundaki d\u00fc\u015f\u00fcnce ve eylemlerini \u00f6\u011frendik. Ba\u015fkan Derya Bulut ve kendilerine, ba\u015far\u0131lar diledik.<\/p>\n<p><strong>RUMEL\u0130 HARDAL\u0130YES\u0130 &#8220; EV ve ALKOLS\u00dcZ MEKANLARIN&#8220; \u0130DEAL SOFRA \u0130\u00c7ECE\u011e\u0130 OLUP, &#8222;BUZLA&#8220; DE\u011e\u0130L, &#8222;SO\u011eUK&#8220; \u0130\u00c7\u0130L\u0130R!<\/strong><\/p>\n<p>G\u00fcn\u00fcn ak\u015fam\u0131nda ise, RUMEL\u0130 HARDAL\u0130YE Gn. Md. \u00c7a\u011fatay Y\u0131ld\u0131r\u0131m ile bir \u015fehir turu yapt\u0131k, kentin tarihi k\u00f6\u015felerini gezdik. Restaurant ve Cafeleri ile \u00fcnl\u00fc semtinde, ak\u015fam \u00e7aylar\u0131m\u0131z\u0131 i\u00e7tik. Ertesi g\u00fcn i\u00e7in, Fabrika ve Ba\u011f Gezisine davet edildik.<\/p>\n<p><img decoding=\"async\" src=\"https:\/\/ittifakgazetesicom.teimg.com\/ittifakgazetesi-com\/uploads\/2025\/07\/vasfi-hardaliye\/m-a-n-7.jpeg\" alt=\"M A N 7\" \/><\/p>\n<p>Kahvalt\u0131l\u0131k \u00dcr\u00fcnlerinin Lezzetlerine doyamad\u0131\u011f\u0131m\u0131z &#8222;Dokuz H\u00f6y\u00fckl\u00fc Kahvalt\u0131 Market&#8217;te, 2 sabah kahvalt\u0131s\u0131n\u0131: Sevgili karde\u015fimiz Mustafa Bilik&#8217;in, bizim i\u00e7in se\u00e7ti\u011fi Peynir \u00e7e\u015fitleri, zeytinler ve \u00e7i\u011f yenilebilen \u00f6zel Pehlivan Sucu\u011fu ile yapt\u0131k.<\/p>\n<p><img decoding=\"async\" src=\"https:\/\/ittifakgazetesicom.teimg.com\/ittifakgazetesi-com\/uploads\/2025\/07\/vasfi-hardaliye\/m-a-n-8.jpeg\" alt=\"M A N 8\" \/><\/p>\n<p>K\u0131rklareli Organize Sanayi B\u00f6lgesindeki RUMEL\u0130 HARDAL\u0130YE Fabrikas\u0131nda, Hikmet Y\u0131ld\u0131r\u0131m ve O\u011fullar\u0131ndan kurulu\u015fun mazisi ile ilgili bilgiler ald\u0131k, yeni hedeflerini \u00f6\u011frendik.<\/p>\n<p><img decoding=\"async\" src=\"https:\/\/ittifakgazetesicom.teimg.com\/ittifakgazetesi-com\/uploads\/2025\/07\/vasfi-hardaliye\/m-a-n-9.jpeg\" alt=\"M A N 9\" \/><\/p>\n<p>1996&#8217;da, \u00dcz\u00fcm \u00dcreticileri Derne\u011fi olarak kurulan, bilahare A.\u015e.&#8217;ye d\u00f6n\u00fc\u015ft\u00fcr\u00fclen ve yerel boyutta Hardaliye \u00fcretimi, y\u0131ll\u0131k 50 ton olan kurulu\u015fu: 2019 da, devr alarak, ciddi bir yat\u0131r\u0131mla bu g\u00fcnk\u00fc konumuna getiren, y\u0131ll\u0131k \u00fcretim kapasitesini, 200 ton&#8217;a \u00e7\u0131karan Hikmet Y\u0131ld\u0131r\u0131m, o\u011fullar\u0131 \u00c7a\u011fatay ve \u00c7a\u011fr\u0131 Y\u0131ld\u0131r\u0131m &#8222;RUMEL\u0130 HARDAL\u0130YES\u0130&#8220; Markas\u0131n\u0131 tescil ettirerek, yurt i\u00e7i ve d\u0131\u015f\u0131 pazarlarda, &#8222;Sa\u011fl\u0131kl\u0131 ve Helal \u0130\u00e7ecek&#8220; olarak dikkat \u00e7ektiler, talep yaratt\u0131lar.<\/p>\n<p><img decoding=\"async\" src=\"https:\/\/ittifakgazetesicom.teimg.com\/ittifakgazetesi-com\/uploads\/2025\/07\/vasfi-hardaliye\/m-a-n-10.jpeg\" alt=\"M A N 10\" \/><\/p>\n<p>Kendilerinin de bilfiil \u00e7al\u0131\u015ft\u0131\u011f\u0131 1500 m2 a\u00e7\u0131k alan ve 500 m2 kapal\u0131 alana sahip 2 katl\u0131 Fabrika Binas\u0131ndan, i\u00e7 ve d\u0131\u015f pazarlardaki sat\u0131\u015f ve da\u011f\u0131t\u0131m sistemleri i\u015fletilmektedir.<\/p>\n<p><img decoding=\"async\" src=\"https:\/\/ittifakgazetesicom.teimg.com\/ittifakgazetesi-com\/uploads\/2025\/07\/vasfi-hardaliye\/m-a-n-11.jpeg\" alt=\"M A N 11\" \/><\/p>\n<p>Sohbetimiz esnas\u0131nda: &#8222;Ba\u011flar\u0131m\u0131z\u0131n, a\u011f\u0131rl\u0131kla Cabarnet Sauvignon, Merlot, \u015eiraz, Alfonse, Sauvignon Blanc ve yerli Papaz Karas\u0131 \u00fcz\u00fcmlerinin kullan\u0131larak, \u00fcretilen 0 Alkoll\u00fc ve Helal Sertifikal\u0131, sa\u011fl\u0131kl\u0131 \u00fcz\u00fcm sular\u0131, \u00e7ocuklar\u0131n dahi rahatl\u0131kla t\u00fcketebilece\u011fi, enerji veren \u00f6zellikler i\u00e7ermekte olup, Kupaj K\u0131rm\u0131z\u0131 &#8222;CLASS\u0130C&#8220;, Cabarnet Sauvignon &#8222;RED&#8220;, Sauvignon Blanc &#8222;GOLD&#8220; ve bu iki \u00fcz\u00fcm Kupaj\u0131ndan olu\u015fan &#8222;ROSE&#8220; olarak 4 de\u011fi\u015fik Lezzette de\u011ferlendirilmekte, 200 ve 700 ml&#8217;lik \u015fi\u015felerde pazarlanmaktad\u0131r&#8220; diyen \u00c7a\u011fatay Y\u0131ld\u0131r\u0131m, LEZZET HAREKET\u0130\u2019ne yapt\u0131\u011f\u0131 a\u00e7\u0131klamalar\u0131na devamla, &#8222;Her y\u0131l Eyl\u00fcl ay\u0131nda yapt\u0131\u011f\u0131m\u0131z Ba\u011f Bozumu Hasat\u0131ndan sonra, \u00f6zel yap\u0131m Sap Ay\u0131rma ve Tane Patlatma Makinam\u0131zdan \u00e7\u0131kan patlam\u0131\u015f \u00fcz\u00fcmleri, tanklar\u0131m\u0131za dolduruyoruz.<br \/>\nAkabinde, bizzat Rakipsiz Form\u00fcl\u00fcm\u00fcz gere\u011fi: (\u00d6\u011f\u00fct\u00fclm\u00fc\u015f Hardal Tohumlar\u0131n\u0131 ve Vi\u015fne Yapraklar\u0131n\u0131) tanklar\u0131m\u0131z\u0131n \u00fcst\u00fcndeki kapaktan i\u00e7ine at\u0131yorum.<br \/>\nBu form\u00fclle, hem \u00fcz\u00fcm suyu alkol \u00fcretememekte, hem de ula\u015f\u0131lamayan RUMEL\u0130 HARDAL\u0130YES\u0130 Lezzeti, s\u00fcrekli k\u0131l\u0131nabilmekte.<br \/>\n\u00dcr\u00fcnlerimiz, tanklarda 25 g\u00fcnde olgunla\u015fmakta, laboratuvar incelemeleri yap\u0131l\u0131p, ALKOLS\u00dcZ Raporu al\u0131nd\u0131ktan sonra, otomatik makinalar\u0131m\u0131zda \u015fi\u015feleniyor, etiketleniyor, kolilere yerle\u015ftiriliyor ve da\u011f\u0131t\u0131ma sevk ediliyor&#8220; dedi.<\/p>\n<p><img decoding=\"async\" src=\"https:\/\/ittifakgazetesicom.teimg.com\/ittifakgazetesi-com\/uploads\/2025\/07\/vasfi-hardaliye\/m-a-n-12.jpeg\" alt=\"M A N 12\" \/><\/p>\n<p>Kurulu\u015f, bu y\u0131l yepyeni, sa\u011fl\u0131kl\u0131 ve \u00e7ok iddial\u0131 bir \u00fcr\u00fcn\u00fcn\u00fc daha piyasaya s\u00fcrmeye haz\u0131rlan\u0131yor.<br \/>\n&#8222;G\u0131da Takviyesi&#8220; mahiyetindeki, bu \u00fcr\u00fcn %100 yerli ve do\u011fal olup, y\u00fcksek &#8222;Antioksidan&#8220; i\u00e7eren Cabarnet Sauvignon \u00dcz\u00fcmlerinin, olgunla\u015fma tank\u0131 dibinde kalan &#8222;\u00c7ekirdek ve Kabuklar\u0131n\u0131n&#8220; s\u0131k\u0131l\u0131p, \u00f6zellikle g\u00fcre\u015fte kurutulup, \u00f6\u011f\u00fct\u00fclerek toz haline getirilmesiyle elde edilmekte ve y\u00fcksek miktarda &#8222;RESVERATROL QERSET\u0130N&#8220; i\u00e7ermektedir.<br \/>\nRumeli Hardaliye A.\u015e. elde etti\u011fi bu malzemeyi; &#8222;Aksu Vital&#8220; Tesislerinde, Bitkisel Kaps\u00fcllere doldurup, 60 adetlik \u015fi\u015felerde ENOANT KAPS\u00dcL olarak ihtiya\u00e7 sahiplerinin kullan\u0131m\u0131na sunacak.<br \/>\n&#8222;Resveratrol Qersetin&#8220; nedir ? diyecek olursan\u0131z:<br \/>\n&#8222;Antioksidan, Antienflamatuar ve Antibakteriyel&#8220; \u00f6zellikleri ile, insan v\u00fccudunda \u00e7evre ko\u015fullar\u0131 ve beslenme yanl\u0131\u015fl\u0131klar\u0131 dolay\u0131s\u0131yla olu\u015fan negatif unsurlara kar\u015f\u0131; Ba\u011f\u0131\u015f\u0131kl\u0131\u011f\u0131 y\u00fckselten, iltihaplar\u0131 azaltan, mikroplar\u0131 k\u0131ran, faydalar\u0131n\u0131n yan\u0131 s\u0131ra kalp hastal\u0131\u011f\u0131ndan koruyucu, kan bas\u0131nc\u0131n\u0131 dengeleyici, kolesterol seviyesini d\u00fc\u015f\u00fcr\u00fcc\u00fc \u00f6zelliklere de, sahip bulunmakta oldu\u011fu ifade edilmektedir.<br \/>\nB\u00f6ylesi yararl\u0131 ve Helal Belgeli \u00e7al\u0131\u015fmalarla, i\u015ftigal eden Y\u0131ld\u0131r\u0131m ailesinin k\u00f6k\u00fc: 1955 y\u0131l\u0131nda Makedonya&#8217;dan gelen, b\u00fcy\u00fck dedeleri sobac\u0131 Bayram usta&#8217;ya dayanmakta, usta&#8217;n\u0131n 4 erkek ve 3 k\u0131z \u00e7ocu\u011fundan, Ahmet&#8217;in de 4 o\u011flu ve 1 k\u0131z\u0131 olmu\u015f, onun da o\u011flu olan Hikmet Y\u0131ld\u0131r\u0131m, \u00e7al\u0131\u015fma hayat\u0131na in\u015faat i\u015fleri ile ba\u015flam\u0131\u015f, yeti\u015fen 2 o\u011flu ile Gastronomi Sekt\u00f6r\u00fcne; Sa\u011fl\u0131kl\u0131 ve dini a\u00e7\u0131dan da makbul, ge\u00e7mi\u015fimizin faydal\u0131, ancak unutulan lezzetlerini, g\u00fcn\u00fcm\u00fcze ta\u015f\u0131yan RUMEL\u0130 HARDAL\u0130YES\u0130 \u00e7e\u015fitleri ile girmi\u015ftir.<\/p>\n<p><img decoding=\"async\" src=\"https:\/\/ittifakgazetesicom.teimg.com\/ittifakgazetesi-com\/uploads\/2025\/07\/vasfi-hardaliye\/m-a-n-13.jpeg\" alt=\"M A N 13\" \/><\/p>\n<p>Kendisini ve Y\u0131ld\u0131r\u0131m Ailesini kutlad\u0131ktan sonra, \u00fcz\u00fcmlerinin hen\u00fcz &#8222;Koruk&#8220; oldu\u011fu ba\u011flar\u0131n\u0131 da gezdik.<\/p>\n<p><strong>RUMEL\u0130 HARDAL\u0130YES\u0130, GASTRONOM\u0130 E\u011e\u0130T\u0130M\u0130N\u0130N &#8222;M\u0130KSOLOJ\u0130 DERSLER\u0130NDE&#8220; KULLANILAB\u0130L\u0130R!<\/strong><\/p>\n<p>Akabinde, K\u0131rklareli&#8217;nin modern, \u015f\u0131k ve b\u00fcy\u00fck K\u00f6fte ve Et \u00dcr\u00fcnleri Restaurant\u0131na gittik.<\/p>\n<p><img decoding=\"async\" src=\"https:\/\/ittifakgazetesicom.teimg.com\/ittifakgazetesi-com\/uploads\/2025\/07\/vasfi-hardaliye\/m-a-n-14.jpeg\" alt=\"M A N 14\" \/><\/p>\n<p>Dekorasyonu, \u00fcnl\u00fc Mimar Serkan \u00c7izmeci taraf\u0131ndan yap\u0131lan Olcay ve Oktay Ayan karde\u015flerin, AYAN KARDE\u015eLER K\u00d6FTEC\u0130S\u0130NDE K\u00f6ftelerimizi, bu sefer profesyonellerin elinden yedik.<\/p>\n<p><img decoding=\"async\" src=\"https:\/\/ittifakgazetesicom.teimg.com\/ittifakgazetesi-com\/uploads\/2025\/07\/vasfi-hardaliye\/m-a-n-15.jpeg\" alt=\"M A N 15\" \/><\/p>\n<p>Hep birlikte, KIRKLAREL\u0130 \u00dcN\u0130VERS\u0130TES\u0130 Rekt\u00f6r\u00fc Prof. Dr. Rengin Ak han\u0131mefendiyi ziyaret ettik.<\/p>\n<p><img decoding=\"async\" src=\"https:\/\/ittifakgazetesicom.teimg.com\/ittifakgazetesi-com\/uploads\/2025\/07\/vasfi-hardaliye\/m-a-n-16.jpeg\" alt=\"M A N 16\" \/><\/p>\n<p>Kendisini LEZZETHANLAR aras\u0131na ald\u0131k. \u00dcnversitenin Gastronomi B\u00f6l\u00fcm\u00fcn\u00fc tan\u0131d\u0131k, \u00f6\u011frencileri ile bu konulardaki d\u00fc\u015f\u00fcncelerini dinledik, LDF olarak yan\u0131nda olmaya s\u00f6z verdik.<\/p>\n<p><strong>RUMEL\u0130 HARDAL\u0130YES\u0130 D\u00dcNYA TANITIMI \u0130\u00c7\u0130N: BU YILIN &#8222;ANUGA FUARI HELAL MARKET&#8220; RAFLARINI TAVS\u0130YE ETT\u0130M!<\/strong><\/p>\n<p>Son ziyareti ise: KIRKLAREL\u0130 T\u0130CARET BORSASINA yapt\u0131k.<\/p>\n<p><img decoding=\"async\" src=\"https:\/\/ittifakgazetesicom.teimg.com\/ittifakgazetesi-com\/uploads\/2025\/07\/vasfi-hardaliye\/m-a-n-17.jpeg\" alt=\"M A N 17\" \/><\/p>\n<p>Co\u011frafi i\u015faretli ve \u00f6nemli Gastronomik \u00dcr\u00fcnleri: Hardaliye ba\u015fta olmak \u00fczere, Ay \u00c7ekirde\u011fi, Kiraz ve di\u011fer meyvelerin yan\u0131nda, Et ve S\u00fct \u00fcr\u00fcnlerindeki &#8222;\u00dcst\u00fcn Lezzet&#8220; hakk\u0131nda \u00e7arp\u0131c\u0131 bilgiler ald\u0131k.<\/p>\n<p><img decoding=\"async\" src=\"https:\/\/ittifakgazetesicom.teimg.com\/ittifakgazetesi-com\/uploads\/2025\/07\/vasfi-hardaliye\/m-a-n-18.jpeg\" alt=\"M A N 18\" \/><\/p>\n<p>Bu arada helal \u00fcr\u00fcnlere ra\u011fbetin artt\u0131\u011f\u0131 Avrupa \u00fclkelerinde distrib\u00fct\u00f6rler arayan kurulu\u015fun y\u00f6netimine, Berlin&#8217;deki \u00fcnl\u00fc T\u00fcrk sommelier Ahmet Tosun&#8217;un, Rumeli Hardaliyesi \u00f6vg\u00fcleri nedeniyle, bu y\u0131l Ekim ay\u0131nda, Almanya&#8217;n\u0131n K\u00f6ln kentinde yap\u0131lacak olan d\u00fcnyan\u0131n en b\u00fcy\u00fck G\u0131da Fuar\u0131 ANUGA FOOD gibi, bir b\u00fcy\u00fck \u015fans\u0131 de\u011ferlendirmelerini tavsiye ettim.<br \/>\nBenim de bir gazeteci ve LDF Ba\u015fkan\u0131 olarak kat\u0131laca\u011f\u0131m, ANUGA FUARI i\u00e7inde kurulan: &#8222;ANUGA HELAL MARKET&#8220; Stand\u0131nda, HARDAL\u0130YE \u00e7e\u015fitlerini ve ENOANT G\u0131da Takviyesi \u00fcr\u00fcnlerini sergilemelerini \u00f6nerdim. Almanya, Avrupa ve hatta d\u00fcnya al\u0131c\u0131lar\u0131yla, burada tan\u0131\u015fabileceklerini hat\u0131rlatt\u0131m.<\/p>\n<p><img decoding=\"async\" src=\"https:\/\/ittifakgazetesicom.teimg.com\/ittifakgazetesi-com\/uploads\/2025\/07\/vasfi-hardaliye\/m-a-n-19.jpeg\" alt=\"M A N 19\" \/><\/p>\n<div><\/div>\n<p>Ayr\u0131ca; Borsa Y\u00f6netiminin, 5-8 Aral\u0131k g\u00fcnleri d\u00fczenleyece\u011fi KIRKLAREL\u0130 TARIM ve HAYVANCILIK FUARINDA bulu\u015fmak \u00fczere s\u00f6zle\u015ftik ve \u0130stanbul&#8217;a d\u00f6n\u00fc\u015f yolculu\u011fumuza \u00e7\u0131kt\u0131k.<\/p>\n<p>Vasfi Pakman<\/p>\n<\/div>\n","protected":false},"excerpt":{"rendered":"<p>Osmanl\u0131&#8217;n\u0131n, 500 y\u0131ll\u0131k &#8222;Saltanat Sofralar\u0131 \u0130\u00e7ece\u011fi&#8220; RUMEL\u0130 HARDAL\u0130YE&#8217;sini tatmak ve geleneksel y\u00f6ntemlerle, bug\u00fcn nas\u0131l \u00fcretildi\u011fini g\u00f6rmek i\u00e7in: Ge\u00e7en hafta LEZZETHAN karde\u015fim Burak Duvak ile KIRKLAREL\u0130&#8217;ne konuk olduk. Tarihi yap\u0131lar\u0131n\u0131, ba\u011flar\u0131n\u0131, bah\u00e7elerini gezdik. \u00dcnl\u00fc K\u00f6fteci ve Kahvalt\u0131c\u0131lar\u0131nda; Enfes Et ve S\u00fct \u00dcr\u00fcnleri tatt\u0131k. &#8222;Lezzete Odakl\u0131&#8220; Yerel Y\u00f6neticiler ve E\u011fitimcilerle tan\u0131\u015ft\u0131k. RUMEL\u0130 HARDAL\u0130YES\u0130&#8217;nin Anadolu Distrib\u00fct\u00f6r\u00fc, LEZZETHAN karde\u015fim [&hellip;]<\/p>\n","protected":false},"author":2,"featured_media":841,"comment_status":"open","ping_status":"open","sticky":false,"template":"","format":"standard","meta":{"_crdt_document":"","_jetpack_memberships_contains_paid_content":false,"footnotes":""},"categories":[16],"tags":[],"class_list":["post-840","post","type-post","status-publish","format-standard","has-post-thumbnail","hentry","category-konuk-yazarlar"],"jetpack_featured_media_url":"https:\/\/lokalbakis.de\/wp-content\/uploads\/2025\/07\/m-a-n-1.jpg","jetpack_sharing_enabled":true,"_links":{"self":[{"href":"https:\/\/lokalbakis.de\/index.php?rest_route=\/wp\/v2\/posts\/840","targetHints":{"allow":["GET"]}}],"collection":[{"href":"https:\/\/lokalbakis.de\/index.php?rest_route=\/wp\/v2\/posts"}],"about":[{"href":"https:\/\/lokalbakis.de\/index.php?rest_route=\/wp\/v2\/types\/post"}],"author":[{"embeddable":true,"href":"https:\/\/lokalbakis.de\/index.php?rest_route=\/wp\/v2\/users\/2"}],"replies":[{"embeddable":true,"href":"https:\/\/lokalbakis.de\/index.php?rest_route=%2Fwp%2Fv2%2Fcomments&post=840"}],"version-history":[{"count":1,"href":"https:\/\/lokalbakis.de\/index.php?rest_route=\/wp\/v2\/posts\/840\/revisions"}],"predecessor-version":[{"id":843,"href":"https:\/\/lokalbakis.de\/index.php?rest_route=\/wp\/v2\/posts\/840\/revisions\/843"}],"wp:featuredmedia":[{"embeddable":true,"href":"https:\/\/lokalbakis.de\/index.php?rest_route=\/wp\/v2\/media\/841"}],"wp:attachment":[{"href":"https:\/\/lokalbakis.de\/index.php?rest_route=%2Fwp%2Fv2%2Fmedia&parent=840"}],"wp:term":[{"taxonomy":"category","embeddable":true,"href":"https:\/\/lokalbakis.de\/index.php?rest_route=%2Fwp%2Fv2%2Fcategories&post=840"},{"taxonomy":"post_tag","embeddable":true,"href":"https:\/\/lokalbakis.de\/index.php?rest_route=%2Fwp%2Fv2%2Ftags&post=840"}],"curies":[{"name":"wp","href":"https:\/\/api.w.org\/{rel}","templated":true}]}}